
{"id":9503,"date":"2016-11-25T15:39:09","date_gmt":"2016-11-25T21:39:09","guid":{"rendered":"http:\/\/www.farmtocafeteriacanada.ca\/fr\/?p=9503"},"modified":"2020-08-03T10:37:33","modified_gmt":"2020-08-03T15:37:33","slug":"lecole-forest-grove-elementary-en-colombie-britannique-figure-parmi-les-gagnants-du-mois-de-la-ferme-a-lecole-canada-2016","status":"publish","type":"post","link":"https:\/\/www.farmtocafeteriacanada.ca\/fr\/2016\/11\/lecole-forest-grove-elementary-en-colombie-britannique-figure-parmi-les-gagnants-du-mois-de-la-ferme-a-lecole-canada-2016\/","title":{"rendered":"L\u2019\u00e9cole Forest Grove Elementary, en Colombie-Britannique, figure parmi les gagnants du Mois De la ferme \u00e0 l\u2019\u00e9cole Canada 2016!"},"content":{"rendered":"<h4 class=\"p1\" style=\"text-align: center;\"><span class=\"s1\">L\u2019\u00e9cole Forest Grove Elementary <\/span><span class=\"s2\">a gagn<\/span><span class=\"s1\">\u00e9<\/span><span class=\"s2\"> la subvention visant <\/span><span class=\"s1\">\u00e0\u00a0:<br \/>\n<\/span><span style=\"color: #008080;\"><strong><span class=\"s1\">cr\u00e9er des liens entre les \u00e9l\u00e8ves et les producteurs d\u2019aliments locaux comme les agriculteurs, les jardiniers, les chefs, les boulangers, les fromagers, etc.<br \/>\n<\/span><\/strong><\/span>Une valeur de 1\u00a0500 $<\/h4>\n<h6 class=\"p1\" style=\"text-align: center;\"><em><span class=\"s1\">F\u00e9licitations!<\/span><\/em><\/h6>\n<h6 class=\"p1\"><strong><span class=\"s1\">Voici son histoire du Mois De la ferme \u00e0 l\u2019\u00e9cole\u00a0:<\/span><\/strong><\/h6>\n<figure id=\"attachment_8925\" aria-describedby=\"caption-attachment-8925\" style=\"width: 980px\" class=\"wp-caption aligncenter\"><img loading=\"lazy\" decoding=\"async\" class=\"wp-image-8925 size-large\" src=\"http:\/\/www.farmtocafeteriacanada.ca\/wp-content\/uploads\/2016\/10\/DSC_6298-1024x684.jpg\" alt=\"School Community. Forest Grove Elementary, BC.\" width=\"980\" height=\"655\" srcset=\"https:\/\/www.farmtocafeteriacanada.ca\/wp-content\/uploads\/2016\/10\/DSC_6298-1024x684.jpg 1024w, https:\/\/www.farmtocafeteriacanada.ca\/wp-content\/uploads\/2016\/10\/DSC_6298-300x200.jpg 300w, https:\/\/www.farmtocafeteriacanada.ca\/wp-content\/uploads\/2016\/10\/DSC_6298-768x513.jpg 768w\" sizes=\"auto, (max-width: 980px) 100vw, 980px\" \/><figcaption id=\"caption-attachment-8925\" class=\"wp-caption-text\">School Community. Forest Grove Elementary, Colombie-Britannique<\/figcaption><\/figure>\n<p class=\"p1\"><span class=\"s1\"><strong>Du 3 au 7 octobre 2016, les \u00e9l\u00e8ves de l\u2019\u00e9cole Forest Grove Elementary ont particip\u00e9 \u00e0 plusieurs exp\u00e9riences \u00ab\u00a0de la graine \u00e0 la table\u00a0\u00bb.<\/strong> Entre autres, ceux de la maternelle et de la 1<\/span><span class=\"s2\"><sup>re<\/sup><\/span><span class=\"s1\">\u00a0ann\u00e9e ont visit\u00e9 leur jardin comestible et d\u00e9couvert tous les l\u00e9gumes qui y seraient r\u00e9colt\u00e9s en pr\u00e9vision de la rencontre communautaire du 7\u00a0octobre. Ils ont explor\u00e9 les tomatilles qui serviraient \u00e0 la vente de salsa et l\u2019ail qui agr\u00e9menterait les p\u00e2tes aux tomates servies le midi. Ils ont appris \u00e0 conserver des graines de carottes, de soucis des jardins et de tournesols. Ils ont aussi\u00a0<\/span><span class=\"s1\">d\u00e9couvert\u00a0<\/span><span class=\"s1\">tous les l\u00e9gumes-feuilles qui composeraient la salade servie le midi lors de la rencontre communautaire du 7\u00a0octobre.<\/span><\/p>\n<p class=\"p1\"><span class=\"s1\">Cinq classes de niveau interm\u00e9diaire ont particip\u00e9 \u00e0 des cours de cuisine mettant en valeur les divers l\u00e9gumes r\u00e9colt\u00e9s en saison, dans le jardin ou dans les environs. Il y a notamment eu un cours de pr\u00e9paration et de mise en conserve de salsa (ail et tomatilles); un cours de pr\u00e9paration de plats d\u2019accompagnement (l\u00e9gumes-feuilles d\u2019hiver, choux de Bruxelles, potage aux carottes avec pesto aux carottes et pain plat \u00e0 l\u2019ail r\u00f4ti et au romarin); et un cours de cuisine mandarine avec l\u00e9gumes en saison (saut\u00e9 au bok choy et salade de chou \u00e0 l\u2019asiatique).<\/span><\/p>\n<p class=\"p1\"><span class=\"s1\">\u00c0 la suite de ces cours, une vingtaine d\u2019\u00e9l\u00e8ves ayant fait preuve de responsabilit\u00e9, d\u2019engagement, de leadership et d\u2019aptitude \u00e0 cuisiner ont \u00e9t\u00e9 choisis pour participer \u00e0 la pr\u00e9paration du d\u00eener chaud offert gratuitement \u00e0 tous les \u00e9l\u00e8ves de l\u2019\u00e9cole le vendredi 7 octobre 2016. Ces \u00e9l\u00e8ves ont aid\u00e9 \u00e0 peler l\u2019ail, \u00e0 hacher les oignons et le basilic, \u00e0 pr\u00e9parer la sauce tomate et \u00e0 r\u00e2per le fromage. Les tomates et les deux sacs d\u2019ail utilis\u00e9s dans la sauce avaient \u00e9t\u00e9 cueillis dans le jardin durant l\u2019\u00e9t\u00e9 (les tomates avaient \u00e9t\u00e9 congel\u00e9es). Un groupe d\u2019\u00e9l\u00e8ves a \u00e9t\u00e9 charg\u00e9 de r\u00e9colter les l\u00e9gumes-feuilles pour la salade et de pr\u00e9parer la vinaigrette. Les \u00e9l\u00e8ves ont aussi aid\u00e9 \u00e0 servir deux tabl\u00e9es compos\u00e9es des 300 jeunes de l\u2019\u00e9cole rassembl\u00e9s pour partager ce repas sp\u00e9cial. \u00c0 la fin de l\u2019activit\u00e9, des membres du club des jardiniers qui avaient estim\u00e9 le nombre de plants de tomatilles n\u00e9cessaire se sont r\u00e9unis pour pr\u00e9parer et mettre en conserve la salsa qui fut par la suite vendue \u00e0 la communaut\u00e9 scolaire.<\/span><\/p>\n<p class=\"p1\"><span class=\"s1\">Toutes les activit\u00e9s de la semaine ont \u00e9t\u00e9 couronn\u00e9es de succ\u00e8s gr\u00e2ce \u00e0 la contribution de Sprouting Chefs [un organisme communautaire ayant re\u00e7u des fonds de Metropolis (Metrotown)], \u00e0 un don de Whole Foods ainsi qu\u2019aux p\u00e2tes et aux tomates en conserve offertes par la charcuterie Ciolfi. Durant la semaine, l\u2019animatrice de Sprouting Chefs, Barb McMahon, en compagnie de di\u00e9t\u00e9tistes de l\u2019USF et de la r\u00e9gie de sant\u00e9 Fraser Health, avait donn\u00e9 des cours sur les bienfaits sur la sant\u00e9 des principaux ingr\u00e9dients.<\/span><\/p>\n","protected":false},"excerpt":{"rendered":"<p>L\u2019\u00e9cole Forest Grove Elementary a gagn\u00e9 la subvention visant \u00e0\u00a0: cr\u00e9er des liens entre les \u00e9l\u00e8ves et les producteurs d\u2019aliments locaux comme les agriculteurs, les jardiniers, les chefs, les boulangers, les fromagers, etc. Une valeur de 1\u00a0500 $ F\u00e9licitations! Voici son histoire du Mois De la ferme \u00e0 l\u2019\u00e9cole\u00a0: Du 3 au 7 octobre 2016, [&hellip;]<\/p>\n","protected":false},"author":3,"featured_media":19757,"comment_status":"open","ping_status":"open","sticky":false,"template":"","format":"standard","meta":{"_acf_changed":false,"_exactmetrics_skip_tracking":false,"_exactmetrics_sitenote_active":false,"_exactmetrics_sitenote_note":"","_exactmetrics_sitenote_category":0,"footnotes":""},"categories":[78,155,29,191],"tags":[327,66,322,321,339,344,333,323],"class_list":["post-9503","post","type-post","status-publish","format-standard","has-post-thumbnail","hentry","category-de_la_ferme_a_lecole","category-des-nouvelles-du-reseau","category-francais","category-stories_from_the_field-fr","tag-apprentissage-pratique","tag-colombie-britannique","tag-cuisiner","tag-cultiver","tag-ecole-primaire-m-a-6","tag-histoire","tag-liens-avec-la-communaute","tag-manger"],"acf":[],"yoast_head":"<!-- This site is optimized with the Yoast SEO plugin v26.7 - https:\/\/yoast.com\/wordpress\/plugins\/seo\/ -->\n<title>L\u2019\u00e9cole Forest Grove Elementary, en Colombie-Britannique, figure parmi les gagnants du Mois De la ferme \u00e0 l\u2019\u00e9cole Canada 2016! - Farm to Cafeteria Canada<\/title>\n<meta name=\"robots\" content=\"index, follow, max-snippet:-1, max-image-preview:large, max-video-preview:-1\" \/>\n<link rel=\"canonical\" href=\"https:\/\/www.farmtocafeteriacanada.ca\/2016\/11\/forest-grove-elementary-bc-is-a-farm-to-school-month-canada-2016-winner\/\" \/>\n<meta property=\"og:locale\" content=\"fr_FR\" \/>\n<meta property=\"og:type\" content=\"article\" \/>\n<meta property=\"og:title\" content=\"L\u2019\u00e9cole Forest Grove Elementary, en Colombie-Britannique, figure parmi les gagnants du Mois De la ferme \u00e0 l\u2019\u00e9cole Canada 2016! - Farm to Cafeteria Canada\" \/>\n<meta property=\"og:description\" content=\"L\u2019\u00e9cole Forest Grove Elementary a gagn\u00e9 la subvention visant \u00e0\u00a0: cr\u00e9er des liens entre les \u00e9l\u00e8ves et les producteurs d\u2019aliments locaux comme les agriculteurs, les jardiniers, les chefs, les boulangers, les fromagers, etc. Une valeur de 1\u00a0500 $ F\u00e9licitations! Voici son histoire du Mois De la ferme \u00e0 l\u2019\u00e9cole\u00a0: Du 3 au 7 octobre 2016, [&hellip;]\" \/>\n<meta property=\"og:url\" content=\"https:\/\/www.farmtocafeteriacanada.ca\/2016\/11\/forest-grove-elementary-bc-is-a-farm-to-school-month-canada-2016-winner\/\" \/>\n<meta property=\"og:site_name\" content=\"Farm to Cafeteria Canada\" \/>\n<meta property=\"article:publisher\" content=\"https:\/\/www.facebook.com\/groups\/FarmtocafeteriaCanada\/\" \/>\n<meta property=\"article:published_time\" content=\"2016-11-25T21:39:09+00:00\" \/>\n<meta property=\"article:modified_time\" content=\"2020-08-03T15:37:33+00:00\" \/>\n<meta property=\"og:image\" content=\"https:\/\/www.farmtocafeteriacanada.ca\/wp-content\/uploads\/2016\/10\/DSC_6147.jpg\" \/>\n\t<meta property=\"og:image:width\" content=\"6016\" \/>\n\t<meta property=\"og:image:height\" content=\"4016\" \/>\n\t<meta property=\"og:image:type\" content=\"image\/jpeg\" \/>\n<meta name=\"author\" content=\"F2CC admin\" \/>\n<meta name=\"twitter:card\" content=\"summary_large_image\" \/>\n<meta name=\"twitter:creator\" content=\"@Farm2Cafeteria\" \/>\n<meta name=\"twitter:site\" content=\"@Farm2Cafeteria\" \/>\n<meta name=\"twitter:label1\" content=\"\u00c9crit par\" \/>\n\t<meta name=\"twitter:data1\" content=\"F2CC admin\" \/>\n\t<meta name=\"twitter:label2\" content=\"Dur\u00e9e de lecture estim\u00e9e\" \/>\n\t<meta name=\"twitter:data2\" content=\"3 minutes\" \/>\n<script type=\"application\/ld+json\" class=\"yoast-schema-graph\">{\"@context\":\"https:\/\/schema.org\",\"@graph\":[{\"@type\":\"Article\",\"@id\":\"https:\/\/www.farmtocafeteriacanada.ca\/2016\/11\/forest-grove-elementary-bc-is-a-farm-to-school-month-canada-2016-winner\/#article\",\"isPartOf\":{\"@id\":\"https:\/\/www.farmtocafeteriacanada.ca\/2016\/11\/forest-grove-elementary-bc-is-a-farm-to-school-month-canada-2016-winner\/\"},\"author\":{\"name\":\"F2CC admin\",\"@id\":\"https:\/\/www.farmtocafeteriacanada.ca\/#\/schema\/person\/03c2a359a7f0c99b895e08c1e7056708\"},\"headline\":\"L\u2019\u00e9cole Forest Grove Elementary, en Colombie-Britannique, figure parmi les gagnants du Mois De la ferme \u00e0 l\u2019\u00e9cole Canada 2016!\",\"datePublished\":\"2016-11-25T21:39:09+00:00\",\"dateModified\":\"2020-08-03T15:37:33+00:00\",\"mainEntityOfPage\":{\"@id\":\"https:\/\/www.farmtocafeteriacanada.ca\/2016\/11\/forest-grove-elementary-bc-is-a-farm-to-school-month-canada-2016-winner\/\"},\"wordCount\":597,\"commentCount\":0,\"publisher\":{\"@id\":\"https:\/\/www.farmtocafeteriacanada.ca\/#organization\"},\"image\":{\"@id\":\"https:\/\/www.farmtocafeteriacanada.ca\/2016\/11\/forest-grove-elementary-bc-is-a-farm-to-school-month-canada-2016-winner\/#primaryimage\"},\"thumbnailUrl\":\"https:\/\/www.farmtocafeteriacanada.ca\/wp-content\/uploads\/2016\/10\/DSC_6147.jpg\",\"keywords\":[\"Apprentissage pratique\",\"Colombie-Britannique\",\"Cuisiner\",\"Cultiver\",\"\u00c9cole primaire (M \u00e0 6)\",\"Histoire\",\"Liens avec la communaut\u00e9\",\"Manger\"],\"articleSection\":[\"De la ferme \u00e0 l\u2019\u00e9cole\",\"Des nouvelles du r\u00e9seau\",\"Fran\u00e7ais\",\"Stories from the field\"],\"inLanguage\":\"fr-FR\",\"potentialAction\":[{\"@type\":\"CommentAction\",\"name\":\"Comment\",\"target\":[\"https:\/\/www.farmtocafeteriacanada.ca\/2016\/11\/forest-grove-elementary-bc-is-a-farm-to-school-month-canada-2016-winner\/#respond\"]}]},{\"@type\":\"WebPage\",\"@id\":\"https:\/\/www.farmtocafeteriacanada.ca\/2016\/11\/forest-grove-elementary-bc-is-a-farm-to-school-month-canada-2016-winner\/\",\"url\":\"https:\/\/www.farmtocafeteriacanada.ca\/2016\/11\/forest-grove-elementary-bc-is-a-farm-to-school-month-canada-2016-winner\/\",\"name\":\"L\u2019\u00e9cole Forest Grove Elementary, en Colombie-Britannique, figure parmi les gagnants du Mois De la ferme \u00e0 l\u2019\u00e9cole Canada 2016! - Farm to Cafeteria Canada\",\"isPartOf\":{\"@id\":\"https:\/\/www.farmtocafeteriacanada.ca\/#website\"},\"primaryImageOfPage\":{\"@id\":\"https:\/\/www.farmtocafeteriacanada.ca\/2016\/11\/forest-grove-elementary-bc-is-a-farm-to-school-month-canada-2016-winner\/#primaryimage\"},\"image\":{\"@id\":\"https:\/\/www.farmtocafeteriacanada.ca\/2016\/11\/forest-grove-elementary-bc-is-a-farm-to-school-month-canada-2016-winner\/#primaryimage\"},\"thumbnailUrl\":\"https:\/\/www.farmtocafeteriacanada.ca\/wp-content\/uploads\/2016\/10\/DSC_6147.jpg\",\"datePublished\":\"2016-11-25T21:39:09+00:00\",\"dateModified\":\"2020-08-03T15:37:33+00:00\",\"breadcrumb\":{\"@id\":\"https:\/\/www.farmtocafeteriacanada.ca\/2016\/11\/forest-grove-elementary-bc-is-a-farm-to-school-month-canada-2016-winner\/#breadcrumb\"},\"inLanguage\":\"fr-FR\",\"potentialAction\":[{\"@type\":\"ReadAction\",\"target\":[\"https:\/\/www.farmtocafeteriacanada.ca\/2016\/11\/forest-grove-elementary-bc-is-a-farm-to-school-month-canada-2016-winner\/\"]}]},{\"@type\":\"ImageObject\",\"inLanguage\":\"fr-FR\",\"@id\":\"https:\/\/www.farmtocafeteriacanada.ca\/2016\/11\/forest-grove-elementary-bc-is-a-farm-to-school-month-canada-2016-winner\/#primaryimage\",\"url\":\"https:\/\/www.farmtocafeteriacanada.ca\/wp-content\/uploads\/2016\/10\/DSC_6147.jpg\",\"contentUrl\":\"https:\/\/www.farmtocafeteriacanada.ca\/wp-content\/uploads\/2016\/10\/DSC_6147.jpg\",\"width\":6016,\"height\":4016,\"caption\":\"Clare, Emily, Sarah, Casey, Mia. Forest Grove Elementary Students, BC.\"},{\"@type\":\"BreadcrumbList\",\"@id\":\"https:\/\/www.farmtocafeteriacanada.ca\/2016\/11\/forest-grove-elementary-bc-is-a-farm-to-school-month-canada-2016-winner\/#breadcrumb\",\"itemListElement\":[{\"@type\":\"ListItem\",\"position\":1,\"name\":\"Home\",\"item\":\"https:\/\/www.farmtocafeteriacanada.ca\/fr\/accueil\/\"},{\"@type\":\"ListItem\",\"position\":2,\"name\":\"L\u2019\u00e9cole Forest Grove Elementary, en Colombie-Britannique, figure parmi les gagnants du Mois De la ferme \u00e0 l\u2019\u00e9cole Canada 2016!\"}]},{\"@type\":\"WebSite\",\"@id\":\"https:\/\/www.farmtocafeteriacanada.ca\/#website\",\"url\":\"https:\/\/www.farmtocafeteriacanada.ca\/\",\"name\":\"Farm to Cafeteria Canada\",\"description\":\"\",\"publisher\":{\"@id\":\"https:\/\/www.farmtocafeteriacanada.ca\/#organization\"},\"potentialAction\":[{\"@type\":\"SearchAction\",\"target\":{\"@type\":\"EntryPoint\",\"urlTemplate\":\"https:\/\/www.farmtocafeteriacanada.ca\/?s={search_term_string}\"},\"query-input\":{\"@type\":\"PropertyValueSpecification\",\"valueRequired\":true,\"valueName\":\"search_term_string\"}}],\"inLanguage\":\"fr-FR\"},{\"@type\":\"Organization\",\"@id\":\"https:\/\/www.farmtocafeteriacanada.ca\/#organization\",\"name\":\"Farm to Cafeteria Canada\",\"url\":\"https:\/\/www.farmtocafeteriacanada.ca\/\",\"logo\":{\"@type\":\"ImageObject\",\"inLanguage\":\"fr-FR\",\"@id\":\"https:\/\/www.farmtocafeteriacanada.ca\/#\/schema\/logo\/image\/\",\"url\":\"http:\/\/www.farmtocafeteriacanada.ca\/wp-content\/uploads\/2015\/03\/f2cc_logo_en2.png\",\"contentUrl\":\"http:\/\/www.farmtocafeteriacanada.ca\/wp-content\/uploads\/2015\/03\/f2cc_logo_en2.png\",\"width\":3000,\"height\":476,\"caption\":\"Farm to Cafeteria Canada\"},\"image\":{\"@id\":\"https:\/\/www.farmtocafeteriacanada.ca\/#\/schema\/logo\/image\/\"},\"sameAs\":[\"https:\/\/www.facebook.com\/groups\/FarmtocafeteriaCanada\/\",\"https:\/\/x.com\/Farm2Cafeteria\",\"https:\/\/www.youtube.com\/channel\/UCQjcYiICtAygShD3IwNsewQ\"]},{\"@type\":\"Person\",\"@id\":\"https:\/\/www.farmtocafeteriacanada.ca\/#\/schema\/person\/03c2a359a7f0c99b895e08c1e7056708\",\"name\":\"F2CC admin\",\"image\":{\"@type\":\"ImageObject\",\"inLanguage\":\"fr-FR\",\"@id\":\"https:\/\/www.farmtocafeteriacanada.ca\/#\/schema\/person\/image\/\",\"url\":\"https:\/\/secure.gravatar.com\/avatar\/c1ddaee9a55673d852314381577bb8198996fbef53c8e2320536bf543b7712b4?s=96&d=mm&r=g\",\"contentUrl\":\"https:\/\/secure.gravatar.com\/avatar\/c1ddaee9a55673d852314381577bb8198996fbef53c8e2320536bf543b7712b4?s=96&d=mm&r=g\",\"caption\":\"F2CC admin\"},\"url\":\"https:\/\/www.farmtocafeteriacanada.ca\/fr\/author\/tracey\/\"}]}<\/script>\n<!-- \/ Yoast SEO plugin. -->","yoast_head_json":{"title":"L\u2019\u00e9cole Forest Grove Elementary, en Colombie-Britannique, figure parmi les gagnants du Mois De la ferme \u00e0 l\u2019\u00e9cole Canada 2016! - Farm to Cafeteria Canada","robots":{"index":"index","follow":"follow","max-snippet":"max-snippet:-1","max-image-preview":"max-image-preview:large","max-video-preview":"max-video-preview:-1"},"canonical":"https:\/\/www.farmtocafeteriacanada.ca\/2016\/11\/forest-grove-elementary-bc-is-a-farm-to-school-month-canada-2016-winner\/","og_locale":"fr_FR","og_type":"article","og_title":"L\u2019\u00e9cole Forest Grove Elementary, en Colombie-Britannique, figure parmi les gagnants du Mois De la ferme \u00e0 l\u2019\u00e9cole Canada 2016! - Farm to Cafeteria Canada","og_description":"L\u2019\u00e9cole Forest Grove Elementary a gagn\u00e9 la subvention visant \u00e0\u00a0: cr\u00e9er des liens entre les \u00e9l\u00e8ves et les producteurs d\u2019aliments locaux comme les agriculteurs, les jardiniers, les chefs, les boulangers, les fromagers, etc. Une valeur de 1\u00a0500 $ F\u00e9licitations! Voici son histoire du Mois De la ferme \u00e0 l\u2019\u00e9cole\u00a0: Du 3 au 7 octobre 2016, [&hellip;]","og_url":"https:\/\/www.farmtocafeteriacanada.ca\/2016\/11\/forest-grove-elementary-bc-is-a-farm-to-school-month-canada-2016-winner\/","og_site_name":"Farm to Cafeteria Canada","article_publisher":"https:\/\/www.facebook.com\/groups\/FarmtocafeteriaCanada\/","article_published_time":"2016-11-25T21:39:09+00:00","article_modified_time":"2020-08-03T15:37:33+00:00","og_image":[{"width":6016,"height":4016,"url":"https:\/\/www.farmtocafeteriacanada.ca\/wp-content\/uploads\/2016\/10\/DSC_6147.jpg","type":"image\/jpeg"}],"author":"F2CC admin","twitter_card":"summary_large_image","twitter_creator":"@Farm2Cafeteria","twitter_site":"@Farm2Cafeteria","twitter_misc":{"\u00c9crit par":"F2CC admin","Dur\u00e9e de lecture estim\u00e9e":"3 minutes"},"schema":{"@context":"https:\/\/schema.org","@graph":[{"@type":"Article","@id":"https:\/\/www.farmtocafeteriacanada.ca\/2016\/11\/forest-grove-elementary-bc-is-a-farm-to-school-month-canada-2016-winner\/#article","isPartOf":{"@id":"https:\/\/www.farmtocafeteriacanada.ca\/2016\/11\/forest-grove-elementary-bc-is-a-farm-to-school-month-canada-2016-winner\/"},"author":{"name":"F2CC admin","@id":"https:\/\/www.farmtocafeteriacanada.ca\/#\/schema\/person\/03c2a359a7f0c99b895e08c1e7056708"},"headline":"L\u2019\u00e9cole Forest Grove Elementary, en Colombie-Britannique, figure parmi les gagnants du Mois De la ferme \u00e0 l\u2019\u00e9cole Canada 2016!","datePublished":"2016-11-25T21:39:09+00:00","dateModified":"2020-08-03T15:37:33+00:00","mainEntityOfPage":{"@id":"https:\/\/www.farmtocafeteriacanada.ca\/2016\/11\/forest-grove-elementary-bc-is-a-farm-to-school-month-canada-2016-winner\/"},"wordCount":597,"commentCount":0,"publisher":{"@id":"https:\/\/www.farmtocafeteriacanada.ca\/#organization"},"image":{"@id":"https:\/\/www.farmtocafeteriacanada.ca\/2016\/11\/forest-grove-elementary-bc-is-a-farm-to-school-month-canada-2016-winner\/#primaryimage"},"thumbnailUrl":"https:\/\/www.farmtocafeteriacanada.ca\/wp-content\/uploads\/2016\/10\/DSC_6147.jpg","keywords":["Apprentissage pratique","Colombie-Britannique","Cuisiner","Cultiver","\u00c9cole primaire (M \u00e0 6)","Histoire","Liens avec la communaut\u00e9","Manger"],"articleSection":["De la ferme \u00e0 l\u2019\u00e9cole","Des nouvelles du r\u00e9seau","Fran\u00e7ais","Stories from the field"],"inLanguage":"fr-FR","potentialAction":[{"@type":"CommentAction","name":"Comment","target":["https:\/\/www.farmtocafeteriacanada.ca\/2016\/11\/forest-grove-elementary-bc-is-a-farm-to-school-month-canada-2016-winner\/#respond"]}]},{"@type":"WebPage","@id":"https:\/\/www.farmtocafeteriacanada.ca\/2016\/11\/forest-grove-elementary-bc-is-a-farm-to-school-month-canada-2016-winner\/","url":"https:\/\/www.farmtocafeteriacanada.ca\/2016\/11\/forest-grove-elementary-bc-is-a-farm-to-school-month-canada-2016-winner\/","name":"L\u2019\u00e9cole Forest Grove Elementary, en Colombie-Britannique, figure parmi les gagnants du Mois De la ferme \u00e0 l\u2019\u00e9cole Canada 2016! - Farm to Cafeteria Canada","isPartOf":{"@id":"https:\/\/www.farmtocafeteriacanada.ca\/#website"},"primaryImageOfPage":{"@id":"https:\/\/www.farmtocafeteriacanada.ca\/2016\/11\/forest-grove-elementary-bc-is-a-farm-to-school-month-canada-2016-winner\/#primaryimage"},"image":{"@id":"https:\/\/www.farmtocafeteriacanada.ca\/2016\/11\/forest-grove-elementary-bc-is-a-farm-to-school-month-canada-2016-winner\/#primaryimage"},"thumbnailUrl":"https:\/\/www.farmtocafeteriacanada.ca\/wp-content\/uploads\/2016\/10\/DSC_6147.jpg","datePublished":"2016-11-25T21:39:09+00:00","dateModified":"2020-08-03T15:37:33+00:00","breadcrumb":{"@id":"https:\/\/www.farmtocafeteriacanada.ca\/2016\/11\/forest-grove-elementary-bc-is-a-farm-to-school-month-canada-2016-winner\/#breadcrumb"},"inLanguage":"fr-FR","potentialAction":[{"@type":"ReadAction","target":["https:\/\/www.farmtocafeteriacanada.ca\/2016\/11\/forest-grove-elementary-bc-is-a-farm-to-school-month-canada-2016-winner\/"]}]},{"@type":"ImageObject","inLanguage":"fr-FR","@id":"https:\/\/www.farmtocafeteriacanada.ca\/2016\/11\/forest-grove-elementary-bc-is-a-farm-to-school-month-canada-2016-winner\/#primaryimage","url":"https:\/\/www.farmtocafeteriacanada.ca\/wp-content\/uploads\/2016\/10\/DSC_6147.jpg","contentUrl":"https:\/\/www.farmtocafeteriacanada.ca\/wp-content\/uploads\/2016\/10\/DSC_6147.jpg","width":6016,"height":4016,"caption":"Clare, Emily, Sarah, Casey, Mia. Forest Grove Elementary Students, BC."},{"@type":"BreadcrumbList","@id":"https:\/\/www.farmtocafeteriacanada.ca\/2016\/11\/forest-grove-elementary-bc-is-a-farm-to-school-month-canada-2016-winner\/#breadcrumb","itemListElement":[{"@type":"ListItem","position":1,"name":"Home","item":"https:\/\/www.farmtocafeteriacanada.ca\/fr\/accueil\/"},{"@type":"ListItem","position":2,"name":"L\u2019\u00e9cole Forest Grove Elementary, en Colombie-Britannique, figure parmi les gagnants du Mois De la ferme \u00e0 l\u2019\u00e9cole Canada 2016!"}]},{"@type":"WebSite","@id":"https:\/\/www.farmtocafeteriacanada.ca\/#website","url":"https:\/\/www.farmtocafeteriacanada.ca\/","name":"Farm to Cafeteria Canada","description":"","publisher":{"@id":"https:\/\/www.farmtocafeteriacanada.ca\/#organization"},"potentialAction":[{"@type":"SearchAction","target":{"@type":"EntryPoint","urlTemplate":"https:\/\/www.farmtocafeteriacanada.ca\/?s={search_term_string}"},"query-input":{"@type":"PropertyValueSpecification","valueRequired":true,"valueName":"search_term_string"}}],"inLanguage":"fr-FR"},{"@type":"Organization","@id":"https:\/\/www.farmtocafeteriacanada.ca\/#organization","name":"Farm to Cafeteria Canada","url":"https:\/\/www.farmtocafeteriacanada.ca\/","logo":{"@type":"ImageObject","inLanguage":"fr-FR","@id":"https:\/\/www.farmtocafeteriacanada.ca\/#\/schema\/logo\/image\/","url":"http:\/\/www.farmtocafeteriacanada.ca\/wp-content\/uploads\/2015\/03\/f2cc_logo_en2.png","contentUrl":"http:\/\/www.farmtocafeteriacanada.ca\/wp-content\/uploads\/2015\/03\/f2cc_logo_en2.png","width":3000,"height":476,"caption":"Farm to Cafeteria Canada"},"image":{"@id":"https:\/\/www.farmtocafeteriacanada.ca\/#\/schema\/logo\/image\/"},"sameAs":["https:\/\/www.facebook.com\/groups\/FarmtocafeteriaCanada\/","https:\/\/x.com\/Farm2Cafeteria","https:\/\/www.youtube.com\/channel\/UCQjcYiICtAygShD3IwNsewQ"]},{"@type":"Person","@id":"https:\/\/www.farmtocafeteriacanada.ca\/#\/schema\/person\/03c2a359a7f0c99b895e08c1e7056708","name":"F2CC admin","image":{"@type":"ImageObject","inLanguage":"fr-FR","@id":"https:\/\/www.farmtocafeteriacanada.ca\/#\/schema\/person\/image\/","url":"https:\/\/secure.gravatar.com\/avatar\/c1ddaee9a55673d852314381577bb8198996fbef53c8e2320536bf543b7712b4?s=96&d=mm&r=g","contentUrl":"https:\/\/secure.gravatar.com\/avatar\/c1ddaee9a55673d852314381577bb8198996fbef53c8e2320536bf543b7712b4?s=96&d=mm&r=g","caption":"F2CC admin"},"url":"https:\/\/www.farmtocafeteriacanada.ca\/fr\/author\/tracey\/"}]}},"_links":{"self":[{"href":"https:\/\/www.farmtocafeteriacanada.ca\/fr\/wp-json\/wp\/v2\/posts\/9503","targetHints":{"allow":["GET"]}}],"collection":[{"href":"https:\/\/www.farmtocafeteriacanada.ca\/fr\/wp-json\/wp\/v2\/posts"}],"about":[{"href":"https:\/\/www.farmtocafeteriacanada.ca\/fr\/wp-json\/wp\/v2\/types\/post"}],"author":[{"embeddable":true,"href":"https:\/\/www.farmtocafeteriacanada.ca\/fr\/wp-json\/wp\/v2\/users\/3"}],"replies":[{"embeddable":true,"href":"https:\/\/www.farmtocafeteriacanada.ca\/fr\/wp-json\/wp\/v2\/comments?post=9503"}],"version-history":[{"count":4,"href":"https:\/\/www.farmtocafeteriacanada.ca\/fr\/wp-json\/wp\/v2\/posts\/9503\/revisions"}],"predecessor-version":[{"id":20357,"href":"https:\/\/www.farmtocafeteriacanada.ca\/fr\/wp-json\/wp\/v2\/posts\/9503\/revisions\/20357"}],"wp:featuredmedia":[{"embeddable":true,"href":"https:\/\/www.farmtocafeteriacanada.ca\/fr\/wp-json\/wp\/v2\/media\/19757"}],"wp:attachment":[{"href":"https:\/\/www.farmtocafeteriacanada.ca\/fr\/wp-json\/wp\/v2\/media?parent=9503"}],"wp:term":[{"taxonomy":"category","embeddable":true,"href":"https:\/\/www.farmtocafeteriacanada.ca\/fr\/wp-json\/wp\/v2\/categories?post=9503"},{"taxonomy":"post_tag","embeddable":true,"href":"https:\/\/www.farmtocafeteriacanada.ca\/fr\/wp-json\/wp\/v2\/tags?post=9503"}],"curies":[{"name":"wp","href":"https:\/\/api.w.org\/{rel}","templated":true}]}}