
{"id":9004,"date":"2016-10-21T09:25:13","date_gmt":"2016-10-21T14:25:13","guid":{"rendered":"http:\/\/www.farmtocafeteriacanada.ca\/fr\/?p=9004"},"modified":"2020-08-08T10:12:31","modified_gmt":"2020-08-08T15:12:31","slug":"une-soupe-cultivee-par-des-eleves","status":"publish","type":"post","link":"https:\/\/www.farmtocafeteriacanada.ca\/fr\/2016\/10\/une-soupe-cultivee-par-des-eleves\/","title":{"rendered":"Une soupe \u00ab\u00a0cultiv\u00e9e\u00a0\u00bb par des \u00e9l\u00e8ves"},"content":{"rendered":"<h4 class=\"p1\"><span class=\"s1\">La CBC diffuse un reportage sur une cour d\u2019\u00e9cole comestible \u00e0 Calgary<\/span><\/h4>\n<p class=\"p1\"><span class=\"s1\"><strong>Ils pr\u00e9parent leur soupe \u00e0 partir des l\u00e9gumes qu\u2019ils ont eux-m\u00eames cultiv\u00e9s.\u00a0<\/strong><\/span><span class=\"s1\">Une \u00e9quipe de la CBC s\u2019est rendue \u00e0 l\u2019\u00e9cole Altadore, \u00e0 Calgary, durant le Mois De la ferme \u00e0 l\u2019\u00e9cole pour filmer la toute premi\u00e8re cour d\u2019\u00e9cole comestible de grande envergure dans cette ville. Le jardin biologique et \u00e9cologique se trouve sur un terrain scolaire public de 1 000 m\u00e8tres carr\u00e9s, r\u00e9unit 32 jardiniers communautaires et permet le jardinage complet, de la graine \u00e0 la fourchette, dans des bacs sur\u00e9lev\u00e9s, pour 16 classes. On y trouve \u00e9galement des aires communes, dont un grand potager de bienfaisance, des platebandes de petits fruits, un verger, des spirales aromatiques, des jardins \u00e0 pollinisateurs, des jardins de vivaces comestibles, un jardin-for\u00eat mod\u00e8le et deux salles de classe en plein air.<\/span><\/p>\n<p class=\"p1\"><span class=\"s1\">\u00ab Nous touchons presque \u00e0 la fin de notre premi\u00e8re saison de culture et d\u2019apprentissages incroyables. Nous nous rapprochons aussi de notre objectif qui consiste \u00e0 devenir un carrefour accessible, interg\u00e9n\u00e9rationnel et communautaire pour l\u2019enseignement pratique, la localisation et la gestion environnementale, ainsi qu\u2019un mod\u00e8le pouvant \u00eatre reproduit dans toutes les \u00e9coles et collectivit\u00e9s calgariennes et albertaines \u00bb, indique la responsable de la cour d\u2019\u00e9cole comestible, Andrea Toth.<\/span><\/p>\n<p class=\"p1\"><span class=\"s1\">Le jardin de l\u2019\u00e9cole Altadore a \u00e9tabli un bilan impressionnant au cours des six derniers mois : 402 \u00e9l\u00e8ves ont plant\u00e9, cultiv\u00e9 et mang\u00e9 des fruits et l\u00e9gumes frais; 21 enseignants ont approfondi leurs connaissances; une centaine de b\u00e9n\u00e9voles ont consacr\u00e9 des milliers d\u2019heures \u00e0 l\u2019intendance du jardin; 62 jardiniers communautaires et leurs familles ont appris et se sont investis dans le projet; plus de 275 kg d\u2019aliments ont \u00e9t\u00e9 donn\u00e9s \u00e0 des organismes de bienfaisance; quelque 275 visiteurs de tout \u00e2ge se sont divertis; et deux \u00e9tablissements scolaires locaux ont b\u00e9n\u00e9fici\u00e9 d\u2019un mentorat pour lancer des initiatives semblables.<\/span><\/p>\n<p class=\"p1\"><span class=\"s1\">Pour c\u00e9l\u00e9brer la premi\u00e8re r\u00e9colte et l\u2019ouverture officielle de la cour de r\u00e9cr\u00e9ation comestible, l\u2019\u00e9cole a invit\u00e9 les bailleurs de fonds, jardiniers, b\u00e9n\u00e9voles et membres de l\u2019\u00e9cole et de la communaut\u00e9 \u00e0 participer \u00e0 un festival des r\u00e9coltes le 13 octobre pour casser la cro\u00fbte ensemble.<\/span><\/p>\n<p class=\"p1\"><span class=\"s1\">\u00ab Nous avons servi plus de 600 bols de soupe de l\u00e9gumes du jardin, une recette que nos \u00e9l\u00e8ves de 6e ann\u00e9e avaient \u00e9tudi\u00e9e et choisie. La rencontre a permis de faire mieux conna\u00eetre les volets \u00e9ducatif, \u00e9cologique et environnemental du jardin tout en recueillant des fonds pour une \u0153uvre de bienfaisance de la r\u00e9gion \u00bb, explique Mme Toth.<\/span><\/p>\n<p class=\"p1\"><strong><span class=\"s1\">CLIQUEZ ICI POUR VOIR LE REPORTAGE DE LA CBC\u00a0:<\/span><\/strong><\/p>\n<p>www.cbc.ca\/i\/caffeine\/syndicate\/?mediaId=785681987936<\/p>\n<p>&nbsp;<\/p>\n","protected":false},"excerpt":{"rendered":"<p>La CBC diffuse un reportage sur une cour d\u2019\u00e9cole comestible \u00e0 Calgary Ils pr\u00e9parent leur soupe \u00e0 partir des l\u00e9gumes qu\u2019ils ont eux-m\u00eames cultiv\u00e9s.\u00a0Une \u00e9quipe de la CBC s\u2019est rendue \u00e0 l\u2019\u00e9cole Altadore, \u00e0 Calgary, durant le Mois De la ferme \u00e0 l\u2019\u00e9cole pour filmer la toute premi\u00e8re cour d\u2019\u00e9cole comestible de grande envergure dans [&hellip;]<\/p>\n","protected":false},"author":3,"featured_media":19765,"comment_status":"open","ping_status":"open","sticky":false,"template":"","format":"standard","meta":{"_acf_changed":false,"_exactmetrics_skip_tracking":false,"_exactmetrics_sitenote_active":false,"_exactmetrics_sitenote_note":"","_exactmetrics_sitenote_category":0,"footnotes":""},"categories":[106,78,155,29,191,195],"tags":[187,344,26],"class_list":["post-9004","post","type-post","status-publish","format-standard","has-post-thumbnail","hentry","category-actualites","category-de_la_ferme_a_lecole","category-des-nouvelles-du-reseau","category-francais","category-stories_from_the_field-fr","category-video","tag-alberta-fr","tag-histoire","tag-video-fr"],"acf":[],"yoast_head":"<!-- This site is optimized with the Yoast SEO plugin v26.7 - https:\/\/yoast.com\/wordpress\/plugins\/seo\/ -->\n<title>Une soupe \u00ab\u00a0cultiv\u00e9e\u00a0\u00bb par des \u00e9l\u00e8ves - Farm to Cafeteria Canada<\/title>\n<meta name=\"robots\" content=\"index, follow, max-snippet:-1, max-image-preview:large, max-video-preview:-1\" \/>\n<link rel=\"canonical\" href=\"https:\/\/www.farmtocafeteriacanada.ca\/2016\/10\/grow-your-own-soup\/\" \/>\n<meta property=\"og:locale\" content=\"fr_FR\" \/>\n<meta property=\"og:type\" content=\"article\" \/>\n<meta property=\"og:title\" content=\"Une soupe \u00ab\u00a0cultiv\u00e9e\u00a0\u00bb par des \u00e9l\u00e8ves - Farm to Cafeteria Canada\" \/>\n<meta property=\"og:description\" content=\"La CBC diffuse un reportage sur une cour d\u2019\u00e9cole comestible \u00e0 Calgary Ils pr\u00e9parent leur soupe \u00e0 partir des l\u00e9gumes qu\u2019ils ont eux-m\u00eames cultiv\u00e9s.\u00a0Une \u00e9quipe de la CBC s\u2019est rendue \u00e0 l\u2019\u00e9cole Altadore, \u00e0 Calgary, durant le Mois De la ferme \u00e0 l\u2019\u00e9cole pour filmer la toute premi\u00e8re cour d\u2019\u00e9cole comestible de grande envergure dans [&hellip;]\" \/>\n<meta property=\"og:url\" content=\"https:\/\/www.farmtocafeteriacanada.ca\/2016\/10\/grow-your-own-soup\/\" \/>\n<meta property=\"og:site_name\" content=\"Farm to Cafeteria Canada\" \/>\n<meta property=\"article:publisher\" content=\"https:\/\/www.facebook.com\/groups\/FarmtocafeteriaCanada\/\" \/>\n<meta property=\"article:published_time\" content=\"2016-10-21T14:25:13+00:00\" \/>\n<meta property=\"article:modified_time\" content=\"2020-08-08T15:12:31+00:00\" \/>\n<meta property=\"og:image\" content=\"https:\/\/www.farmtocafeteriacanada.ca\/wp-content\/uploads\/2016\/10\/f2sm_ab2.png\" \/>\n\t<meta property=\"og:image:width\" content=\"1013\" \/>\n\t<meta property=\"og:image:height\" content=\"568\" \/>\n\t<meta property=\"og:image:type\" content=\"image\/png\" \/>\n<meta name=\"author\" content=\"F2CC admin\" \/>\n<meta name=\"twitter:card\" content=\"summary_large_image\" \/>\n<meta name=\"twitter:creator\" content=\"@Farm2Cafeteria\" \/>\n<meta name=\"twitter:site\" content=\"@Farm2Cafeteria\" \/>\n<meta name=\"twitter:label1\" content=\"\u00c9crit par\" \/>\n\t<meta name=\"twitter:data1\" content=\"F2CC admin\" \/>\n\t<meta name=\"twitter:label2\" content=\"Dur\u00e9e de lecture estim\u00e9e\" \/>\n\t<meta name=\"twitter:data2\" content=\"2 minutes\" \/>\n<script type=\"application\/ld+json\" class=\"yoast-schema-graph\">{\"@context\":\"https:\/\/schema.org\",\"@graph\":[{\"@type\":\"Article\",\"@id\":\"https:\/\/www.farmtocafeteriacanada.ca\/2016\/10\/grow-your-own-soup\/#article\",\"isPartOf\":{\"@id\":\"https:\/\/www.farmtocafeteriacanada.ca\/2016\/10\/grow-your-own-soup\/\"},\"author\":{\"name\":\"F2CC admin\",\"@id\":\"https:\/\/www.farmtocafeteriacanada.ca\/#\/schema\/person\/03c2a359a7f0c99b895e08c1e7056708\"},\"headline\":\"Une soupe \u00ab\u00a0cultiv\u00e9e\u00a0\u00bb par des \u00e9l\u00e8ves\",\"datePublished\":\"2016-10-21T14:25:13+00:00\",\"dateModified\":\"2020-08-08T15:12:31+00:00\",\"mainEntityOfPage\":{\"@id\":\"https:\/\/www.farmtocafeteriacanada.ca\/2016\/10\/grow-your-own-soup\/\"},\"wordCount\":466,\"commentCount\":0,\"publisher\":{\"@id\":\"https:\/\/www.farmtocafeteriacanada.ca\/#organization\"},\"image\":{\"@id\":\"https:\/\/www.farmtocafeteriacanada.ca\/2016\/10\/grow-your-own-soup\/#primaryimage\"},\"thumbnailUrl\":\"https:\/\/www.farmtocafeteriacanada.ca\/wp-content\/uploads\/2016\/10\/f2sm_ab2.png\",\"keywords\":[\"Alberta\",\"Histoire\",\"Vid\u00e9o\"],\"articleSection\":[\"Actualit\u00e9s\",\"De la ferme \u00e0 l\u2019\u00e9cole\",\"Des nouvelles du r\u00e9seau\",\"Fran\u00e7ais\",\"Stories from the field\",\"Vid\u00e9o\"],\"inLanguage\":\"fr-FR\",\"potentialAction\":[{\"@type\":\"CommentAction\",\"name\":\"Comment\",\"target\":[\"https:\/\/www.farmtocafeteriacanada.ca\/2016\/10\/grow-your-own-soup\/#respond\"]}]},{\"@type\":\"WebPage\",\"@id\":\"https:\/\/www.farmtocafeteriacanada.ca\/2016\/10\/grow-your-own-soup\/\",\"url\":\"https:\/\/www.farmtocafeteriacanada.ca\/2016\/10\/grow-your-own-soup\/\",\"name\":\"Une soupe \u00ab\u00a0cultiv\u00e9e\u00a0\u00bb par des \u00e9l\u00e8ves - Farm to Cafeteria Canada\",\"isPartOf\":{\"@id\":\"https:\/\/www.farmtocafeteriacanada.ca\/#website\"},\"primaryImageOfPage\":{\"@id\":\"https:\/\/www.farmtocafeteriacanada.ca\/2016\/10\/grow-your-own-soup\/#primaryimage\"},\"image\":{\"@id\":\"https:\/\/www.farmtocafeteriacanada.ca\/2016\/10\/grow-your-own-soup\/#primaryimage\"},\"thumbnailUrl\":\"https:\/\/www.farmtocafeteriacanada.ca\/wp-content\/uploads\/2016\/10\/f2sm_ab2.png\",\"datePublished\":\"2016-10-21T14:25:13+00:00\",\"dateModified\":\"2020-08-08T15:12:31+00:00\",\"breadcrumb\":{\"@id\":\"https:\/\/www.farmtocafeteriacanada.ca\/2016\/10\/grow-your-own-soup\/#breadcrumb\"},\"inLanguage\":\"fr-FR\",\"potentialAction\":[{\"@type\":\"ReadAction\",\"target\":[\"https:\/\/www.farmtocafeteriacanada.ca\/2016\/10\/grow-your-own-soup\/\"]}]},{\"@type\":\"ImageObject\",\"inLanguage\":\"fr-FR\",\"@id\":\"https:\/\/www.farmtocafeteriacanada.ca\/2016\/10\/grow-your-own-soup\/#primaryimage\",\"url\":\"https:\/\/www.farmtocafeteriacanada.ca\/wp-content\/uploads\/2016\/10\/f2sm_ab2.png\",\"contentUrl\":\"https:\/\/www.farmtocafeteriacanada.ca\/wp-content\/uploads\/2016\/10\/f2sm_ab2.png\",\"width\":1013,\"height\":568},{\"@type\":\"BreadcrumbList\",\"@id\":\"https:\/\/www.farmtocafeteriacanada.ca\/2016\/10\/grow-your-own-soup\/#breadcrumb\",\"itemListElement\":[{\"@type\":\"ListItem\",\"position\":1,\"name\":\"Home\",\"item\":\"https:\/\/www.farmtocafeteriacanada.ca\/fr\/accueil\/\"},{\"@type\":\"ListItem\",\"position\":2,\"name\":\"Une soupe \u00ab\u00a0cultiv\u00e9e\u00a0\u00bb par des \u00e9l\u00e8ves\"}]},{\"@type\":\"WebSite\",\"@id\":\"https:\/\/www.farmtocafeteriacanada.ca\/#website\",\"url\":\"https:\/\/www.farmtocafeteriacanada.ca\/\",\"name\":\"Farm to Cafeteria Canada\",\"description\":\"\",\"publisher\":{\"@id\":\"https:\/\/www.farmtocafeteriacanada.ca\/#organization\"},\"potentialAction\":[{\"@type\":\"SearchAction\",\"target\":{\"@type\":\"EntryPoint\",\"urlTemplate\":\"https:\/\/www.farmtocafeteriacanada.ca\/?s={search_term_string}\"},\"query-input\":{\"@type\":\"PropertyValueSpecification\",\"valueRequired\":true,\"valueName\":\"search_term_string\"}}],\"inLanguage\":\"fr-FR\"},{\"@type\":\"Organization\",\"@id\":\"https:\/\/www.farmtocafeteriacanada.ca\/#organization\",\"name\":\"Farm to Cafeteria Canada\",\"url\":\"https:\/\/www.farmtocafeteriacanada.ca\/\",\"logo\":{\"@type\":\"ImageObject\",\"inLanguage\":\"fr-FR\",\"@id\":\"https:\/\/www.farmtocafeteriacanada.ca\/#\/schema\/logo\/image\/\",\"url\":\"http:\/\/www.farmtocafeteriacanada.ca\/wp-content\/uploads\/2015\/03\/f2cc_logo_en2.png\",\"contentUrl\":\"http:\/\/www.farmtocafeteriacanada.ca\/wp-content\/uploads\/2015\/03\/f2cc_logo_en2.png\",\"width\":3000,\"height\":476,\"caption\":\"Farm to Cafeteria Canada\"},\"image\":{\"@id\":\"https:\/\/www.farmtocafeteriacanada.ca\/#\/schema\/logo\/image\/\"},\"sameAs\":[\"https:\/\/www.facebook.com\/groups\/FarmtocafeteriaCanada\/\",\"https:\/\/x.com\/Farm2Cafeteria\",\"https:\/\/www.youtube.com\/channel\/UCQjcYiICtAygShD3IwNsewQ\"]},{\"@type\":\"Person\",\"@id\":\"https:\/\/www.farmtocafeteriacanada.ca\/#\/schema\/person\/03c2a359a7f0c99b895e08c1e7056708\",\"name\":\"F2CC admin\",\"image\":{\"@type\":\"ImageObject\",\"inLanguage\":\"fr-FR\",\"@id\":\"https:\/\/www.farmtocafeteriacanada.ca\/#\/schema\/person\/image\/\",\"url\":\"https:\/\/secure.gravatar.com\/avatar\/c1ddaee9a55673d852314381577bb8198996fbef53c8e2320536bf543b7712b4?s=96&d=mm&r=g\",\"contentUrl\":\"https:\/\/secure.gravatar.com\/avatar\/c1ddaee9a55673d852314381577bb8198996fbef53c8e2320536bf543b7712b4?s=96&d=mm&r=g\",\"caption\":\"F2CC admin\"},\"url\":\"https:\/\/www.farmtocafeteriacanada.ca\/fr\/author\/tracey\/\"}]}<\/script>\n<!-- \/ Yoast SEO plugin. -->","yoast_head_json":{"title":"Une soupe \u00ab\u00a0cultiv\u00e9e\u00a0\u00bb par des \u00e9l\u00e8ves - Farm to Cafeteria Canada","robots":{"index":"index","follow":"follow","max-snippet":"max-snippet:-1","max-image-preview":"max-image-preview:large","max-video-preview":"max-video-preview:-1"},"canonical":"https:\/\/www.farmtocafeteriacanada.ca\/2016\/10\/grow-your-own-soup\/","og_locale":"fr_FR","og_type":"article","og_title":"Une soupe \u00ab\u00a0cultiv\u00e9e\u00a0\u00bb par des \u00e9l\u00e8ves - Farm to Cafeteria Canada","og_description":"La CBC diffuse un reportage sur une cour d\u2019\u00e9cole comestible \u00e0 Calgary Ils pr\u00e9parent leur soupe \u00e0 partir des l\u00e9gumes qu\u2019ils ont eux-m\u00eames cultiv\u00e9s.\u00a0Une \u00e9quipe de la CBC s\u2019est rendue \u00e0 l\u2019\u00e9cole Altadore, \u00e0 Calgary, durant le Mois De la ferme \u00e0 l\u2019\u00e9cole pour filmer la toute premi\u00e8re cour d\u2019\u00e9cole comestible de grande envergure dans [&hellip;]","og_url":"https:\/\/www.farmtocafeteriacanada.ca\/2016\/10\/grow-your-own-soup\/","og_site_name":"Farm to Cafeteria Canada","article_publisher":"https:\/\/www.facebook.com\/groups\/FarmtocafeteriaCanada\/","article_published_time":"2016-10-21T14:25:13+00:00","article_modified_time":"2020-08-08T15:12:31+00:00","og_image":[{"width":1013,"height":568,"url":"https:\/\/www.farmtocafeteriacanada.ca\/wp-content\/uploads\/2016\/10\/f2sm_ab2.png","type":"image\/png"}],"author":"F2CC admin","twitter_card":"summary_large_image","twitter_creator":"@Farm2Cafeteria","twitter_site":"@Farm2Cafeteria","twitter_misc":{"\u00c9crit par":"F2CC admin","Dur\u00e9e de lecture estim\u00e9e":"2 minutes"},"schema":{"@context":"https:\/\/schema.org","@graph":[{"@type":"Article","@id":"https:\/\/www.farmtocafeteriacanada.ca\/2016\/10\/grow-your-own-soup\/#article","isPartOf":{"@id":"https:\/\/www.farmtocafeteriacanada.ca\/2016\/10\/grow-your-own-soup\/"},"author":{"name":"F2CC admin","@id":"https:\/\/www.farmtocafeteriacanada.ca\/#\/schema\/person\/03c2a359a7f0c99b895e08c1e7056708"},"headline":"Une soupe \u00ab\u00a0cultiv\u00e9e\u00a0\u00bb par des \u00e9l\u00e8ves","datePublished":"2016-10-21T14:25:13+00:00","dateModified":"2020-08-08T15:12:31+00:00","mainEntityOfPage":{"@id":"https:\/\/www.farmtocafeteriacanada.ca\/2016\/10\/grow-your-own-soup\/"},"wordCount":466,"commentCount":0,"publisher":{"@id":"https:\/\/www.farmtocafeteriacanada.ca\/#organization"},"image":{"@id":"https:\/\/www.farmtocafeteriacanada.ca\/2016\/10\/grow-your-own-soup\/#primaryimage"},"thumbnailUrl":"https:\/\/www.farmtocafeteriacanada.ca\/wp-content\/uploads\/2016\/10\/f2sm_ab2.png","keywords":["Alberta","Histoire","Vid\u00e9o"],"articleSection":["Actualit\u00e9s","De la ferme \u00e0 l\u2019\u00e9cole","Des nouvelles du r\u00e9seau","Fran\u00e7ais","Stories from the field","Vid\u00e9o"],"inLanguage":"fr-FR","potentialAction":[{"@type":"CommentAction","name":"Comment","target":["https:\/\/www.farmtocafeteriacanada.ca\/2016\/10\/grow-your-own-soup\/#respond"]}]},{"@type":"WebPage","@id":"https:\/\/www.farmtocafeteriacanada.ca\/2016\/10\/grow-your-own-soup\/","url":"https:\/\/www.farmtocafeteriacanada.ca\/2016\/10\/grow-your-own-soup\/","name":"Une soupe \u00ab\u00a0cultiv\u00e9e\u00a0\u00bb par des \u00e9l\u00e8ves - Farm to Cafeteria Canada","isPartOf":{"@id":"https:\/\/www.farmtocafeteriacanada.ca\/#website"},"primaryImageOfPage":{"@id":"https:\/\/www.farmtocafeteriacanada.ca\/2016\/10\/grow-your-own-soup\/#primaryimage"},"image":{"@id":"https:\/\/www.farmtocafeteriacanada.ca\/2016\/10\/grow-your-own-soup\/#primaryimage"},"thumbnailUrl":"https:\/\/www.farmtocafeteriacanada.ca\/wp-content\/uploads\/2016\/10\/f2sm_ab2.png","datePublished":"2016-10-21T14:25:13+00:00","dateModified":"2020-08-08T15:12:31+00:00","breadcrumb":{"@id":"https:\/\/www.farmtocafeteriacanada.ca\/2016\/10\/grow-your-own-soup\/#breadcrumb"},"inLanguage":"fr-FR","potentialAction":[{"@type":"ReadAction","target":["https:\/\/www.farmtocafeteriacanada.ca\/2016\/10\/grow-your-own-soup\/"]}]},{"@type":"ImageObject","inLanguage":"fr-FR","@id":"https:\/\/www.farmtocafeteriacanada.ca\/2016\/10\/grow-your-own-soup\/#primaryimage","url":"https:\/\/www.farmtocafeteriacanada.ca\/wp-content\/uploads\/2016\/10\/f2sm_ab2.png","contentUrl":"https:\/\/www.farmtocafeteriacanada.ca\/wp-content\/uploads\/2016\/10\/f2sm_ab2.png","width":1013,"height":568},{"@type":"BreadcrumbList","@id":"https:\/\/www.farmtocafeteriacanada.ca\/2016\/10\/grow-your-own-soup\/#breadcrumb","itemListElement":[{"@type":"ListItem","position":1,"name":"Home","item":"https:\/\/www.farmtocafeteriacanada.ca\/fr\/accueil\/"},{"@type":"ListItem","position":2,"name":"Une soupe \u00ab\u00a0cultiv\u00e9e\u00a0\u00bb par des \u00e9l\u00e8ves"}]},{"@type":"WebSite","@id":"https:\/\/www.farmtocafeteriacanada.ca\/#website","url":"https:\/\/www.farmtocafeteriacanada.ca\/","name":"Farm to Cafeteria Canada","description":"","publisher":{"@id":"https:\/\/www.farmtocafeteriacanada.ca\/#organization"},"potentialAction":[{"@type":"SearchAction","target":{"@type":"EntryPoint","urlTemplate":"https:\/\/www.farmtocafeteriacanada.ca\/?s={search_term_string}"},"query-input":{"@type":"PropertyValueSpecification","valueRequired":true,"valueName":"search_term_string"}}],"inLanguage":"fr-FR"},{"@type":"Organization","@id":"https:\/\/www.farmtocafeteriacanada.ca\/#organization","name":"Farm to Cafeteria Canada","url":"https:\/\/www.farmtocafeteriacanada.ca\/","logo":{"@type":"ImageObject","inLanguage":"fr-FR","@id":"https:\/\/www.farmtocafeteriacanada.ca\/#\/schema\/logo\/image\/","url":"http:\/\/www.farmtocafeteriacanada.ca\/wp-content\/uploads\/2015\/03\/f2cc_logo_en2.png","contentUrl":"http:\/\/www.farmtocafeteriacanada.ca\/wp-content\/uploads\/2015\/03\/f2cc_logo_en2.png","width":3000,"height":476,"caption":"Farm to Cafeteria Canada"},"image":{"@id":"https:\/\/www.farmtocafeteriacanada.ca\/#\/schema\/logo\/image\/"},"sameAs":["https:\/\/www.facebook.com\/groups\/FarmtocafeteriaCanada\/","https:\/\/x.com\/Farm2Cafeteria","https:\/\/www.youtube.com\/channel\/UCQjcYiICtAygShD3IwNsewQ"]},{"@type":"Person","@id":"https:\/\/www.farmtocafeteriacanada.ca\/#\/schema\/person\/03c2a359a7f0c99b895e08c1e7056708","name":"F2CC admin","image":{"@type":"ImageObject","inLanguage":"fr-FR","@id":"https:\/\/www.farmtocafeteriacanada.ca\/#\/schema\/person\/image\/","url":"https:\/\/secure.gravatar.com\/avatar\/c1ddaee9a55673d852314381577bb8198996fbef53c8e2320536bf543b7712b4?s=96&d=mm&r=g","contentUrl":"https:\/\/secure.gravatar.com\/avatar\/c1ddaee9a55673d852314381577bb8198996fbef53c8e2320536bf543b7712b4?s=96&d=mm&r=g","caption":"F2CC admin"},"url":"https:\/\/www.farmtocafeteriacanada.ca\/fr\/author\/tracey\/"}]}},"_links":{"self":[{"href":"https:\/\/www.farmtocafeteriacanada.ca\/fr\/wp-json\/wp\/v2\/posts\/9004","targetHints":{"allow":["GET"]}}],"collection":[{"href":"https:\/\/www.farmtocafeteriacanada.ca\/fr\/wp-json\/wp\/v2\/posts"}],"about":[{"href":"https:\/\/www.farmtocafeteriacanada.ca\/fr\/wp-json\/wp\/v2\/types\/post"}],"author":[{"embeddable":true,"href":"https:\/\/www.farmtocafeteriacanada.ca\/fr\/wp-json\/wp\/v2\/users\/3"}],"replies":[{"embeddable":true,"href":"https:\/\/www.farmtocafeteriacanada.ca\/fr\/wp-json\/wp\/v2\/comments?post=9004"}],"version-history":[{"count":5,"href":"https:\/\/www.farmtocafeteriacanada.ca\/fr\/wp-json\/wp\/v2\/posts\/9004\/revisions"}],"predecessor-version":[{"id":20558,"href":"https:\/\/www.farmtocafeteriacanada.ca\/fr\/wp-json\/wp\/v2\/posts\/9004\/revisions\/20558"}],"wp:featuredmedia":[{"embeddable":true,"href":"https:\/\/www.farmtocafeteriacanada.ca\/fr\/wp-json\/wp\/v2\/media\/19765"}],"wp:attachment":[{"href":"https:\/\/www.farmtocafeteriacanada.ca\/fr\/wp-json\/wp\/v2\/media?parent=9004"}],"wp:term":[{"taxonomy":"category","embeddable":true,"href":"https:\/\/www.farmtocafeteriacanada.ca\/fr\/wp-json\/wp\/v2\/categories?post=9004"},{"taxonomy":"post_tag","embeddable":true,"href":"https:\/\/www.farmtocafeteriacanada.ca\/fr\/wp-json\/wp\/v2\/tags?post=9004"}],"curies":[{"name":"wp","href":"https:\/\/api.w.org\/{rel}","templated":true}]}}