
{"id":7656,"date":"2015-12-08T13:01:04","date_gmt":"2015-12-08T19:01:04","guid":{"rendered":"http:\/\/www.farmtocafeteriacanada.ca\/fr\/?p=7656"},"modified":"2020-08-03T10:48:49","modified_gmt":"2020-08-03T15:48:49","slug":"memramcook-un-jardin-communautaire-intergenerationnel-video","status":"publish","type":"post","link":"https:\/\/www.farmtocafeteriacanada.ca\/fr\/2015\/12\/memramcook-un-jardin-communautaire-intergenerationnel-video\/","title":{"rendered":"Memramcook: un jardin communautaire interg\u00e9n\u00e9rationnel [vid\u00e9o]"},"content":{"rendered":"<p class=\"p1\"><strong><span class=\"s1\"><i>L\u00e9gende : Les \u00e9l\u00e8ves de l\u2019\u00e9cole Abbey-Landry auront l\u2019occasion d\u2019en apprendre plus sur le jardinage. \u2013 Acadie nouvelle : Anthony Doiron<\/i><\/span><\/strong><\/p>\n<p class=\"p1\"><span class=\"s1\">Un projet de jardin communautaire visant \u00e0 rassembler les g\u00e9n\u00e9rations et \u00e0 \u00e9liminer l\u2019isolation chez les a\u00een\u00e9s voit le jour \u00e0 Memramcook. Des l\u00e9gumes seront cultiv\u00e9s par les \u00e9l\u00e8ves de l\u2019\u00e9cole Abbey-Landry et les r\u00e9sidents du Foyer Saint-Thomas, du Domaine et du Mascaret.<\/span><\/p>\n<p class=\"p1\"><span class=\"s1\">\u00ab C\u2019est le fait de pouvoir sortir de chez soi et de ne pas rester seul. Certains a\u00een\u00e9s n\u2019ont pas de famille, d\u2019autres sont veufs. Je connais une dame qui a perdu son mari, et pour elle, la serre est un rayon de lumi\u00e8re dans sa vie. C\u2019est une sortie pour elle, pour se tenir occup\u00e9e. C\u2019est tr\u00e8s sain\u00bb, indique Maria LeBlanc, r\u00e9sidente du Mascaret.<\/span><\/p>\n<p>Elle a imm\u00e9diatement accept\u00e9 de s\u2019impliquer apr\u00e8s avoir \u00e9t\u00e9 approch\u00e9e pour participer au projet de serre quatre saisons.\u00a0<a href=\"http:\/\/www.acadienouvelle.com\/actualites\/2015\/11\/30\/memramcook-un-jardin-communautaire-intergenerationnel-video\/?pgnc=1\" target=\"_blank\" rel=\"noopener noreferrer\"><strong>Lire la suite.<\/strong><\/a><\/p>\n<p><em>Par <span class=\"author vcard\"><a class=\"url fn n\" href=\"http:\/\/www.acadienouvelle.com\/auteur\/anthony-doiron\/\">ANTHONY DOIRON<br \/>\n<\/a><\/span><time datetime=\"2015-11-30T14:02:55+00:00\">lundi 30 novembre 2015<\/time><\/em><span class=\"author vcard\"><a class=\"url fn n\" href=\"http:\/\/www.acadienouvelle.com\/auteur\/anthony-doiron\/\"><br \/>\n<\/a><\/span><\/p>\n","protected":false},"excerpt":{"rendered":"<p>L\u00e9gende : Les \u00e9l\u00e8ves de l\u2019\u00e9cole Abbey-Landry auront l\u2019occasion d\u2019en apprendre plus sur le jardinage. \u2013 Acadie nouvelle : Anthony Doiron Un projet de jardin communautaire visant \u00e0 rassembler les g\u00e9n\u00e9rations et \u00e0 \u00e9liminer l\u2019isolation chez les a\u00een\u00e9s voit le jour \u00e0 Memramcook. Des l\u00e9gumes seront cultiv\u00e9s par les \u00e9l\u00e8ves de l\u2019\u00e9cole Abbey-Landry et les [&hellip;]<\/p>\n","protected":false},"author":3,"featured_media":7658,"comment_status":"open","ping_status":"open","sticky":false,"template":"","format":"standard","meta":{"_acf_changed":false,"_exactmetrics_skip_tracking":false,"_exactmetrics_sitenote_active":false,"_exactmetrics_sitenote_note":"","_exactmetrics_sitenote_category":0,"footnotes":""},"categories":[106,78,155,29],"tags":[327,321,339,333],"class_list":["post-7656","post","type-post","status-publish","format-standard","has-post-thumbnail","hentry","category-actualites","category-de_la_ferme_a_lecole","category-des-nouvelles-du-reseau","category-francais","tag-apprentissage-pratique","tag-cultiver","tag-ecole-primaire-m-a-6","tag-liens-avec-la-communaute"],"acf":[],"yoast_head":"<!-- This site is optimized with the Yoast SEO plugin v26.7 - https:\/\/yoast.com\/wordpress\/plugins\/seo\/ -->\n<title>Memramcook: un jardin communautaire interg\u00e9n\u00e9rationnel [vid\u00e9o] - Farm to Cafeteria Canada<\/title>\n<meta name=\"robots\" content=\"index, follow, max-snippet:-1, max-image-preview:large, max-video-preview:-1\" \/>\n<link rel=\"canonical\" href=\"https:\/\/www.farmtocafeteriacanada.ca\/fr\/2015\/12\/memramcook-un-jardin-communautaire-intergenerationnel-video\/\" \/>\n<meta property=\"og:locale\" content=\"fr_FR\" \/>\n<meta property=\"og:type\" content=\"article\" \/>\n<meta property=\"og:title\" content=\"Memramcook: un jardin communautaire interg\u00e9n\u00e9rationnel [vid\u00e9o] - Farm to Cafeteria Canada\" \/>\n<meta property=\"og:description\" content=\"L\u00e9gende : Les \u00e9l\u00e8ves de l\u2019\u00e9cole Abbey-Landry auront l\u2019occasion d\u2019en apprendre plus sur le jardinage. \u2013 Acadie nouvelle : Anthony Doiron Un projet de jardin communautaire visant \u00e0 rassembler les g\u00e9n\u00e9rations et \u00e0 \u00e9liminer l\u2019isolation chez les a\u00een\u00e9s voit le jour \u00e0 Memramcook. Des l\u00e9gumes seront cultiv\u00e9s par les \u00e9l\u00e8ves de l\u2019\u00e9cole Abbey-Landry et les [&hellip;]\" \/>\n<meta property=\"og:url\" content=\"https:\/\/www.farmtocafeteriacanada.ca\/fr\/2015\/12\/memramcook-un-jardin-communautaire-intergenerationnel-video\/\" \/>\n<meta property=\"og:site_name\" content=\"Farm to Cafeteria Canada\" \/>\n<meta property=\"article:publisher\" content=\"https:\/\/www.facebook.com\/groups\/FarmtocafeteriaCanada\/\" \/>\n<meta property=\"article:published_time\" content=\"2015-12-08T19:01:04+00:00\" \/>\n<meta property=\"article:modified_time\" content=\"2020-08-03T15:48:49+00:00\" \/>\n<meta property=\"og:image\" content=\"https:\/\/www.farmtocafeteriacanada.ca\/wp-content\/uploads\/2015\/12\/AD_SerreMemramcook5_29nov-808x461.jpg\" \/>\n\t<meta property=\"og:image:width\" content=\"808\" \/>\n\t<meta property=\"og:image:height\" content=\"461\" \/>\n\t<meta property=\"og:image:type\" content=\"image\/jpeg\" \/>\n<meta name=\"author\" content=\"F2CC admin\" \/>\n<meta name=\"twitter:card\" content=\"summary_large_image\" \/>\n<meta name=\"twitter:creator\" content=\"@Farm2Cafeteria\" \/>\n<meta name=\"twitter:site\" content=\"@Farm2Cafeteria\" \/>\n<meta name=\"twitter:label1\" content=\"\u00c9crit par\" \/>\n\t<meta name=\"twitter:data1\" content=\"F2CC admin\" \/>\n\t<meta name=\"twitter:label2\" content=\"Dur\u00e9e de lecture estim\u00e9e\" \/>\n\t<meta name=\"twitter:data2\" content=\"1 minute\" \/>\n<script type=\"application\/ld+json\" class=\"yoast-schema-graph\">{\"@context\":\"https:\/\/schema.org\",\"@graph\":[{\"@type\":\"Article\",\"@id\":\"https:\/\/www.farmtocafeteriacanada.ca\/fr\/2015\/12\/memramcook-un-jardin-communautaire-intergenerationnel-video\/#article\",\"isPartOf\":{\"@id\":\"https:\/\/www.farmtocafeteriacanada.ca\/fr\/2015\/12\/memramcook-un-jardin-communautaire-intergenerationnel-video\/\"},\"author\":{\"name\":\"F2CC admin\",\"@id\":\"https:\/\/www.farmtocafeteriacanada.ca\/#\/schema\/person\/03c2a359a7f0c99b895e08c1e7056708\"},\"headline\":\"Memramcook: un jardin communautaire interg\u00e9n\u00e9rationnel [vid\u00e9o]\",\"datePublished\":\"2015-12-08T19:01:04+00:00\",\"dateModified\":\"2020-08-03T15:48:49+00:00\",\"mainEntityOfPage\":{\"@id\":\"https:\/\/www.farmtocafeteriacanada.ca\/fr\/2015\/12\/memramcook-un-jardin-communautaire-intergenerationnel-video\/\"},\"wordCount\":187,\"commentCount\":0,\"publisher\":{\"@id\":\"https:\/\/www.farmtocafeteriacanada.ca\/#organization\"},\"image\":{\"@id\":\"https:\/\/www.farmtocafeteriacanada.ca\/fr\/2015\/12\/memramcook-un-jardin-communautaire-intergenerationnel-video\/#primaryimage\"},\"thumbnailUrl\":\"https:\/\/www.farmtocafeteriacanada.ca\/wp-content\/uploads\/2015\/12\/AD_SerreMemramcook5_29nov-808x461.jpg\",\"keywords\":[\"Apprentissage pratique\",\"Cultiver\",\"\u00c9cole primaire (M \u00e0 6)\",\"Liens avec la communaut\u00e9\"],\"articleSection\":[\"Actualit\u00e9s\",\"De la ferme \u00e0 l\u2019\u00e9cole\",\"Des nouvelles du r\u00e9seau\",\"Fran\u00e7ais\"],\"inLanguage\":\"fr-FR\",\"potentialAction\":[{\"@type\":\"CommentAction\",\"name\":\"Comment\",\"target\":[\"https:\/\/www.farmtocafeteriacanada.ca\/fr\/2015\/12\/memramcook-un-jardin-communautaire-intergenerationnel-video\/#respond\"]}]},{\"@type\":\"WebPage\",\"@id\":\"https:\/\/www.farmtocafeteriacanada.ca\/fr\/2015\/12\/memramcook-un-jardin-communautaire-intergenerationnel-video\/\",\"url\":\"https:\/\/www.farmtocafeteriacanada.ca\/fr\/2015\/12\/memramcook-un-jardin-communautaire-intergenerationnel-video\/\",\"name\":\"Memramcook: un jardin communautaire interg\u00e9n\u00e9rationnel [vid\u00e9o] - Farm to Cafeteria Canada\",\"isPartOf\":{\"@id\":\"https:\/\/www.farmtocafeteriacanada.ca\/#website\"},\"primaryImageOfPage\":{\"@id\":\"https:\/\/www.farmtocafeteriacanada.ca\/fr\/2015\/12\/memramcook-un-jardin-communautaire-intergenerationnel-video\/#primaryimage\"},\"image\":{\"@id\":\"https:\/\/www.farmtocafeteriacanada.ca\/fr\/2015\/12\/memramcook-un-jardin-communautaire-intergenerationnel-video\/#primaryimage\"},\"thumbnailUrl\":\"https:\/\/www.farmtocafeteriacanada.ca\/wp-content\/uploads\/2015\/12\/AD_SerreMemramcook5_29nov-808x461.jpg\",\"datePublished\":\"2015-12-08T19:01:04+00:00\",\"dateModified\":\"2020-08-03T15:48:49+00:00\",\"breadcrumb\":{\"@id\":\"https:\/\/www.farmtocafeteriacanada.ca\/fr\/2015\/12\/memramcook-un-jardin-communautaire-intergenerationnel-video\/#breadcrumb\"},\"inLanguage\":\"fr-FR\",\"potentialAction\":[{\"@type\":\"ReadAction\",\"target\":[\"https:\/\/www.farmtocafeteriacanada.ca\/fr\/2015\/12\/memramcook-un-jardin-communautaire-intergenerationnel-video\/\"]}]},{\"@type\":\"ImageObject\",\"inLanguage\":\"fr-FR\",\"@id\":\"https:\/\/www.farmtocafeteriacanada.ca\/fr\/2015\/12\/memramcook-un-jardin-communautaire-intergenerationnel-video\/#primaryimage\",\"url\":\"https:\/\/www.farmtocafeteriacanada.ca\/wp-content\/uploads\/2015\/12\/AD_SerreMemramcook5_29nov-808x461.jpg\",\"contentUrl\":\"https:\/\/www.farmtocafeteriacanada.ca\/wp-content\/uploads\/2015\/12\/AD_SerreMemramcook5_29nov-808x461.jpg\",\"width\":808,\"height\":461,\"caption\":\"Memramcook: un jardin communautaire interg\u00e9n\u00e9rationnel [vid\u00e9o]\"},{\"@type\":\"BreadcrumbList\",\"@id\":\"https:\/\/www.farmtocafeteriacanada.ca\/fr\/2015\/12\/memramcook-un-jardin-communautaire-intergenerationnel-video\/#breadcrumb\",\"itemListElement\":[{\"@type\":\"ListItem\",\"position\":1,\"name\":\"Home\",\"item\":\"https:\/\/www.farmtocafeteriacanada.ca\/fr\/accueil\/\"},{\"@type\":\"ListItem\",\"position\":2,\"name\":\"Memramcook: un jardin communautaire interg\u00e9n\u00e9rationnel [vid\u00e9o]\"}]},{\"@type\":\"WebSite\",\"@id\":\"https:\/\/www.farmtocafeteriacanada.ca\/#website\",\"url\":\"https:\/\/www.farmtocafeteriacanada.ca\/\",\"name\":\"Farm to Cafeteria Canada\",\"description\":\"\",\"publisher\":{\"@id\":\"https:\/\/www.farmtocafeteriacanada.ca\/#organization\"},\"potentialAction\":[{\"@type\":\"SearchAction\",\"target\":{\"@type\":\"EntryPoint\",\"urlTemplate\":\"https:\/\/www.farmtocafeteriacanada.ca\/?s={search_term_string}\"},\"query-input\":{\"@type\":\"PropertyValueSpecification\",\"valueRequired\":true,\"valueName\":\"search_term_string\"}}],\"inLanguage\":\"fr-FR\"},{\"@type\":\"Organization\",\"@id\":\"https:\/\/www.farmtocafeteriacanada.ca\/#organization\",\"name\":\"Farm to Cafeteria Canada\",\"url\":\"https:\/\/www.farmtocafeteriacanada.ca\/\",\"logo\":{\"@type\":\"ImageObject\",\"inLanguage\":\"fr-FR\",\"@id\":\"https:\/\/www.farmtocafeteriacanada.ca\/#\/schema\/logo\/image\/\",\"url\":\"http:\/\/www.farmtocafeteriacanada.ca\/wp-content\/uploads\/2015\/03\/f2cc_logo_en2.png\",\"contentUrl\":\"http:\/\/www.farmtocafeteriacanada.ca\/wp-content\/uploads\/2015\/03\/f2cc_logo_en2.png\",\"width\":3000,\"height\":476,\"caption\":\"Farm to Cafeteria Canada\"},\"image\":{\"@id\":\"https:\/\/www.farmtocafeteriacanada.ca\/#\/schema\/logo\/image\/\"},\"sameAs\":[\"https:\/\/www.facebook.com\/groups\/FarmtocafeteriaCanada\/\",\"https:\/\/x.com\/Farm2Cafeteria\",\"https:\/\/www.youtube.com\/channel\/UCQjcYiICtAygShD3IwNsewQ\"]},{\"@type\":\"Person\",\"@id\":\"https:\/\/www.farmtocafeteriacanada.ca\/#\/schema\/person\/03c2a359a7f0c99b895e08c1e7056708\",\"name\":\"F2CC admin\",\"image\":{\"@type\":\"ImageObject\",\"inLanguage\":\"fr-FR\",\"@id\":\"https:\/\/www.farmtocafeteriacanada.ca\/#\/schema\/person\/image\/\",\"url\":\"https:\/\/secure.gravatar.com\/avatar\/c1ddaee9a55673d852314381577bb8198996fbef53c8e2320536bf543b7712b4?s=96&d=mm&r=g\",\"contentUrl\":\"https:\/\/secure.gravatar.com\/avatar\/c1ddaee9a55673d852314381577bb8198996fbef53c8e2320536bf543b7712b4?s=96&d=mm&r=g\",\"caption\":\"F2CC admin\"},\"url\":\"https:\/\/www.farmtocafeteriacanada.ca\/fr\/author\/tracey\/\"}]}<\/script>\n<!-- \/ Yoast SEO plugin. -->","yoast_head_json":{"title":"Memramcook: un jardin communautaire interg\u00e9n\u00e9rationnel [vid\u00e9o] - Farm to Cafeteria Canada","robots":{"index":"index","follow":"follow","max-snippet":"max-snippet:-1","max-image-preview":"max-image-preview:large","max-video-preview":"max-video-preview:-1"},"canonical":"https:\/\/www.farmtocafeteriacanada.ca\/fr\/2015\/12\/memramcook-un-jardin-communautaire-intergenerationnel-video\/","og_locale":"fr_FR","og_type":"article","og_title":"Memramcook: un jardin communautaire interg\u00e9n\u00e9rationnel [vid\u00e9o] - Farm to Cafeteria Canada","og_description":"L\u00e9gende : Les \u00e9l\u00e8ves de l\u2019\u00e9cole Abbey-Landry auront l\u2019occasion d\u2019en apprendre plus sur le jardinage. \u2013 Acadie nouvelle : Anthony Doiron Un projet de jardin communautaire visant \u00e0 rassembler les g\u00e9n\u00e9rations et \u00e0 \u00e9liminer l\u2019isolation chez les a\u00een\u00e9s voit le jour \u00e0 Memramcook. Des l\u00e9gumes seront cultiv\u00e9s par les \u00e9l\u00e8ves de l\u2019\u00e9cole Abbey-Landry et les [&hellip;]","og_url":"https:\/\/www.farmtocafeteriacanada.ca\/fr\/2015\/12\/memramcook-un-jardin-communautaire-intergenerationnel-video\/","og_site_name":"Farm to Cafeteria Canada","article_publisher":"https:\/\/www.facebook.com\/groups\/FarmtocafeteriaCanada\/","article_published_time":"2015-12-08T19:01:04+00:00","article_modified_time":"2020-08-03T15:48:49+00:00","og_image":[{"width":808,"height":461,"url":"https:\/\/www.farmtocafeteriacanada.ca\/wp-content\/uploads\/2015\/12\/AD_SerreMemramcook5_29nov-808x461.jpg","type":"image\/jpeg"}],"author":"F2CC admin","twitter_card":"summary_large_image","twitter_creator":"@Farm2Cafeteria","twitter_site":"@Farm2Cafeteria","twitter_misc":{"\u00c9crit par":"F2CC admin","Dur\u00e9e de lecture estim\u00e9e":"1 minute"},"schema":{"@context":"https:\/\/schema.org","@graph":[{"@type":"Article","@id":"https:\/\/www.farmtocafeteriacanada.ca\/fr\/2015\/12\/memramcook-un-jardin-communautaire-intergenerationnel-video\/#article","isPartOf":{"@id":"https:\/\/www.farmtocafeteriacanada.ca\/fr\/2015\/12\/memramcook-un-jardin-communautaire-intergenerationnel-video\/"},"author":{"name":"F2CC admin","@id":"https:\/\/www.farmtocafeteriacanada.ca\/#\/schema\/person\/03c2a359a7f0c99b895e08c1e7056708"},"headline":"Memramcook: un jardin communautaire interg\u00e9n\u00e9rationnel [vid\u00e9o]","datePublished":"2015-12-08T19:01:04+00:00","dateModified":"2020-08-03T15:48:49+00:00","mainEntityOfPage":{"@id":"https:\/\/www.farmtocafeteriacanada.ca\/fr\/2015\/12\/memramcook-un-jardin-communautaire-intergenerationnel-video\/"},"wordCount":187,"commentCount":0,"publisher":{"@id":"https:\/\/www.farmtocafeteriacanada.ca\/#organization"},"image":{"@id":"https:\/\/www.farmtocafeteriacanada.ca\/fr\/2015\/12\/memramcook-un-jardin-communautaire-intergenerationnel-video\/#primaryimage"},"thumbnailUrl":"https:\/\/www.farmtocafeteriacanada.ca\/wp-content\/uploads\/2015\/12\/AD_SerreMemramcook5_29nov-808x461.jpg","keywords":["Apprentissage pratique","Cultiver","\u00c9cole primaire (M \u00e0 6)","Liens avec la communaut\u00e9"],"articleSection":["Actualit\u00e9s","De la ferme \u00e0 l\u2019\u00e9cole","Des nouvelles du r\u00e9seau","Fran\u00e7ais"],"inLanguage":"fr-FR","potentialAction":[{"@type":"CommentAction","name":"Comment","target":["https:\/\/www.farmtocafeteriacanada.ca\/fr\/2015\/12\/memramcook-un-jardin-communautaire-intergenerationnel-video\/#respond"]}]},{"@type":"WebPage","@id":"https:\/\/www.farmtocafeteriacanada.ca\/fr\/2015\/12\/memramcook-un-jardin-communautaire-intergenerationnel-video\/","url":"https:\/\/www.farmtocafeteriacanada.ca\/fr\/2015\/12\/memramcook-un-jardin-communautaire-intergenerationnel-video\/","name":"Memramcook: un jardin communautaire interg\u00e9n\u00e9rationnel [vid\u00e9o] - Farm to Cafeteria Canada","isPartOf":{"@id":"https:\/\/www.farmtocafeteriacanada.ca\/#website"},"primaryImageOfPage":{"@id":"https:\/\/www.farmtocafeteriacanada.ca\/fr\/2015\/12\/memramcook-un-jardin-communautaire-intergenerationnel-video\/#primaryimage"},"image":{"@id":"https:\/\/www.farmtocafeteriacanada.ca\/fr\/2015\/12\/memramcook-un-jardin-communautaire-intergenerationnel-video\/#primaryimage"},"thumbnailUrl":"https:\/\/www.farmtocafeteriacanada.ca\/wp-content\/uploads\/2015\/12\/AD_SerreMemramcook5_29nov-808x461.jpg","datePublished":"2015-12-08T19:01:04+00:00","dateModified":"2020-08-03T15:48:49+00:00","breadcrumb":{"@id":"https:\/\/www.farmtocafeteriacanada.ca\/fr\/2015\/12\/memramcook-un-jardin-communautaire-intergenerationnel-video\/#breadcrumb"},"inLanguage":"fr-FR","potentialAction":[{"@type":"ReadAction","target":["https:\/\/www.farmtocafeteriacanada.ca\/fr\/2015\/12\/memramcook-un-jardin-communautaire-intergenerationnel-video\/"]}]},{"@type":"ImageObject","inLanguage":"fr-FR","@id":"https:\/\/www.farmtocafeteriacanada.ca\/fr\/2015\/12\/memramcook-un-jardin-communautaire-intergenerationnel-video\/#primaryimage","url":"https:\/\/www.farmtocafeteriacanada.ca\/wp-content\/uploads\/2015\/12\/AD_SerreMemramcook5_29nov-808x461.jpg","contentUrl":"https:\/\/www.farmtocafeteriacanada.ca\/wp-content\/uploads\/2015\/12\/AD_SerreMemramcook5_29nov-808x461.jpg","width":808,"height":461,"caption":"Memramcook: un jardin communautaire interg\u00e9n\u00e9rationnel [vid\u00e9o]"},{"@type":"BreadcrumbList","@id":"https:\/\/www.farmtocafeteriacanada.ca\/fr\/2015\/12\/memramcook-un-jardin-communautaire-intergenerationnel-video\/#breadcrumb","itemListElement":[{"@type":"ListItem","position":1,"name":"Home","item":"https:\/\/www.farmtocafeteriacanada.ca\/fr\/accueil\/"},{"@type":"ListItem","position":2,"name":"Memramcook: un jardin communautaire interg\u00e9n\u00e9rationnel [vid\u00e9o]"}]},{"@type":"WebSite","@id":"https:\/\/www.farmtocafeteriacanada.ca\/#website","url":"https:\/\/www.farmtocafeteriacanada.ca\/","name":"Farm to Cafeteria Canada","description":"","publisher":{"@id":"https:\/\/www.farmtocafeteriacanada.ca\/#organization"},"potentialAction":[{"@type":"SearchAction","target":{"@type":"EntryPoint","urlTemplate":"https:\/\/www.farmtocafeteriacanada.ca\/?s={search_term_string}"},"query-input":{"@type":"PropertyValueSpecification","valueRequired":true,"valueName":"search_term_string"}}],"inLanguage":"fr-FR"},{"@type":"Organization","@id":"https:\/\/www.farmtocafeteriacanada.ca\/#organization","name":"Farm to Cafeteria Canada","url":"https:\/\/www.farmtocafeteriacanada.ca\/","logo":{"@type":"ImageObject","inLanguage":"fr-FR","@id":"https:\/\/www.farmtocafeteriacanada.ca\/#\/schema\/logo\/image\/","url":"http:\/\/www.farmtocafeteriacanada.ca\/wp-content\/uploads\/2015\/03\/f2cc_logo_en2.png","contentUrl":"http:\/\/www.farmtocafeteriacanada.ca\/wp-content\/uploads\/2015\/03\/f2cc_logo_en2.png","width":3000,"height":476,"caption":"Farm to Cafeteria Canada"},"image":{"@id":"https:\/\/www.farmtocafeteriacanada.ca\/#\/schema\/logo\/image\/"},"sameAs":["https:\/\/www.facebook.com\/groups\/FarmtocafeteriaCanada\/","https:\/\/x.com\/Farm2Cafeteria","https:\/\/www.youtube.com\/channel\/UCQjcYiICtAygShD3IwNsewQ"]},{"@type":"Person","@id":"https:\/\/www.farmtocafeteriacanada.ca\/#\/schema\/person\/03c2a359a7f0c99b895e08c1e7056708","name":"F2CC admin","image":{"@type":"ImageObject","inLanguage":"fr-FR","@id":"https:\/\/www.farmtocafeteriacanada.ca\/#\/schema\/person\/image\/","url":"https:\/\/secure.gravatar.com\/avatar\/c1ddaee9a55673d852314381577bb8198996fbef53c8e2320536bf543b7712b4?s=96&d=mm&r=g","contentUrl":"https:\/\/secure.gravatar.com\/avatar\/c1ddaee9a55673d852314381577bb8198996fbef53c8e2320536bf543b7712b4?s=96&d=mm&r=g","caption":"F2CC admin"},"url":"https:\/\/www.farmtocafeteriacanada.ca\/fr\/author\/tracey\/"}]}},"_links":{"self":[{"href":"https:\/\/www.farmtocafeteriacanada.ca\/fr\/wp-json\/wp\/v2\/posts\/7656","targetHints":{"allow":["GET"]}}],"collection":[{"href":"https:\/\/www.farmtocafeteriacanada.ca\/fr\/wp-json\/wp\/v2\/posts"}],"about":[{"href":"https:\/\/www.farmtocafeteriacanada.ca\/fr\/wp-json\/wp\/v2\/types\/post"}],"author":[{"embeddable":true,"href":"https:\/\/www.farmtocafeteriacanada.ca\/fr\/wp-json\/wp\/v2\/users\/3"}],"replies":[{"embeddable":true,"href":"https:\/\/www.farmtocafeteriacanada.ca\/fr\/wp-json\/wp\/v2\/comments?post=7656"}],"version-history":[{"count":3,"href":"https:\/\/www.farmtocafeteriacanada.ca\/fr\/wp-json\/wp\/v2\/posts\/7656\/revisions"}],"predecessor-version":[{"id":20375,"href":"https:\/\/www.farmtocafeteriacanada.ca\/fr\/wp-json\/wp\/v2\/posts\/7656\/revisions\/20375"}],"wp:featuredmedia":[{"embeddable":true,"href":"https:\/\/www.farmtocafeteriacanada.ca\/fr\/wp-json\/wp\/v2\/media\/7658"}],"wp:attachment":[{"href":"https:\/\/www.farmtocafeteriacanada.ca\/fr\/wp-json\/wp\/v2\/media?parent=7656"}],"wp:term":[{"taxonomy":"category","embeddable":true,"href":"https:\/\/www.farmtocafeteriacanada.ca\/fr\/wp-json\/wp\/v2\/categories?post=7656"},{"taxonomy":"post_tag","embeddable":true,"href":"https:\/\/www.farmtocafeteriacanada.ca\/fr\/wp-json\/wp\/v2\/tags?post=7656"}],"curies":[{"name":"wp","href":"https:\/\/api.w.org\/{rel}","templated":true}]}}