
{"id":7035,"date":"2015-09-09T13:08:17","date_gmt":"2015-09-09T18:08:17","guid":{"rendered":"http:\/\/www.farmtocafeteriacanada.ca\/?p=7035"},"modified":"2020-08-03T10:51:05","modified_gmt":"2020-08-03T15:51:05","slug":"des-buffets-a-salades-du-reseau-de-la-ferme-a-lecole-prennent-racine-au-nouveau-brunswick","status":"publish","type":"post","link":"https:\/\/www.farmtocafeteriacanada.ca\/fr\/2015\/09\/des-buffets-a-salades-du-reseau-de-la-ferme-a-lecole-prennent-racine-au-nouveau-brunswick\/","title":{"rendered":"Des buffets \u00e0 salades du r\u00e9seau De la ferme \u00e0 l\u2019\u00e9cole prennent racine au Nouveau-Brunswick"},"content":{"rendered":"<figure id=\"attachment_7025\" aria-describedby=\"caption-attachment-7025\" style=\"width: 300px\" class=\"wp-caption alignright\"><img loading=\"lazy\" decoding=\"async\" class=\"wp-image-7025 size-medium\" src=\"http:\/\/www.farmtocafeteriacanada.ca\/wp-content\/uploads\/2015\/07\/clement_cormier_salad-300x225.jpg\" alt=\"Clement Cormier Salad Bar\" width=\"300\" height=\"225\" srcset=\"https:\/\/www.farmtocafeteriacanada.ca\/wp-content\/uploads\/2015\/07\/clement_cormier_salad-300x225.jpg 300w, https:\/\/www.farmtocafeteriacanada.ca\/wp-content\/uploads\/2015\/07\/clement_cormier_salad.jpg 432w\" sizes=\"auto, (max-width: 300px) 100vw, 300px\" \/><figcaption id=\"caption-attachment-7025\" class=\"wp-caption-text\">\u00e9cole secondaire Clement Cormier<\/figcaption><\/figure>\n<p class=\"p1\"><span class=\"s1\"><strong> Des buffets \u00e0 salades dans les \u00e9coles. Un oxymoron? <\/strong> Ce n\u2019est pas le cas aux \u00c9tats-Unis o\u00f9 on a accord\u00e9 une subvention pour le 4\u00a0000e buffet \u00e0 salades plus t\u00f4t cette ann\u00e9e. Dans le cadre de la campagne Let\u2019s Move de Michelle Obama, plus de 10 millions de dollars ont \u00e9t\u00e9 octroy\u00e9s pour l\u2019achat d\u2019\u00e9quipement de buffets \u00e0 salades et en faveur d\u2019une formation dans les \u00e9coles am\u00e9ricaines. Le r\u00e9seau De la ferme \u00e0 la caf\u00e9t\u00e9ria Canada fait la promotion du m\u00eame mod\u00e8le au Canada et a pour objectif de voir un potager, une cuisine, un buffet \u00e0 salades, un espace repas et une installation de compostage dans toutes les \u00e9coles canadiennes! <\/span><\/p>\n<p class=\"p1\"><span class=\"s1\">\u00ab\u00a0J\u2019estime qu\u2019il y a au moins 300 programmes de buffets \u00e0 salades au Canada. Le r\u00e9seau De la ferme \u00e0 la caf\u00e9t\u00e9ria Canada entend doubler ce nombre au cours des prochaines ann\u00e9es\u00a0\u00bb, d\u2019affirmer Joanne Bays, directrice nationale du r\u00e9seau De la ferme \u00e0 la caf\u00e9t\u00e9ria Canada. \u00ab\u00a0Nous voulons que tous les \u00e9l\u00e8ves de ces \u00e9coles aient l\u2019occasion de se r\u00e9galer gr\u00e2ce \u00e0 un buffet \u00e0 salades regorgeant d\u2019aliments frais en provenance de fermes, de champs et d\u2019eaux avoisinants\u00a0\u00bb.<\/span><\/p>\n<p class=\"p1\"><span class=\"s1\"> En tant qu\u2019\u00e9tape vers l\u2019atteinte de cet objectif, le r\u00e9seau De la ferme \u00e0 la caf\u00e9t\u00e9ria Canada a \u00e9tabli un partenariat avec un certain nombre d\u2019organismes pour obtenir des fonds du Partenariat canadien contre le cancer afin de mettre en \u0153uvre l\u2019initiative Nourrir l\u2019avenir de nos \u00e9coles. Augmenter le nombre de buffets \u00e0 salades du r\u00e9seau De la ferme \u00e0 l\u2019\u00e9cole dans le Canada atlantique est une partie importante de cette initiative! Ce printemps, avec le soutien des agriculteurs locaux, des \u00e9ducateurs, des nutritionnistes, des d\u00e9veloppeurs communautaires, des \u00e9l\u00e8ves et des repr\u00e9sentants d\u2019ONG, sept nouveaux programmes de buffets \u00e0 salades du r\u00e9seau De la ferme \u00e0 l\u2019\u00e9cole ont vu le jour au Nouveau-Brunswick et un \u00e0 Terre-Neuve. <\/span><\/p>\n<p class=\"p3\"><span class=\"s1\"> Un buffet \u00e0 salades, particuli\u00e8rement celui que les \u00e9l\u00e8ves aident \u00e0 pr\u00e9parer, offre des possibilit\u00e9s \u00e9ducatives et gustatives infinies. \u00c0 l\u2019\u00e9cole secondaire Clement Cormier au Nouveau-Brunswick, pendant les cours de menuiserie, on a r\u00e9nov\u00e9 le laboratoire de cuisine, des planchers aux armoires. Les cours d\u2019horticulture ont permis de g\u00e9rer le potager communautaire et de planifier l\u2019installation d\u2019une serre g\u00e9othermique. Enfin, et surtout, dans le cadre des cours d\u2019\u00e9conomie domestique, on a pr\u00e9par\u00e9 le buffet \u00e0 salades en soi qui est servi avec les aliments offerts \u00e0 la caf\u00e9t\u00e9ria. <\/span><\/p>\n<p class=\"p3\"><span class=\"s1\"> Malgr\u00e9 le lancement de leur buffet \u00e0 salades au c\u0153ur de l\u2019hiver, qui n\u2019est pas une p\u00e9riode favorable aux salades ou \u00e0 la diversit\u00e9 des fruits et l\u00e9gumes frais locaux, leur \u00e9cole a vu les achats de salades monter en fl\u00e8che, passant de deux \u00e0 trois par semaine \u00e0 la caf\u00e9t\u00e9ria \u00e0 80 au buffet \u00e0 salades, m\u00eame si celui-ci n\u2019est offert que deux fois par semaine. <\/span><\/p>\n<p class=\"p3\"><span class=\"s1\"> Dans les \u00e9coles primaires, les \u00e9l\u00e8ves sont \u00e9galement enthousiastes \u00e0 l\u2019id\u00e9e de passer du temps dans la cuisine avec leurs amis pour pr\u00e9parer des plats qu\u2019ils serviront \u00e0 leurs camarades de classe. Les \u00e9l\u00e8ves de la cinqui\u00e8me ann\u00e9e de la Centreville Community School se concentrent sur leurs t\u00e2ches d\u2019\u00e9plucher des carottes et des pommes de terre et de sugg\u00e9rer des r\u00e9flexions sur le travail acharn\u00e9 des agriculteurs. Le sens du leadership que les \u00e9l\u00e8ves d\u00e9veloppent est \u00e9vident puisqu\u2019ils g\u00e8rent fi\u00e8rement leurs listes de v\u00e9rification des commandes et s\u2019assurent de fa\u00e7on responsable que chacun des \u00e9l\u00e8ves re\u00e7oit la soupe et la salade d\u2019hiver qu\u2019ils ont command\u00e9es d\u2019avance. <\/span><\/p>\n<p class=\"p1\"><span class=\"s1\">La majorit\u00e9 des buffets \u00e0 salades du r\u00e9seau De la ferme \u00e0 l\u2019\u00e9cole servent entre huit et douze plats mettant en vedette une diversit\u00e9 attrayante de couleurs et de saveurs qui incite les \u00e9l\u00e8ves \u00e0 faire la file. Cela ne diff\u00e8re pas de manger \u00e0 un buffet; la plupart des gens veulent essayer un peu de tout lorsqu\u2019on leur pr\u00e9sente tellement de choix. <a href=\"http:\/\/www.phabc.org\/userfiles\/file\/EatingHabitsAndSaladBarEvaluation_April2011FINAL-1.pdf\" target=\"_blank\" rel=\"noopener noreferrer\"><span class=\"s2\">Les donn\u00e9es d\u2019\u00e9valuation<\/span><\/a> d\u2019une \u00e9cole de Vancouver ont montr\u00e9 que seulement 7\u00a0% des \u00e9l\u00e8ves apportaient des fruits et des l\u00e9gumes dans leur sac \u00e0 lunch, mais que 80\u00a0% des \u00e9l\u00e8ves choisissaient volontairement un fruit <i>et <\/i>des l\u00e9gumes lorsqu\u2019ils mangeaient au buffet \u00e0 salades.<\/span><\/p>\n<figure id=\"attachment_7027\" aria-describedby=\"caption-attachment-7027\" style=\"width: 864px\" class=\"wp-caption alignnone\"><img loading=\"lazy\" decoding=\"async\" class=\"wp-image-7027 size-full\" src=\"http:\/\/www.farmtocafeteriacanada.ca\/wp-content\/uploads\/2015\/07\/notre_dame_greenhouse.jpg\" alt=\"Notre Dame greenhouse\" width=\"864\" height=\"486\" srcset=\"https:\/\/www.farmtocafeteriacanada.ca\/wp-content\/uploads\/2015\/07\/notre_dame_greenhouse.jpg 864w, https:\/\/www.farmtocafeteriacanada.ca\/wp-content\/uploads\/2015\/07\/notre_dame_greenhouse-300x169.jpg 300w\" sizes=\"auto, (max-width: 864px) 100vw, 864px\" \/><figcaption id=\"caption-attachment-7027\" class=\"wp-caption-text\">\u00e9cole Notre Dame<\/figcaption><\/figure>\n<p class=\"p1\"><span class=\"s1\">Hormis le succ\u00e8s obtenu ayant pour r\u00e9sultat principal d\u2019inciter les enfants \u00e0 manger plus de fruits et de l\u00e9gumes, les \u00e9coles ont r\u00e9ussi \u00e0 faire participer activement les \u00e9l\u00e8ves \u00e0 l\u2019apprentissage ax\u00e9 sur l\u2019alimentation. La culture d\u2019aliments est l\u2019activit\u00e9 d\u2019apprentissage \u00e0 laquelle les \u00e9coles s\u2019attaquent en premier. M\u00eame dans des climats neigeux, six \u00e9coles sur sept ont trouv\u00e9 des moyens de d\u00e9montrer le d\u00e9fi et la r\u00e9compense associ\u00e9s \u00e0 la culture d\u2019aliments. Certains utilisent des laboratoires de culture d\u2019int\u00e9rieur, d\u2019autres ont construit des planches de jardin et des serres qu\u2019ils utilisent de fa\u00e7on saisonni\u00e8re. En dehors de la culture d\u2019aliments, les \u00e9l\u00e8ves acqui\u00e8rent des comp\u00e9tences en mati\u00e8re de cuisine, de compostage et de service d\u2019aliments.<\/span><\/p>\n<p class=\"p1\"><span class=\"s1\">Dans cette province peu peupl\u00e9e o\u00f9 tout le monde semble conna\u00eetre un agriculteur, beaucoup de personnes partagent le sentiment que toutes les \u00e9coles peuvent et devraient faire partie d\u2019un mouvement en faveur du d\u00e9veloppement de l\u2019\u00e9conomie locale en appuyant les agriculteurs locaux et en nourrissant bien les enfants. La plupart des travailleurs dans le domaine de la s\u00e9curit\u00e9 et de la distribution alimentaires font des observations expliquant \u00e0 quel point il est facile de rencontrer les d\u00e9cideurs provinciaux pour parler d\u2019id\u00e9es et de solutions concernant le syst\u00e8me alimentaire scolaire. <\/span><\/p>\n<p class=\"p1\"><span class=\"s1\">Malgr\u00e9 cela, les sept \u00e9coles font face encore \u00e0 des d\u00e9fis. Il n\u2019existe pas un grand choix de l\u00e9gumes locaux pendant l\u2019hiver, ce qui rend le lancement de leurs buffets \u00e0 salades en hiver d\u2019autant plus difficile. D\u00e9terminer la quantit\u00e9 d\u2019aliments \u00e0 pr\u00e9parer pour un buffet \u00e0 salades en libre-service est un art incertain et impr\u00e9visible, et il peut parfois y avoir un grand gaspillage de nourriture. Notons parmi les autres d\u00e9fis, essayer de maintenir les co\u00fbts \u00e0 un faible niveau pour les familles tout en payant les agriculteurs \u00e9quitablement.\u00a0<\/span><\/p>\n<figure id=\"attachment_7031\" aria-describedby=\"caption-attachment-7031\" style=\"width: 300px\" class=\"wp-caption alignright\"><img loading=\"lazy\" decoding=\"async\" class=\"wp-image-7031 size-medium\" src=\"http:\/\/www.farmtocafeteriacanada.ca\/wp-content\/uploads\/2015\/07\/nb_salisbury-300x200.jpg\" alt=\"Salisbury School, New Brunswick \" width=\"300\" height=\"200\" srcset=\"https:\/\/www.farmtocafeteriacanada.ca\/wp-content\/uploads\/2015\/07\/nb_salisbury-300x200.jpg 300w, https:\/\/www.farmtocafeteriacanada.ca\/wp-content\/uploads\/2015\/07\/nb_salisbury-1024x682.jpg 1024w, https:\/\/www.farmtocafeteriacanada.ca\/wp-content\/uploads\/2015\/07\/nb_salisbury.jpg 1097w\" sizes=\"auto, (max-width: 300px) 100vw, 300px\" \/><figcaption id=\"caption-attachment-7031\" class=\"wp-caption-text\">\u00e9cole Salisbury au Nouveau-Brunswick<\/figcaption><\/figure>\n<p class=\"p1\"><span class=\"s1\">L\u2019avantage d\u2019avoir sept \u00e9coles dans une trajectoire semblable qui se trouvent \u00e0 proximit\u00e9 g\u00e9ographique (relativement) \u00e9troite est le partage d\u2019informations en personne pour aider \u00e0 surmonter ces d\u00e9fis. Leur deuxi\u00e8me rencontre, qui a eu lieu r\u00e9cemment, a conduit \u00e0 des discussions cibl\u00e9es sur la durabilit\u00e9, le leadership, les partenariats, l\u2019\u00e9ducation et la communication. Elle a conduit \u00e9galement \u00e0 des conversations sur l\u2019importance des politiques d\u2019approvisionnement et des contrats avec les fournisseurs d\u2019aliments qui exigent que des produits locaux soient servis dans les \u00e9coles.<\/span><\/p>\n<p class=\"p1\"><span class=\"s1\">La r\u00e9cente demande de propositions pour des services alimentaires de l\u2019Anglophone East School District a augment\u00e9 le niveau de l\u2019approvisionnement alimentaire. Leur demande de propositions progressive englobe tous les \u00e9l\u00e9ments d\u2019une approche scolaire et communautaire globale envers la bonne nourriture, allant des exigences en mati\u00e8re d\u2019aliments locaux, d\u2019aliments sains, d\u2019apprentissage pratique pour les \u00e9l\u00e8ves, de salubrit\u00e9 des aliments et m\u00eame, d\u2019environnement accueillant pour les repas.<\/span><\/p>\n<p class=\"p1\"><span class=\"s1\">La rapidit\u00e9 \u00e0 laquelle les \u00e9coles, les agriculteurs et les partenaires communautaires du Nouveau-Brunswick ont transform\u00e9 les syst\u00e8mes alimentaires scolaires pour offrir et pr\u00e9senter des aliments locaux sains aux \u00e9l\u00e8ves et au personnel a impressionn\u00e9 les gens partout au pays. Il ne serait pas surprenant que le Nouveau-Brunswick soit la premi\u00e8re province \u00e0 doubler son nombre de buffets \u00e0 salades. La question apr\u00e8s cela est\u00a0: \u00ab\u00a0quelle province sera la suivante?\u00a0\u00bb <\/span><\/p>\n<p class=\"p3\"><strong><span class=\"s1\"> Pour de plus amples renseignements\u00a0: <\/span><\/strong><\/p>\n<p class=\"p3\"><span class=\"s1\"><strong>Roxana Atkinson<\/strong>, <em> National Farm to School Liaison &amp; Provincial Coordinator, Farm to School NB, Farm to Cafeteria Canada<br \/>\n<\/em> <\/span><span class=\"s3\"><a href=\"mailto:delafermealecoleNB@gmail.com\">delafermealecoleNB@gmail.com<br \/>\n<\/a><\/span><a href=\"http:\/\/www.securitealimentairenb.ca\/\" target=\"_blank\" rel=\"noopener noreferrer\"><span class=\"s1\">http:\/\/www.securitealimentairenb.ca\/<\/span><span class=\"s2\">\u00a0<\/span><\/a><\/p>\n<p class=\"p3\"><span class=\"s1\"><strong> Pour entrer en contact avec les directeurs du r\u00e9seau De la ferme \u00e0 l\u2019\u00e9cole dans d\u2019autres provinces, consultez\u00a0:<br \/>\n<\/strong><\/span><a href=\"\/?page_id=4899\" target=\"_blank\" rel=\"noopener noreferrer\"><span class=\"s1\">https:\/\/www.farmtocafeteriacanada.ca\/fr\/auto-draft\/directeurs-regionaux\/<\/span><\/a><\/p>\n","protected":false},"excerpt":{"rendered":"<p>Des buffets \u00e0 salades dans les \u00e9coles. Un oxymoron? Ce n\u2019est pas le cas aux \u00c9tats-Unis o\u00f9 on a accord\u00e9 une subvention pour le 4\u00a0000e buffet \u00e0 salades plus t\u00f4t cette ann\u00e9e. Dans le cadre de la campagne Let\u2019s Move de Michelle Obama, plus de 10 millions de dollars ont \u00e9t\u00e9 octroy\u00e9s pour l\u2019achat d\u2019\u00e9quipement [&hellip;]<\/p>\n","protected":false},"author":463,"featured_media":7022,"comment_status":"open","ping_status":"open","sticky":false,"template":"","format":"standard","meta":{"_acf_changed":false,"_exactmetrics_skip_tracking":false,"_exactmetrics_sitenote_active":false,"_exactmetrics_sitenote_note":"","_exactmetrics_sitenote_category":0,"footnotes":""},"categories":[78,155,29,191],"tags":[324,322,321,339,323,159,329],"class_list":["post-7035","post","type-post","status-publish","format-standard","has-post-thumbnail","hentry","category-de_la_ferme_a_lecole","category-des-nouvelles-du-reseau","category-francais","category-stories_from_the_field-fr","tag-bar-a-salades","tag-cuisiner","tag-cultiver","tag-ecole-primaire-m-a-6","tag-manger","tag-nouveau-brunswick","tag-securite-alimentaire"],"acf":[],"yoast_head":"<!-- This site is optimized with the Yoast SEO plugin v26.7 - https:\/\/yoast.com\/wordpress\/plugins\/seo\/ -->\n<title>Des buffets \u00e0 salades du r\u00e9seau De la ferme \u00e0 l\u2019\u00e9cole prennent racine au Nouveau-Brunswick - Farm to Cafeteria Canada<\/title>\n<meta name=\"robots\" content=\"index, follow, max-snippet:-1, max-image-preview:large, max-video-preview:-1\" \/>\n<link rel=\"canonical\" href=\"https:\/\/www.farmtocafeteriacanada.ca\/2015\/09\/f2s-salad-bars-take-root-in-new-brunswick\/\" \/>\n<meta property=\"og:locale\" content=\"fr_FR\" \/>\n<meta property=\"og:type\" content=\"article\" \/>\n<meta property=\"og:title\" content=\"Des buffets \u00e0 salades du r\u00e9seau De la ferme \u00e0 l\u2019\u00e9cole prennent racine au Nouveau-Brunswick - Farm to Cafeteria Canada\" \/>\n<meta property=\"og:description\" content=\"Des buffets \u00e0 salades dans les \u00e9coles. Un oxymoron? Ce n\u2019est pas le cas aux \u00c9tats-Unis o\u00f9 on a accord\u00e9 une subvention pour le 4\u00a0000e buffet \u00e0 salades plus t\u00f4t cette ann\u00e9e. Dans le cadre de la campagne Let\u2019s Move de Michelle Obama, plus de 10 millions de dollars ont \u00e9t\u00e9 octroy\u00e9s pour l\u2019achat d\u2019\u00e9quipement [&hellip;]\" \/>\n<meta property=\"og:url\" content=\"https:\/\/www.farmtocafeteriacanada.ca\/2015\/09\/f2s-salad-bars-take-root-in-new-brunswick\/\" \/>\n<meta property=\"og:site_name\" content=\"Farm to Cafeteria Canada\" \/>\n<meta property=\"article:publisher\" content=\"https:\/\/www.facebook.com\/groups\/FarmtocafeteriaCanada\/\" \/>\n<meta property=\"article:published_time\" content=\"2015-09-09T18:08:17+00:00\" \/>\n<meta property=\"article:modified_time\" content=\"2020-08-03T15:51:05+00:00\" \/>\n<meta property=\"og:image\" content=\"https:\/\/www.farmtocafeteriacanada.ca\/wp-content\/uploads\/2015\/07\/salisbury_salad_bar.jpg\" \/>\n\t<meta property=\"og:image:width\" content=\"864\" \/>\n\t<meta property=\"og:image:height\" content=\"576\" \/>\n\t<meta property=\"og:image:type\" content=\"image\/jpeg\" \/>\n<meta name=\"twitter:card\" content=\"summary_large_image\" \/>\n<meta name=\"twitter:creator\" content=\"@Farm2Cafeteria\" \/>\n<meta name=\"twitter:site\" content=\"@Farm2Cafeteria\" \/>\n<meta name=\"twitter:label1\" content=\"\u00c9crit par\" \/>\n\t<meta name=\"twitter:data1\" content=\"\" \/>\n\t<meta name=\"twitter:label2\" content=\"Dur\u00e9e de lecture estim\u00e9e\" \/>\n\t<meta name=\"twitter:data2\" content=\"7 minutes\" \/>\n<script type=\"application\/ld+json\" class=\"yoast-schema-graph\">{\"@context\":\"https:\/\/schema.org\",\"@graph\":[{\"@type\":\"Article\",\"@id\":\"https:\/\/www.farmtocafeteriacanada.ca\/2015\/09\/f2s-salad-bars-take-root-in-new-brunswick\/#article\",\"isPartOf\":{\"@id\":\"https:\/\/www.farmtocafeteriacanada.ca\/2015\/09\/f2s-salad-bars-take-root-in-new-brunswick\/\"},\"author\":{\"name\":\"\",\"@id\":\"\"},\"headline\":\"Des buffets \u00e0 salades du r\u00e9seau De la ferme \u00e0 l\u2019\u00e9cole prennent racine au Nouveau-Brunswick\",\"datePublished\":\"2015-09-09T18:08:17+00:00\",\"dateModified\":\"2020-08-03T15:51:05+00:00\",\"mainEntityOfPage\":{\"@id\":\"https:\/\/www.farmtocafeteriacanada.ca\/2015\/09\/f2s-salad-bars-take-root-in-new-brunswick\/\"},\"wordCount\":1423,\"commentCount\":0,\"publisher\":{\"@id\":\"https:\/\/www.farmtocafeteriacanada.ca\/#organization\"},\"image\":{\"@id\":\"https:\/\/www.farmtocafeteriacanada.ca\/2015\/09\/f2s-salad-bars-take-root-in-new-brunswick\/#primaryimage\"},\"thumbnailUrl\":\"https:\/\/www.farmtocafeteriacanada.ca\/wp-content\/uploads\/2015\/07\/salisbury_salad_bar.jpg\",\"keywords\":[\"Bar \u00e0 salades\",\"Cuisiner\",\"Cultiver\",\"\u00c9cole primaire (M \u00e0 6)\",\"Manger\",\"Nouveau-Brunswick\",\"S\u00e9curit\u00e9 alimentaire\"],\"articleSection\":[\"De la ferme \u00e0 l\u2019\u00e9cole\",\"Des nouvelles du r\u00e9seau\",\"Fran\u00e7ais\",\"Stories from the field\"],\"inLanguage\":\"fr-FR\",\"potentialAction\":[{\"@type\":\"CommentAction\",\"name\":\"Comment\",\"target\":[\"https:\/\/www.farmtocafeteriacanada.ca\/2015\/09\/f2s-salad-bars-take-root-in-new-brunswick\/#respond\"]}]},{\"@type\":\"WebPage\",\"@id\":\"https:\/\/www.farmtocafeteriacanada.ca\/2015\/09\/f2s-salad-bars-take-root-in-new-brunswick\/\",\"url\":\"https:\/\/www.farmtocafeteriacanada.ca\/2015\/09\/f2s-salad-bars-take-root-in-new-brunswick\/\",\"name\":\"Des buffets \u00e0 salades du r\u00e9seau De la ferme \u00e0 l\u2019\u00e9cole prennent racine au Nouveau-Brunswick - Farm to Cafeteria Canada\",\"isPartOf\":{\"@id\":\"https:\/\/www.farmtocafeteriacanada.ca\/#website\"},\"primaryImageOfPage\":{\"@id\":\"https:\/\/www.farmtocafeteriacanada.ca\/2015\/09\/f2s-salad-bars-take-root-in-new-brunswick\/#primaryimage\"},\"image\":{\"@id\":\"https:\/\/www.farmtocafeteriacanada.ca\/2015\/09\/f2s-salad-bars-take-root-in-new-brunswick\/#primaryimage\"},\"thumbnailUrl\":\"https:\/\/www.farmtocafeteriacanada.ca\/wp-content\/uploads\/2015\/07\/salisbury_salad_bar.jpg\",\"datePublished\":\"2015-09-09T18:08:17+00:00\",\"dateModified\":\"2020-08-03T15:51:05+00:00\",\"breadcrumb\":{\"@id\":\"https:\/\/www.farmtocafeteriacanada.ca\/2015\/09\/f2s-salad-bars-take-root-in-new-brunswick\/#breadcrumb\"},\"inLanguage\":\"fr-FR\",\"potentialAction\":[{\"@type\":\"ReadAction\",\"target\":[\"https:\/\/www.farmtocafeteriacanada.ca\/2015\/09\/f2s-salad-bars-take-root-in-new-brunswick\/\"]}]},{\"@type\":\"ImageObject\",\"inLanguage\":\"fr-FR\",\"@id\":\"https:\/\/www.farmtocafeteriacanada.ca\/2015\/09\/f2s-salad-bars-take-root-in-new-brunswick\/#primaryimage\",\"url\":\"https:\/\/www.farmtocafeteriacanada.ca\/wp-content\/uploads\/2015\/07\/salisbury_salad_bar.jpg\",\"contentUrl\":\"https:\/\/www.farmtocafeteriacanada.ca\/wp-content\/uploads\/2015\/07\/salisbury_salad_bar.jpg\",\"width\":864,\"height\":576},{\"@type\":\"BreadcrumbList\",\"@id\":\"https:\/\/www.farmtocafeteriacanada.ca\/2015\/09\/f2s-salad-bars-take-root-in-new-brunswick\/#breadcrumb\",\"itemListElement\":[{\"@type\":\"ListItem\",\"position\":1,\"name\":\"Home\",\"item\":\"https:\/\/www.farmtocafeteriacanada.ca\/fr\/accueil\/\"},{\"@type\":\"ListItem\",\"position\":2,\"name\":\"Des buffets \u00e0 salades du r\u00e9seau De la ferme \u00e0 l\u2019\u00e9cole prennent racine au Nouveau-Brunswick\"}]},{\"@type\":\"WebSite\",\"@id\":\"https:\/\/www.farmtocafeteriacanada.ca\/#website\",\"url\":\"https:\/\/www.farmtocafeteriacanada.ca\/\",\"name\":\"Farm to Cafeteria Canada\",\"description\":\"\",\"publisher\":{\"@id\":\"https:\/\/www.farmtocafeteriacanada.ca\/#organization\"},\"potentialAction\":[{\"@type\":\"SearchAction\",\"target\":{\"@type\":\"EntryPoint\",\"urlTemplate\":\"https:\/\/www.farmtocafeteriacanada.ca\/?s={search_term_string}\"},\"query-input\":{\"@type\":\"PropertyValueSpecification\",\"valueRequired\":true,\"valueName\":\"search_term_string\"}}],\"inLanguage\":\"fr-FR\"},{\"@type\":\"Organization\",\"@id\":\"https:\/\/www.farmtocafeteriacanada.ca\/#organization\",\"name\":\"Farm to Cafeteria Canada\",\"url\":\"https:\/\/www.farmtocafeteriacanada.ca\/\",\"logo\":{\"@type\":\"ImageObject\",\"inLanguage\":\"fr-FR\",\"@id\":\"https:\/\/www.farmtocafeteriacanada.ca\/#\/schema\/logo\/image\/\",\"url\":\"http:\/\/www.farmtocafeteriacanada.ca\/wp-content\/uploads\/2015\/03\/f2cc_logo_en2.png\",\"contentUrl\":\"http:\/\/www.farmtocafeteriacanada.ca\/wp-content\/uploads\/2015\/03\/f2cc_logo_en2.png\",\"width\":3000,\"height\":476,\"caption\":\"Farm to Cafeteria Canada\"},\"image\":{\"@id\":\"https:\/\/www.farmtocafeteriacanada.ca\/#\/schema\/logo\/image\/\"},\"sameAs\":[\"https:\/\/www.facebook.com\/groups\/FarmtocafeteriaCanada\/\",\"https:\/\/x.com\/Farm2Cafeteria\",\"https:\/\/www.youtube.com\/channel\/UCQjcYiICtAygShD3IwNsewQ\"]},{\"@type\":\"Person\",\"@id\":\"\",\"url\":\"https:\/\/www.farmtocafeteriacanada.ca\/fr\/author\/\"}]}<\/script>\n<!-- \/ Yoast SEO plugin. -->","yoast_head_json":{"title":"Des buffets \u00e0 salades du r\u00e9seau De la ferme \u00e0 l\u2019\u00e9cole prennent racine au Nouveau-Brunswick - Farm to Cafeteria Canada","robots":{"index":"index","follow":"follow","max-snippet":"max-snippet:-1","max-image-preview":"max-image-preview:large","max-video-preview":"max-video-preview:-1"},"canonical":"https:\/\/www.farmtocafeteriacanada.ca\/2015\/09\/f2s-salad-bars-take-root-in-new-brunswick\/","og_locale":"fr_FR","og_type":"article","og_title":"Des buffets \u00e0 salades du r\u00e9seau De la ferme \u00e0 l\u2019\u00e9cole prennent racine au Nouveau-Brunswick - Farm to Cafeteria Canada","og_description":"Des buffets \u00e0 salades dans les \u00e9coles. Un oxymoron? Ce n\u2019est pas le cas aux \u00c9tats-Unis o\u00f9 on a accord\u00e9 une subvention pour le 4\u00a0000e buffet \u00e0 salades plus t\u00f4t cette ann\u00e9e. Dans le cadre de la campagne Let\u2019s Move de Michelle Obama, plus de 10 millions de dollars ont \u00e9t\u00e9 octroy\u00e9s pour l\u2019achat d\u2019\u00e9quipement [&hellip;]","og_url":"https:\/\/www.farmtocafeteriacanada.ca\/2015\/09\/f2s-salad-bars-take-root-in-new-brunswick\/","og_site_name":"Farm to Cafeteria Canada","article_publisher":"https:\/\/www.facebook.com\/groups\/FarmtocafeteriaCanada\/","article_published_time":"2015-09-09T18:08:17+00:00","article_modified_time":"2020-08-03T15:51:05+00:00","og_image":[{"width":864,"height":576,"url":"https:\/\/www.farmtocafeteriacanada.ca\/wp-content\/uploads\/2015\/07\/salisbury_salad_bar.jpg","type":"image\/jpeg"}],"twitter_card":"summary_large_image","twitter_creator":"@Farm2Cafeteria","twitter_site":"@Farm2Cafeteria","twitter_misc":{"\u00c9crit par":"","Dur\u00e9e de lecture estim\u00e9e":"7 minutes"},"schema":{"@context":"https:\/\/schema.org","@graph":[{"@type":"Article","@id":"https:\/\/www.farmtocafeteriacanada.ca\/2015\/09\/f2s-salad-bars-take-root-in-new-brunswick\/#article","isPartOf":{"@id":"https:\/\/www.farmtocafeteriacanada.ca\/2015\/09\/f2s-salad-bars-take-root-in-new-brunswick\/"},"author":{"name":"","@id":""},"headline":"Des buffets \u00e0 salades du r\u00e9seau De la ferme \u00e0 l\u2019\u00e9cole prennent racine au Nouveau-Brunswick","datePublished":"2015-09-09T18:08:17+00:00","dateModified":"2020-08-03T15:51:05+00:00","mainEntityOfPage":{"@id":"https:\/\/www.farmtocafeteriacanada.ca\/2015\/09\/f2s-salad-bars-take-root-in-new-brunswick\/"},"wordCount":1423,"commentCount":0,"publisher":{"@id":"https:\/\/www.farmtocafeteriacanada.ca\/#organization"},"image":{"@id":"https:\/\/www.farmtocafeteriacanada.ca\/2015\/09\/f2s-salad-bars-take-root-in-new-brunswick\/#primaryimage"},"thumbnailUrl":"https:\/\/www.farmtocafeteriacanada.ca\/wp-content\/uploads\/2015\/07\/salisbury_salad_bar.jpg","keywords":["Bar \u00e0 salades","Cuisiner","Cultiver","\u00c9cole primaire (M \u00e0 6)","Manger","Nouveau-Brunswick","S\u00e9curit\u00e9 alimentaire"],"articleSection":["De la ferme \u00e0 l\u2019\u00e9cole","Des nouvelles du r\u00e9seau","Fran\u00e7ais","Stories from the field"],"inLanguage":"fr-FR","potentialAction":[{"@type":"CommentAction","name":"Comment","target":["https:\/\/www.farmtocafeteriacanada.ca\/2015\/09\/f2s-salad-bars-take-root-in-new-brunswick\/#respond"]}]},{"@type":"WebPage","@id":"https:\/\/www.farmtocafeteriacanada.ca\/2015\/09\/f2s-salad-bars-take-root-in-new-brunswick\/","url":"https:\/\/www.farmtocafeteriacanada.ca\/2015\/09\/f2s-salad-bars-take-root-in-new-brunswick\/","name":"Des buffets \u00e0 salades du r\u00e9seau De la ferme \u00e0 l\u2019\u00e9cole prennent racine au Nouveau-Brunswick - Farm to Cafeteria Canada","isPartOf":{"@id":"https:\/\/www.farmtocafeteriacanada.ca\/#website"},"primaryImageOfPage":{"@id":"https:\/\/www.farmtocafeteriacanada.ca\/2015\/09\/f2s-salad-bars-take-root-in-new-brunswick\/#primaryimage"},"image":{"@id":"https:\/\/www.farmtocafeteriacanada.ca\/2015\/09\/f2s-salad-bars-take-root-in-new-brunswick\/#primaryimage"},"thumbnailUrl":"https:\/\/www.farmtocafeteriacanada.ca\/wp-content\/uploads\/2015\/07\/salisbury_salad_bar.jpg","datePublished":"2015-09-09T18:08:17+00:00","dateModified":"2020-08-03T15:51:05+00:00","breadcrumb":{"@id":"https:\/\/www.farmtocafeteriacanada.ca\/2015\/09\/f2s-salad-bars-take-root-in-new-brunswick\/#breadcrumb"},"inLanguage":"fr-FR","potentialAction":[{"@type":"ReadAction","target":["https:\/\/www.farmtocafeteriacanada.ca\/2015\/09\/f2s-salad-bars-take-root-in-new-brunswick\/"]}]},{"@type":"ImageObject","inLanguage":"fr-FR","@id":"https:\/\/www.farmtocafeteriacanada.ca\/2015\/09\/f2s-salad-bars-take-root-in-new-brunswick\/#primaryimage","url":"https:\/\/www.farmtocafeteriacanada.ca\/wp-content\/uploads\/2015\/07\/salisbury_salad_bar.jpg","contentUrl":"https:\/\/www.farmtocafeteriacanada.ca\/wp-content\/uploads\/2015\/07\/salisbury_salad_bar.jpg","width":864,"height":576},{"@type":"BreadcrumbList","@id":"https:\/\/www.farmtocafeteriacanada.ca\/2015\/09\/f2s-salad-bars-take-root-in-new-brunswick\/#breadcrumb","itemListElement":[{"@type":"ListItem","position":1,"name":"Home","item":"https:\/\/www.farmtocafeteriacanada.ca\/fr\/accueil\/"},{"@type":"ListItem","position":2,"name":"Des buffets \u00e0 salades du r\u00e9seau De la ferme \u00e0 l\u2019\u00e9cole prennent racine au Nouveau-Brunswick"}]},{"@type":"WebSite","@id":"https:\/\/www.farmtocafeteriacanada.ca\/#website","url":"https:\/\/www.farmtocafeteriacanada.ca\/","name":"Farm to Cafeteria Canada","description":"","publisher":{"@id":"https:\/\/www.farmtocafeteriacanada.ca\/#organization"},"potentialAction":[{"@type":"SearchAction","target":{"@type":"EntryPoint","urlTemplate":"https:\/\/www.farmtocafeteriacanada.ca\/?s={search_term_string}"},"query-input":{"@type":"PropertyValueSpecification","valueRequired":true,"valueName":"search_term_string"}}],"inLanguage":"fr-FR"},{"@type":"Organization","@id":"https:\/\/www.farmtocafeteriacanada.ca\/#organization","name":"Farm to Cafeteria Canada","url":"https:\/\/www.farmtocafeteriacanada.ca\/","logo":{"@type":"ImageObject","inLanguage":"fr-FR","@id":"https:\/\/www.farmtocafeteriacanada.ca\/#\/schema\/logo\/image\/","url":"http:\/\/www.farmtocafeteriacanada.ca\/wp-content\/uploads\/2015\/03\/f2cc_logo_en2.png","contentUrl":"http:\/\/www.farmtocafeteriacanada.ca\/wp-content\/uploads\/2015\/03\/f2cc_logo_en2.png","width":3000,"height":476,"caption":"Farm to Cafeteria Canada"},"image":{"@id":"https:\/\/www.farmtocafeteriacanada.ca\/#\/schema\/logo\/image\/"},"sameAs":["https:\/\/www.facebook.com\/groups\/FarmtocafeteriaCanada\/","https:\/\/x.com\/Farm2Cafeteria","https:\/\/www.youtube.com\/channel\/UCQjcYiICtAygShD3IwNsewQ"]},{"@type":"Person","@id":"","url":"https:\/\/www.farmtocafeteriacanada.ca\/fr\/author\/"}]}},"_links":{"self":[{"href":"https:\/\/www.farmtocafeteriacanada.ca\/fr\/wp-json\/wp\/v2\/posts\/7035","targetHints":{"allow":["GET"]}}],"collection":[{"href":"https:\/\/www.farmtocafeteriacanada.ca\/fr\/wp-json\/wp\/v2\/posts"}],"about":[{"href":"https:\/\/www.farmtocafeteriacanada.ca\/fr\/wp-json\/wp\/v2\/types\/post"}],"author":[{"embeddable":true,"href":"https:\/\/www.farmtocafeteriacanada.ca\/fr\/wp-json\/wp\/v2\/users\/463"}],"replies":[{"embeddable":true,"href":"https:\/\/www.farmtocafeteriacanada.ca\/fr\/wp-json\/wp\/v2\/comments?post=7035"}],"version-history":[{"count":5,"href":"https:\/\/www.farmtocafeteriacanada.ca\/fr\/wp-json\/wp\/v2\/posts\/7035\/revisions"}],"predecessor-version":[{"id":20376,"href":"https:\/\/www.farmtocafeteriacanada.ca\/fr\/wp-json\/wp\/v2\/posts\/7035\/revisions\/20376"}],"wp:featuredmedia":[{"embeddable":true,"href":"https:\/\/www.farmtocafeteriacanada.ca\/fr\/wp-json\/wp\/v2\/media\/7022"}],"wp:attachment":[{"href":"https:\/\/www.farmtocafeteriacanada.ca\/fr\/wp-json\/wp\/v2\/media?parent=7035"}],"wp:term":[{"taxonomy":"category","embeddable":true,"href":"https:\/\/www.farmtocafeteriacanada.ca\/fr\/wp-json\/wp\/v2\/categories?post=7035"},{"taxonomy":"post_tag","embeddable":true,"href":"https:\/\/www.farmtocafeteriacanada.ca\/fr\/wp-json\/wp\/v2\/tags?post=7035"}],"curies":[{"name":"wp","href":"https:\/\/api.w.org\/{rel}","templated":true}]}}