
{"id":6922,"date":"2015-06-19T15:35:33","date_gmt":"2015-06-19T20:35:33","guid":{"rendered":"http:\/\/www.farmtocafeteriacanada.ca\/?p=6922"},"modified":"2020-08-03T10:54:36","modified_gmt":"2020-08-03T15:54:36","slug":"une-serre-educative-a-lecole-notre-dame","status":"publish","type":"post","link":"https:\/\/www.farmtocafeteriacanada.ca\/fr\/2015\/06\/une-serre-educative-a-lecole-notre-dame\/","title":{"rendered":"Une serre \u00e9ducative \u00e0 l&#8217;\u00e9cole Notre-Dame"},"content":{"rendered":"<p class=\"p2\"><span class=\"s2\">C\u2019est avec fiert\u00e9 que les \u00e9tudiants et le personnel de l\u2019\u00e9cole Notre-Dame d\u2019Edmundston ont inaugur\u00e9 leur serre lundi. Ce projet communautaire permettra \u00e9ventuellement aux \u00e9l\u00e8ves de consommer \u00e0 la caf\u00e9t\u00e9ria les l\u00e9gumes qu\u2019ils auront sem\u00e9s et dont ils auront pris soin.<\/span> \u00a0<a href=\"http:\/\/cimt.teleinterrives.com\/nouvelle-alaune_Une_serre_educative_a_l_Ecole_Notre_Dame_-20176\" target=\"_blank\" rel=\"noopener noreferrer\"><strong>Lire la suite.<\/strong><\/a><\/p>\n<p><em>Publi\u00e9 le 15 juin 2015 \u00e0 15 h 52<br \/>\nAuteur : Andr\u00e9anne Larouche<\/em><\/p>\n<p><iframe loading=\"lazy\" title=\"Une serre \u00e9ducative \u00e0 l&#039;\u00c9cole Notre-Dame\" width=\"1150\" height=\"647\" src=\"https:\/\/www.youtube.com\/embed\/ESHk13XPLlk?feature=oembed\" frameborder=\"0\" allow=\"accelerometer; autoplay; encrypted-media; gyroscope; picture-in-picture\" allowfullscreen><\/iframe><\/p>\n","protected":false},"excerpt":{"rendered":"<p>C\u2019est avec fiert\u00e9 que les \u00e9tudiants et le personnel de l\u2019\u00e9cole Notre-Dame d\u2019Edmundston ont inaugur\u00e9 leur serre lundi. Ce projet communautaire permettra \u00e9ventuellement aux \u00e9l\u00e8ves de consommer \u00e0 la caf\u00e9t\u00e9ria les l\u00e9gumes qu\u2019ils auront sem\u00e9s et dont ils auront pris soin. \u00a0Lire la suite. Publi\u00e9 le 15 juin 2015 \u00e0 15 h 52 Auteur : [&hellip;]<\/p>\n","protected":false},"author":3,"featured_media":6926,"comment_status":"open","ping_status":"open","sticky":false,"template":"","format":"standard","meta":{"_acf_changed":false,"_exactmetrics_skip_tracking":false,"_exactmetrics_sitenote_active":false,"_exactmetrics_sitenote_note":"","_exactmetrics_sitenote_category":0,"footnotes":""},"categories":[78,155,29,195],"tags":[321,339,323,26],"class_list":["post-6922","post","type-post","status-publish","format-standard","has-post-thumbnail","hentry","category-de_la_ferme_a_lecole","category-des-nouvelles-du-reseau","category-francais","category-video","tag-cultiver","tag-ecole-primaire-m-a-6","tag-manger","tag-video-fr"],"acf":[],"yoast_head":"<!-- This site is optimized with the Yoast SEO plugin v26.7 - https:\/\/yoast.com\/wordpress\/plugins\/seo\/ -->\n<title>Une serre \u00e9ducative \u00e0 l&#039;\u00e9cole Notre-Dame - Farm to Cafeteria Canada<\/title>\n<meta name=\"robots\" content=\"index, follow, max-snippet:-1, max-image-preview:large, max-video-preview:-1\" \/>\n<link rel=\"canonical\" href=\"https:\/\/www.farmtocafeteriacanada.ca\/fr\/2015\/06\/une-serre-educative-a-lecole-notre-dame\/\" \/>\n<meta property=\"og:locale\" content=\"fr_FR\" \/>\n<meta property=\"og:type\" content=\"article\" \/>\n<meta property=\"og:title\" content=\"Une serre \u00e9ducative \u00e0 l&#039;\u00e9cole Notre-Dame - Farm to Cafeteria Canada\" \/>\n<meta property=\"og:description\" content=\"C\u2019est avec fiert\u00e9 que les \u00e9tudiants et le personnel de l\u2019\u00e9cole Notre-Dame d\u2019Edmundston ont inaugur\u00e9 leur serre lundi. Ce projet communautaire permettra \u00e9ventuellement aux \u00e9l\u00e8ves de consommer \u00e0 la caf\u00e9t\u00e9ria les l\u00e9gumes qu\u2019ils auront sem\u00e9s et dont ils auront pris soin. \u00a0Lire la suite. Publi\u00e9 le 15 juin 2015 \u00e0 15 h 52 Auteur : [&hellip;]\" \/>\n<meta property=\"og:url\" content=\"https:\/\/www.farmtocafeteriacanada.ca\/fr\/2015\/06\/une-serre-educative-a-lecole-notre-dame\/\" \/>\n<meta property=\"og:site_name\" content=\"Farm to Cafeteria Canada\" \/>\n<meta property=\"article:publisher\" content=\"https:\/\/www.facebook.com\/groups\/FarmtocafeteriaCanada\/\" \/>\n<meta property=\"article:published_time\" content=\"2015-06-19T20:35:33+00:00\" \/>\n<meta property=\"article:modified_time\" content=\"2020-08-03T15:54:36+00:00\" \/>\n<meta property=\"og:image\" content=\"https:\/\/www.farmtocafeteriacanada.ca\/wp-content\/uploads\/2015\/06\/une_serre_\u00e9ducative.png\" \/>\n\t<meta property=\"og:image:width\" content=\"800\" \/>\n\t<meta property=\"og:image:height\" content=\"450\" \/>\n\t<meta property=\"og:image:type\" content=\"image\/png\" \/>\n<meta name=\"author\" content=\"F2CC admin\" \/>\n<meta name=\"twitter:card\" content=\"summary_large_image\" \/>\n<meta name=\"twitter:creator\" content=\"@Farm2Cafeteria\" \/>\n<meta name=\"twitter:site\" content=\"@Farm2Cafeteria\" \/>\n<meta name=\"twitter:label1\" content=\"\u00c9crit par\" \/>\n\t<meta name=\"twitter:data1\" content=\"F2CC admin\" \/>\n<script type=\"application\/ld+json\" class=\"yoast-schema-graph\">{\"@context\":\"https:\/\/schema.org\",\"@graph\":[{\"@type\":\"Article\",\"@id\":\"https:\/\/www.farmtocafeteriacanada.ca\/fr\/2015\/06\/une-serre-educative-a-lecole-notre-dame\/#article\",\"isPartOf\":{\"@id\":\"https:\/\/www.farmtocafeteriacanada.ca\/fr\/2015\/06\/une-serre-educative-a-lecole-notre-dame\/\"},\"author\":{\"name\":\"F2CC admin\",\"@id\":\"https:\/\/www.farmtocafeteriacanada.ca\/#\/schema\/person\/03c2a359a7f0c99b895e08c1e7056708\"},\"headline\":\"Une serre \u00e9ducative \u00e0 l&#8217;\u00e9cole Notre-Dame\",\"datePublished\":\"2015-06-19T20:35:33+00:00\",\"dateModified\":\"2020-08-03T15:54:36+00:00\",\"mainEntityOfPage\":{\"@id\":\"https:\/\/www.farmtocafeteriacanada.ca\/fr\/2015\/06\/une-serre-educative-a-lecole-notre-dame\/\"},\"wordCount\":71,\"commentCount\":0,\"publisher\":{\"@id\":\"https:\/\/www.farmtocafeteriacanada.ca\/#organization\"},\"image\":{\"@id\":\"https:\/\/www.farmtocafeteriacanada.ca\/fr\/2015\/06\/une-serre-educative-a-lecole-notre-dame\/#primaryimage\"},\"thumbnailUrl\":\"https:\/\/www.farmtocafeteriacanada.ca\/wp-content\/uploads\/2015\/06\/une_serre_\u00e9ducative.png\",\"keywords\":[\"Cultiver\",\"\u00c9cole primaire (M \u00e0 6)\",\"Manger\",\"Vid\u00e9o\"],\"articleSection\":[\"De la ferme \u00e0 l\u2019\u00e9cole\",\"Des nouvelles du r\u00e9seau\",\"Fran\u00e7ais\",\"Vid\u00e9o\"],\"inLanguage\":\"fr-FR\",\"potentialAction\":[{\"@type\":\"CommentAction\",\"name\":\"Comment\",\"target\":[\"https:\/\/www.farmtocafeteriacanada.ca\/fr\/2015\/06\/une-serre-educative-a-lecole-notre-dame\/#respond\"]}]},{\"@type\":\"WebPage\",\"@id\":\"https:\/\/www.farmtocafeteriacanada.ca\/fr\/2015\/06\/une-serre-educative-a-lecole-notre-dame\/\",\"url\":\"https:\/\/www.farmtocafeteriacanada.ca\/fr\/2015\/06\/une-serre-educative-a-lecole-notre-dame\/\",\"name\":\"Une serre \u00e9ducative \u00e0 l'\u00e9cole Notre-Dame - Farm to Cafeteria Canada\",\"isPartOf\":{\"@id\":\"https:\/\/www.farmtocafeteriacanada.ca\/#website\"},\"primaryImageOfPage\":{\"@id\":\"https:\/\/www.farmtocafeteriacanada.ca\/fr\/2015\/06\/une-serre-educative-a-lecole-notre-dame\/#primaryimage\"},\"image\":{\"@id\":\"https:\/\/www.farmtocafeteriacanada.ca\/fr\/2015\/06\/une-serre-educative-a-lecole-notre-dame\/#primaryimage\"},\"thumbnailUrl\":\"https:\/\/www.farmtocafeteriacanada.ca\/wp-content\/uploads\/2015\/06\/une_serre_\u00e9ducative.png\",\"datePublished\":\"2015-06-19T20:35:33+00:00\",\"dateModified\":\"2020-08-03T15:54:36+00:00\",\"breadcrumb\":{\"@id\":\"https:\/\/www.farmtocafeteriacanada.ca\/fr\/2015\/06\/une-serre-educative-a-lecole-notre-dame\/#breadcrumb\"},\"inLanguage\":\"fr-FR\",\"potentialAction\":[{\"@type\":\"ReadAction\",\"target\":[\"https:\/\/www.farmtocafeteriacanada.ca\/fr\/2015\/06\/une-serre-educative-a-lecole-notre-dame\/\"]}]},{\"@type\":\"ImageObject\",\"inLanguage\":\"fr-FR\",\"@id\":\"https:\/\/www.farmtocafeteriacanada.ca\/fr\/2015\/06\/une-serre-educative-a-lecole-notre-dame\/#primaryimage\",\"url\":\"https:\/\/www.farmtocafeteriacanada.ca\/wp-content\/uploads\/2015\/06\/une_serre_\u00e9ducative.png\",\"contentUrl\":\"https:\/\/www.farmtocafeteriacanada.ca\/wp-content\/uploads\/2015\/06\/une_serre_\u00e9ducative.png\",\"width\":800,\"height\":450,\"caption\":\"Une serre \u00e9ducative \u00e0 l'\u00c9cole Notre-Dame\"},{\"@type\":\"BreadcrumbList\",\"@id\":\"https:\/\/www.farmtocafeteriacanada.ca\/fr\/2015\/06\/une-serre-educative-a-lecole-notre-dame\/#breadcrumb\",\"itemListElement\":[{\"@type\":\"ListItem\",\"position\":1,\"name\":\"Home\",\"item\":\"https:\/\/www.farmtocafeteriacanada.ca\/fr\/accueil\/\"},{\"@type\":\"ListItem\",\"position\":2,\"name\":\"Une serre \u00e9ducative \u00e0 l&#8217;\u00e9cole Notre-Dame\"}]},{\"@type\":\"WebSite\",\"@id\":\"https:\/\/www.farmtocafeteriacanada.ca\/#website\",\"url\":\"https:\/\/www.farmtocafeteriacanada.ca\/\",\"name\":\"Farm to Cafeteria Canada\",\"description\":\"\",\"publisher\":{\"@id\":\"https:\/\/www.farmtocafeteriacanada.ca\/#organization\"},\"potentialAction\":[{\"@type\":\"SearchAction\",\"target\":{\"@type\":\"EntryPoint\",\"urlTemplate\":\"https:\/\/www.farmtocafeteriacanada.ca\/?s={search_term_string}\"},\"query-input\":{\"@type\":\"PropertyValueSpecification\",\"valueRequired\":true,\"valueName\":\"search_term_string\"}}],\"inLanguage\":\"fr-FR\"},{\"@type\":\"Organization\",\"@id\":\"https:\/\/www.farmtocafeteriacanada.ca\/#organization\",\"name\":\"Farm to Cafeteria Canada\",\"url\":\"https:\/\/www.farmtocafeteriacanada.ca\/\",\"logo\":{\"@type\":\"ImageObject\",\"inLanguage\":\"fr-FR\",\"@id\":\"https:\/\/www.farmtocafeteriacanada.ca\/#\/schema\/logo\/image\/\",\"url\":\"http:\/\/www.farmtocafeteriacanada.ca\/wp-content\/uploads\/2015\/03\/f2cc_logo_en2.png\",\"contentUrl\":\"http:\/\/www.farmtocafeteriacanada.ca\/wp-content\/uploads\/2015\/03\/f2cc_logo_en2.png\",\"width\":3000,\"height\":476,\"caption\":\"Farm to Cafeteria Canada\"},\"image\":{\"@id\":\"https:\/\/www.farmtocafeteriacanada.ca\/#\/schema\/logo\/image\/\"},\"sameAs\":[\"https:\/\/www.facebook.com\/groups\/FarmtocafeteriaCanada\/\",\"https:\/\/x.com\/Farm2Cafeteria\",\"https:\/\/www.youtube.com\/channel\/UCQjcYiICtAygShD3IwNsewQ\"]},{\"@type\":\"Person\",\"@id\":\"https:\/\/www.farmtocafeteriacanada.ca\/#\/schema\/person\/03c2a359a7f0c99b895e08c1e7056708\",\"name\":\"F2CC admin\",\"image\":{\"@type\":\"ImageObject\",\"inLanguage\":\"fr-FR\",\"@id\":\"https:\/\/www.farmtocafeteriacanada.ca\/#\/schema\/person\/image\/\",\"url\":\"https:\/\/secure.gravatar.com\/avatar\/c1ddaee9a55673d852314381577bb8198996fbef53c8e2320536bf543b7712b4?s=96&d=mm&r=g\",\"contentUrl\":\"https:\/\/secure.gravatar.com\/avatar\/c1ddaee9a55673d852314381577bb8198996fbef53c8e2320536bf543b7712b4?s=96&d=mm&r=g\",\"caption\":\"F2CC admin\"},\"url\":\"https:\/\/www.farmtocafeteriacanada.ca\/fr\/author\/tracey\/\"}]}<\/script>\n<!-- \/ Yoast SEO plugin. -->","yoast_head_json":{"title":"Une serre \u00e9ducative \u00e0 l'\u00e9cole Notre-Dame - Farm to Cafeteria Canada","robots":{"index":"index","follow":"follow","max-snippet":"max-snippet:-1","max-image-preview":"max-image-preview:large","max-video-preview":"max-video-preview:-1"},"canonical":"https:\/\/www.farmtocafeteriacanada.ca\/fr\/2015\/06\/une-serre-educative-a-lecole-notre-dame\/","og_locale":"fr_FR","og_type":"article","og_title":"Une serre \u00e9ducative \u00e0 l'\u00e9cole Notre-Dame - Farm to Cafeteria Canada","og_description":"C\u2019est avec fiert\u00e9 que les \u00e9tudiants et le personnel de l\u2019\u00e9cole Notre-Dame d\u2019Edmundston ont inaugur\u00e9 leur serre lundi. Ce projet communautaire permettra \u00e9ventuellement aux \u00e9l\u00e8ves de consommer \u00e0 la caf\u00e9t\u00e9ria les l\u00e9gumes qu\u2019ils auront sem\u00e9s et dont ils auront pris soin. \u00a0Lire la suite. Publi\u00e9 le 15 juin 2015 \u00e0 15 h 52 Auteur : [&hellip;]","og_url":"https:\/\/www.farmtocafeteriacanada.ca\/fr\/2015\/06\/une-serre-educative-a-lecole-notre-dame\/","og_site_name":"Farm to Cafeteria Canada","article_publisher":"https:\/\/www.facebook.com\/groups\/FarmtocafeteriaCanada\/","article_published_time":"2015-06-19T20:35:33+00:00","article_modified_time":"2020-08-03T15:54:36+00:00","og_image":[{"width":800,"height":450,"url":"https:\/\/www.farmtocafeteriacanada.ca\/wp-content\/uploads\/2015\/06\/une_serre_\u00e9ducative.png","type":"image\/png"}],"author":"F2CC admin","twitter_card":"summary_large_image","twitter_creator":"@Farm2Cafeteria","twitter_site":"@Farm2Cafeteria","twitter_misc":{"\u00c9crit par":"F2CC admin"},"schema":{"@context":"https:\/\/schema.org","@graph":[{"@type":"Article","@id":"https:\/\/www.farmtocafeteriacanada.ca\/fr\/2015\/06\/une-serre-educative-a-lecole-notre-dame\/#article","isPartOf":{"@id":"https:\/\/www.farmtocafeteriacanada.ca\/fr\/2015\/06\/une-serre-educative-a-lecole-notre-dame\/"},"author":{"name":"F2CC admin","@id":"https:\/\/www.farmtocafeteriacanada.ca\/#\/schema\/person\/03c2a359a7f0c99b895e08c1e7056708"},"headline":"Une serre \u00e9ducative \u00e0 l&#8217;\u00e9cole Notre-Dame","datePublished":"2015-06-19T20:35:33+00:00","dateModified":"2020-08-03T15:54:36+00:00","mainEntityOfPage":{"@id":"https:\/\/www.farmtocafeteriacanada.ca\/fr\/2015\/06\/une-serre-educative-a-lecole-notre-dame\/"},"wordCount":71,"commentCount":0,"publisher":{"@id":"https:\/\/www.farmtocafeteriacanada.ca\/#organization"},"image":{"@id":"https:\/\/www.farmtocafeteriacanada.ca\/fr\/2015\/06\/une-serre-educative-a-lecole-notre-dame\/#primaryimage"},"thumbnailUrl":"https:\/\/www.farmtocafeteriacanada.ca\/wp-content\/uploads\/2015\/06\/une_serre_\u00e9ducative.png","keywords":["Cultiver","\u00c9cole primaire (M \u00e0 6)","Manger","Vid\u00e9o"],"articleSection":["De la ferme \u00e0 l\u2019\u00e9cole","Des nouvelles du r\u00e9seau","Fran\u00e7ais","Vid\u00e9o"],"inLanguage":"fr-FR","potentialAction":[{"@type":"CommentAction","name":"Comment","target":["https:\/\/www.farmtocafeteriacanada.ca\/fr\/2015\/06\/une-serre-educative-a-lecole-notre-dame\/#respond"]}]},{"@type":"WebPage","@id":"https:\/\/www.farmtocafeteriacanada.ca\/fr\/2015\/06\/une-serre-educative-a-lecole-notre-dame\/","url":"https:\/\/www.farmtocafeteriacanada.ca\/fr\/2015\/06\/une-serre-educative-a-lecole-notre-dame\/","name":"Une serre \u00e9ducative \u00e0 l'\u00e9cole Notre-Dame - Farm to Cafeteria Canada","isPartOf":{"@id":"https:\/\/www.farmtocafeteriacanada.ca\/#website"},"primaryImageOfPage":{"@id":"https:\/\/www.farmtocafeteriacanada.ca\/fr\/2015\/06\/une-serre-educative-a-lecole-notre-dame\/#primaryimage"},"image":{"@id":"https:\/\/www.farmtocafeteriacanada.ca\/fr\/2015\/06\/une-serre-educative-a-lecole-notre-dame\/#primaryimage"},"thumbnailUrl":"https:\/\/www.farmtocafeteriacanada.ca\/wp-content\/uploads\/2015\/06\/une_serre_\u00e9ducative.png","datePublished":"2015-06-19T20:35:33+00:00","dateModified":"2020-08-03T15:54:36+00:00","breadcrumb":{"@id":"https:\/\/www.farmtocafeteriacanada.ca\/fr\/2015\/06\/une-serre-educative-a-lecole-notre-dame\/#breadcrumb"},"inLanguage":"fr-FR","potentialAction":[{"@type":"ReadAction","target":["https:\/\/www.farmtocafeteriacanada.ca\/fr\/2015\/06\/une-serre-educative-a-lecole-notre-dame\/"]}]},{"@type":"ImageObject","inLanguage":"fr-FR","@id":"https:\/\/www.farmtocafeteriacanada.ca\/fr\/2015\/06\/une-serre-educative-a-lecole-notre-dame\/#primaryimage","url":"https:\/\/www.farmtocafeteriacanada.ca\/wp-content\/uploads\/2015\/06\/une_serre_\u00e9ducative.png","contentUrl":"https:\/\/www.farmtocafeteriacanada.ca\/wp-content\/uploads\/2015\/06\/une_serre_\u00e9ducative.png","width":800,"height":450,"caption":"Une serre \u00e9ducative \u00e0 l'\u00c9cole Notre-Dame"},{"@type":"BreadcrumbList","@id":"https:\/\/www.farmtocafeteriacanada.ca\/fr\/2015\/06\/une-serre-educative-a-lecole-notre-dame\/#breadcrumb","itemListElement":[{"@type":"ListItem","position":1,"name":"Home","item":"https:\/\/www.farmtocafeteriacanada.ca\/fr\/accueil\/"},{"@type":"ListItem","position":2,"name":"Une serre \u00e9ducative \u00e0 l&#8217;\u00e9cole Notre-Dame"}]},{"@type":"WebSite","@id":"https:\/\/www.farmtocafeteriacanada.ca\/#website","url":"https:\/\/www.farmtocafeteriacanada.ca\/","name":"Farm to Cafeteria Canada","description":"","publisher":{"@id":"https:\/\/www.farmtocafeteriacanada.ca\/#organization"},"potentialAction":[{"@type":"SearchAction","target":{"@type":"EntryPoint","urlTemplate":"https:\/\/www.farmtocafeteriacanada.ca\/?s={search_term_string}"},"query-input":{"@type":"PropertyValueSpecification","valueRequired":true,"valueName":"search_term_string"}}],"inLanguage":"fr-FR"},{"@type":"Organization","@id":"https:\/\/www.farmtocafeteriacanada.ca\/#organization","name":"Farm to Cafeteria Canada","url":"https:\/\/www.farmtocafeteriacanada.ca\/","logo":{"@type":"ImageObject","inLanguage":"fr-FR","@id":"https:\/\/www.farmtocafeteriacanada.ca\/#\/schema\/logo\/image\/","url":"http:\/\/www.farmtocafeteriacanada.ca\/wp-content\/uploads\/2015\/03\/f2cc_logo_en2.png","contentUrl":"http:\/\/www.farmtocafeteriacanada.ca\/wp-content\/uploads\/2015\/03\/f2cc_logo_en2.png","width":3000,"height":476,"caption":"Farm to Cafeteria Canada"},"image":{"@id":"https:\/\/www.farmtocafeteriacanada.ca\/#\/schema\/logo\/image\/"},"sameAs":["https:\/\/www.facebook.com\/groups\/FarmtocafeteriaCanada\/","https:\/\/x.com\/Farm2Cafeteria","https:\/\/www.youtube.com\/channel\/UCQjcYiICtAygShD3IwNsewQ"]},{"@type":"Person","@id":"https:\/\/www.farmtocafeteriacanada.ca\/#\/schema\/person\/03c2a359a7f0c99b895e08c1e7056708","name":"F2CC admin","image":{"@type":"ImageObject","inLanguage":"fr-FR","@id":"https:\/\/www.farmtocafeteriacanada.ca\/#\/schema\/person\/image\/","url":"https:\/\/secure.gravatar.com\/avatar\/c1ddaee9a55673d852314381577bb8198996fbef53c8e2320536bf543b7712b4?s=96&d=mm&r=g","contentUrl":"https:\/\/secure.gravatar.com\/avatar\/c1ddaee9a55673d852314381577bb8198996fbef53c8e2320536bf543b7712b4?s=96&d=mm&r=g","caption":"F2CC admin"},"url":"https:\/\/www.farmtocafeteriacanada.ca\/fr\/author\/tracey\/"}]}},"_links":{"self":[{"href":"https:\/\/www.farmtocafeteriacanada.ca\/fr\/wp-json\/wp\/v2\/posts\/6922","targetHints":{"allow":["GET"]}}],"collection":[{"href":"https:\/\/www.farmtocafeteriacanada.ca\/fr\/wp-json\/wp\/v2\/posts"}],"about":[{"href":"https:\/\/www.farmtocafeteriacanada.ca\/fr\/wp-json\/wp\/v2\/types\/post"}],"author":[{"embeddable":true,"href":"https:\/\/www.farmtocafeteriacanada.ca\/fr\/wp-json\/wp\/v2\/users\/3"}],"replies":[{"embeddable":true,"href":"https:\/\/www.farmtocafeteriacanada.ca\/fr\/wp-json\/wp\/v2\/comments?post=6922"}],"version-history":[{"count":6,"href":"https:\/\/www.farmtocafeteriacanada.ca\/fr\/wp-json\/wp\/v2\/posts\/6922\/revisions"}],"predecessor-version":[{"id":20550,"href":"https:\/\/www.farmtocafeteriacanada.ca\/fr\/wp-json\/wp\/v2\/posts\/6922\/revisions\/20550"}],"wp:featuredmedia":[{"embeddable":true,"href":"https:\/\/www.farmtocafeteriacanada.ca\/fr\/wp-json\/wp\/v2\/media\/6926"}],"wp:attachment":[{"href":"https:\/\/www.farmtocafeteriacanada.ca\/fr\/wp-json\/wp\/v2\/media?parent=6922"}],"wp:term":[{"taxonomy":"category","embeddable":true,"href":"https:\/\/www.farmtocafeteriacanada.ca\/fr\/wp-json\/wp\/v2\/categories?post=6922"},{"taxonomy":"post_tag","embeddable":true,"href":"https:\/\/www.farmtocafeteriacanada.ca\/fr\/wp-json\/wp\/v2\/tags?post=6922"}],"curies":[{"name":"wp","href":"https:\/\/api.w.org\/{rel}","templated":true}]}}