
{"id":6454,"date":"2015-05-08T14:58:31","date_gmt":"2015-05-08T19:58:31","guid":{"rendered":"http:\/\/www.farmtocafeteriacanada.ca\/?p=6454"},"modified":"2020-08-03T10:58:14","modified_gmt":"2020-08-03T15:58:14","slug":"le-jardin-entrepreneurial-pedagomax","status":"publish","type":"post","link":"https:\/\/www.farmtocafeteriacanada.ca\/fr\/2015\/05\/le-jardin-entrepreneurial-pedagomax\/","title":{"rendered":"Le jardin entrepreneurial P\u00e9dagomax"},"content":{"rendered":"<p>Nous, les \u00e9l\u00e8ves de la classe\u00a06B de l\u2019\u00e9cole <a href=\"http:\/\/ecole.district1.nbed.nb.ca\/ecole-mfb\/\" target=\"_blank\" rel=\"noopener noreferrer\">M.F.B<\/a>. de Shediac, faisons un projet entrepreneurial pour la cour ext\u00e9rieure de l\u2019\u00e9cole. Au d\u00e9but octobre, Monsieur Mathieu nous proposa l\u2019id\u00e9e de construire un jardin. De cette id\u00e9e, nous avons eu une id\u00e9e encore plus grande. Nous avons d\u00e9cid\u00e9 d\u2019en faire un jardin p\u00e9dagogique. Celui-ci prendra forme d\u2019un potager et d\u2019un jardin botanique. En plus, avec l\u2019aide de G\u00e9nieArt, nous allons construire un coin de lecture\/mini classe ext\u00e9rieure au milieu de la section botanique. Nous voulons faire ce jardin entrepreneurial pour aider notre \u00e9cole et notre environnement. Nous croyons que ce projet va aider la fiert\u00e9, l\u2019atmosph\u00e8re et le sentiment d\u2019appartenance envers notre \u00e9cole, car nous le vivons en classe.<\/p>\n<p><em>Par\u00a0: Les \u00e9l\u00e8ves de la classe\u00a06B, <\/em><br \/>\n<em>de l\u2019\u00e9cole Mgr.-Fran\u00e7ois-Bourgeois<\/em><\/p>\n","protected":false},"excerpt":{"rendered":"<p>Nous, les \u00e9l\u00e8ves de la classe\u00a06B de l\u2019\u00e9cole M.F.B. de Shediac, faisons un projet entrepreneurial pour la cour ext\u00e9rieure de l\u2019\u00e9cole. Au d\u00e9but octobre, Monsieur Mathieu nous proposa l\u2019id\u00e9e de construire un jardin. De cette id\u00e9e, nous avons eu une id\u00e9e encore plus grande. Nous avons d\u00e9cid\u00e9 d\u2019en faire un jardin p\u00e9dagogique. Celui-ci prendra forme [&hellip;]<\/p>\n","protected":false},"author":3,"featured_media":6456,"comment_status":"open","ping_status":"open","sticky":false,"template":"","format":"standard","meta":{"_acf_changed":false,"_exactmetrics_skip_tracking":false,"_exactmetrics_sitenote_active":false,"_exactmetrics_sitenote_note":"","_exactmetrics_sitenote_category":0,"footnotes":""},"categories":[78,155,29],"tags":[321,339,159],"class_list":["post-6454","post","type-post","status-publish","format-standard","has-post-thumbnail","hentry","category-de_la_ferme_a_lecole","category-des-nouvelles-du-reseau","category-francais","tag-cultiver","tag-ecole-primaire-m-a-6","tag-nouveau-brunswick"],"acf":[],"yoast_head":"<!-- This site is optimized with the Yoast SEO plugin v26.7 - https:\/\/yoast.com\/wordpress\/plugins\/seo\/ -->\n<title>Le jardin entrepreneurial P\u00e9dagomax - Farm to Cafeteria Canada<\/title>\n<meta name=\"robots\" content=\"index, follow, max-snippet:-1, max-image-preview:large, max-video-preview:-1\" \/>\n<link rel=\"canonical\" href=\"https:\/\/www.farmtocafeteriacanada.ca\/fr\/2015\/05\/le-jardin-entrepreneurial-pedagomax\/\" \/>\n<meta property=\"og:locale\" content=\"fr_FR\" \/>\n<meta property=\"og:type\" content=\"article\" \/>\n<meta property=\"og:title\" content=\"Le jardin entrepreneurial P\u00e9dagomax - Farm to Cafeteria Canada\" \/>\n<meta property=\"og:description\" content=\"Nous, les \u00e9l\u00e8ves de la classe\u00a06B de l\u2019\u00e9cole M.F.B. de Shediac, faisons un projet entrepreneurial pour la cour ext\u00e9rieure de l\u2019\u00e9cole. Au d\u00e9but octobre, Monsieur Mathieu nous proposa l\u2019id\u00e9e de construire un jardin. De cette id\u00e9e, nous avons eu une id\u00e9e encore plus grande. Nous avons d\u00e9cid\u00e9 d\u2019en faire un jardin p\u00e9dagogique. Celui-ci prendra forme [&hellip;]\" \/>\n<meta property=\"og:url\" content=\"https:\/\/www.farmtocafeteriacanada.ca\/fr\/2015\/05\/le-jardin-entrepreneurial-pedagomax\/\" \/>\n<meta property=\"og:site_name\" content=\"Farm to Cafeteria Canada\" \/>\n<meta property=\"article:publisher\" content=\"https:\/\/www.facebook.com\/groups\/FarmtocafeteriaCanada\/\" \/>\n<meta property=\"article:published_time\" content=\"2015-05-08T19:58:31+00:00\" \/>\n<meta property=\"article:modified_time\" content=\"2020-08-03T15:58:14+00:00\" \/>\n<meta property=\"og:image\" content=\"https:\/\/www.farmtocafeteriacanada.ca\/wp-content\/uploads\/2015\/05\/le_jardin_entrepreneurial.jpg\" \/>\n\t<meta property=\"og:image:width\" content=\"640\" \/>\n\t<meta property=\"og:image:height\" content=\"234\" \/>\n\t<meta property=\"og:image:type\" content=\"image\/jpeg\" \/>\n<meta name=\"author\" content=\"F2CC admin\" \/>\n<meta name=\"twitter:card\" content=\"summary_large_image\" \/>\n<meta name=\"twitter:creator\" content=\"@Farm2Cafeteria\" \/>\n<meta name=\"twitter:site\" content=\"@Farm2Cafeteria\" \/>\n<meta name=\"twitter:label1\" content=\"\u00c9crit par\" \/>\n\t<meta name=\"twitter:data1\" content=\"F2CC admin\" \/>\n\t<meta name=\"twitter:label2\" content=\"Dur\u00e9e de lecture estim\u00e9e\" \/>\n\t<meta name=\"twitter:data2\" content=\"1 minute\" \/>\n<script type=\"application\/ld+json\" class=\"yoast-schema-graph\">{\"@context\":\"https:\/\/schema.org\",\"@graph\":[{\"@type\":\"Article\",\"@id\":\"https:\/\/www.farmtocafeteriacanada.ca\/fr\/2015\/05\/le-jardin-entrepreneurial-pedagomax\/#article\",\"isPartOf\":{\"@id\":\"https:\/\/www.farmtocafeteriacanada.ca\/fr\/2015\/05\/le-jardin-entrepreneurial-pedagomax\/\"},\"author\":{\"name\":\"F2CC admin\",\"@id\":\"https:\/\/www.farmtocafeteriacanada.ca\/#\/schema\/person\/03c2a359a7f0c99b895e08c1e7056708\"},\"headline\":\"Le jardin entrepreneurial P\u00e9dagomax\",\"datePublished\":\"2015-05-08T19:58:31+00:00\",\"dateModified\":\"2020-08-03T15:58:14+00:00\",\"mainEntityOfPage\":{\"@id\":\"https:\/\/www.farmtocafeteriacanada.ca\/fr\/2015\/05\/le-jardin-entrepreneurial-pedagomax\/\"},\"wordCount\":161,\"commentCount\":0,\"publisher\":{\"@id\":\"https:\/\/www.farmtocafeteriacanada.ca\/#organization\"},\"image\":{\"@id\":\"https:\/\/www.farmtocafeteriacanada.ca\/fr\/2015\/05\/le-jardin-entrepreneurial-pedagomax\/#primaryimage\"},\"thumbnailUrl\":\"https:\/\/www.farmtocafeteriacanada.ca\/wp-content\/uploads\/2015\/05\/le_jardin_entrepreneurial.jpg\",\"keywords\":[\"Cultiver\",\"\u00c9cole primaire (M \u00e0 6)\",\"Nouveau-Brunswick\"],\"articleSection\":[\"De la ferme \u00e0 l\u2019\u00e9cole\",\"Des nouvelles du r\u00e9seau\",\"Fran\u00e7ais\"],\"inLanguage\":\"fr-FR\",\"potentialAction\":[{\"@type\":\"CommentAction\",\"name\":\"Comment\",\"target\":[\"https:\/\/www.farmtocafeteriacanada.ca\/fr\/2015\/05\/le-jardin-entrepreneurial-pedagomax\/#respond\"]}]},{\"@type\":\"WebPage\",\"@id\":\"https:\/\/www.farmtocafeteriacanada.ca\/fr\/2015\/05\/le-jardin-entrepreneurial-pedagomax\/\",\"url\":\"https:\/\/www.farmtocafeteriacanada.ca\/fr\/2015\/05\/le-jardin-entrepreneurial-pedagomax\/\",\"name\":\"Le jardin entrepreneurial P\u00e9dagomax - Farm to Cafeteria Canada\",\"isPartOf\":{\"@id\":\"https:\/\/www.farmtocafeteriacanada.ca\/#website\"},\"primaryImageOfPage\":{\"@id\":\"https:\/\/www.farmtocafeteriacanada.ca\/fr\/2015\/05\/le-jardin-entrepreneurial-pedagomax\/#primaryimage\"},\"image\":{\"@id\":\"https:\/\/www.farmtocafeteriacanada.ca\/fr\/2015\/05\/le-jardin-entrepreneurial-pedagomax\/#primaryimage\"},\"thumbnailUrl\":\"https:\/\/www.farmtocafeteriacanada.ca\/wp-content\/uploads\/2015\/05\/le_jardin_entrepreneurial.jpg\",\"datePublished\":\"2015-05-08T19:58:31+00:00\",\"dateModified\":\"2020-08-03T15:58:14+00:00\",\"breadcrumb\":{\"@id\":\"https:\/\/www.farmtocafeteriacanada.ca\/fr\/2015\/05\/le-jardin-entrepreneurial-pedagomax\/#breadcrumb\"},\"inLanguage\":\"fr-FR\",\"potentialAction\":[{\"@type\":\"ReadAction\",\"target\":[\"https:\/\/www.farmtocafeteriacanada.ca\/fr\/2015\/05\/le-jardin-entrepreneurial-pedagomax\/\"]}]},{\"@type\":\"ImageObject\",\"inLanguage\":\"fr-FR\",\"@id\":\"https:\/\/www.farmtocafeteriacanada.ca\/fr\/2015\/05\/le-jardin-entrepreneurial-pedagomax\/#primaryimage\",\"url\":\"https:\/\/www.farmtocafeteriacanada.ca\/wp-content\/uploads\/2015\/05\/le_jardin_entrepreneurial.jpg\",\"contentUrl\":\"https:\/\/www.farmtocafeteriacanada.ca\/wp-content\/uploads\/2015\/05\/le_jardin_entrepreneurial.jpg\",\"width\":640,\"height\":234,\"caption\":\"Le jardin entrepreneurial P\u00e9dagomax\"},{\"@type\":\"BreadcrumbList\",\"@id\":\"https:\/\/www.farmtocafeteriacanada.ca\/fr\/2015\/05\/le-jardin-entrepreneurial-pedagomax\/#breadcrumb\",\"itemListElement\":[{\"@type\":\"ListItem\",\"position\":1,\"name\":\"Home\",\"item\":\"https:\/\/www.farmtocafeteriacanada.ca\/fr\/accueil\/\"},{\"@type\":\"ListItem\",\"position\":2,\"name\":\"Le jardin entrepreneurial P\u00e9dagomax\"}]},{\"@type\":\"WebSite\",\"@id\":\"https:\/\/www.farmtocafeteriacanada.ca\/#website\",\"url\":\"https:\/\/www.farmtocafeteriacanada.ca\/\",\"name\":\"Farm to Cafeteria Canada\",\"description\":\"\",\"publisher\":{\"@id\":\"https:\/\/www.farmtocafeteriacanada.ca\/#organization\"},\"potentialAction\":[{\"@type\":\"SearchAction\",\"target\":{\"@type\":\"EntryPoint\",\"urlTemplate\":\"https:\/\/www.farmtocafeteriacanada.ca\/?s={search_term_string}\"},\"query-input\":{\"@type\":\"PropertyValueSpecification\",\"valueRequired\":true,\"valueName\":\"search_term_string\"}}],\"inLanguage\":\"fr-FR\"},{\"@type\":\"Organization\",\"@id\":\"https:\/\/www.farmtocafeteriacanada.ca\/#organization\",\"name\":\"Farm to Cafeteria Canada\",\"url\":\"https:\/\/www.farmtocafeteriacanada.ca\/\",\"logo\":{\"@type\":\"ImageObject\",\"inLanguage\":\"fr-FR\",\"@id\":\"https:\/\/www.farmtocafeteriacanada.ca\/#\/schema\/logo\/image\/\",\"url\":\"http:\/\/www.farmtocafeteriacanada.ca\/wp-content\/uploads\/2015\/03\/f2cc_logo_en2.png\",\"contentUrl\":\"http:\/\/www.farmtocafeteriacanada.ca\/wp-content\/uploads\/2015\/03\/f2cc_logo_en2.png\",\"width\":3000,\"height\":476,\"caption\":\"Farm to Cafeteria Canada\"},\"image\":{\"@id\":\"https:\/\/www.farmtocafeteriacanada.ca\/#\/schema\/logo\/image\/\"},\"sameAs\":[\"https:\/\/www.facebook.com\/groups\/FarmtocafeteriaCanada\/\",\"https:\/\/x.com\/Farm2Cafeteria\",\"https:\/\/www.youtube.com\/channel\/UCQjcYiICtAygShD3IwNsewQ\"]},{\"@type\":\"Person\",\"@id\":\"https:\/\/www.farmtocafeteriacanada.ca\/#\/schema\/person\/03c2a359a7f0c99b895e08c1e7056708\",\"name\":\"F2CC admin\",\"image\":{\"@type\":\"ImageObject\",\"inLanguage\":\"fr-FR\",\"@id\":\"https:\/\/www.farmtocafeteriacanada.ca\/#\/schema\/person\/image\/\",\"url\":\"https:\/\/secure.gravatar.com\/avatar\/c1ddaee9a55673d852314381577bb8198996fbef53c8e2320536bf543b7712b4?s=96&d=mm&r=g\",\"contentUrl\":\"https:\/\/secure.gravatar.com\/avatar\/c1ddaee9a55673d852314381577bb8198996fbef53c8e2320536bf543b7712b4?s=96&d=mm&r=g\",\"caption\":\"F2CC admin\"},\"url\":\"https:\/\/www.farmtocafeteriacanada.ca\/fr\/author\/tracey\/\"}]}<\/script>\n<!-- \/ Yoast SEO plugin. -->","yoast_head_json":{"title":"Le jardin entrepreneurial P\u00e9dagomax - Farm to Cafeteria Canada","robots":{"index":"index","follow":"follow","max-snippet":"max-snippet:-1","max-image-preview":"max-image-preview:large","max-video-preview":"max-video-preview:-1"},"canonical":"https:\/\/www.farmtocafeteriacanada.ca\/fr\/2015\/05\/le-jardin-entrepreneurial-pedagomax\/","og_locale":"fr_FR","og_type":"article","og_title":"Le jardin entrepreneurial P\u00e9dagomax - Farm to Cafeteria Canada","og_description":"Nous, les \u00e9l\u00e8ves de la classe\u00a06B de l\u2019\u00e9cole M.F.B. de Shediac, faisons un projet entrepreneurial pour la cour ext\u00e9rieure de l\u2019\u00e9cole. Au d\u00e9but octobre, Monsieur Mathieu nous proposa l\u2019id\u00e9e de construire un jardin. De cette id\u00e9e, nous avons eu une id\u00e9e encore plus grande. Nous avons d\u00e9cid\u00e9 d\u2019en faire un jardin p\u00e9dagogique. Celui-ci prendra forme [&hellip;]","og_url":"https:\/\/www.farmtocafeteriacanada.ca\/fr\/2015\/05\/le-jardin-entrepreneurial-pedagomax\/","og_site_name":"Farm to Cafeteria Canada","article_publisher":"https:\/\/www.facebook.com\/groups\/FarmtocafeteriaCanada\/","article_published_time":"2015-05-08T19:58:31+00:00","article_modified_time":"2020-08-03T15:58:14+00:00","og_image":[{"width":640,"height":234,"url":"https:\/\/www.farmtocafeteriacanada.ca\/wp-content\/uploads\/2015\/05\/le_jardin_entrepreneurial.jpg","type":"image\/jpeg"}],"author":"F2CC admin","twitter_card":"summary_large_image","twitter_creator":"@Farm2Cafeteria","twitter_site":"@Farm2Cafeteria","twitter_misc":{"\u00c9crit par":"F2CC admin","Dur\u00e9e de lecture estim\u00e9e":"1 minute"},"schema":{"@context":"https:\/\/schema.org","@graph":[{"@type":"Article","@id":"https:\/\/www.farmtocafeteriacanada.ca\/fr\/2015\/05\/le-jardin-entrepreneurial-pedagomax\/#article","isPartOf":{"@id":"https:\/\/www.farmtocafeteriacanada.ca\/fr\/2015\/05\/le-jardin-entrepreneurial-pedagomax\/"},"author":{"name":"F2CC admin","@id":"https:\/\/www.farmtocafeteriacanada.ca\/#\/schema\/person\/03c2a359a7f0c99b895e08c1e7056708"},"headline":"Le jardin entrepreneurial P\u00e9dagomax","datePublished":"2015-05-08T19:58:31+00:00","dateModified":"2020-08-03T15:58:14+00:00","mainEntityOfPage":{"@id":"https:\/\/www.farmtocafeteriacanada.ca\/fr\/2015\/05\/le-jardin-entrepreneurial-pedagomax\/"},"wordCount":161,"commentCount":0,"publisher":{"@id":"https:\/\/www.farmtocafeteriacanada.ca\/#organization"},"image":{"@id":"https:\/\/www.farmtocafeteriacanada.ca\/fr\/2015\/05\/le-jardin-entrepreneurial-pedagomax\/#primaryimage"},"thumbnailUrl":"https:\/\/www.farmtocafeteriacanada.ca\/wp-content\/uploads\/2015\/05\/le_jardin_entrepreneurial.jpg","keywords":["Cultiver","\u00c9cole primaire (M \u00e0 6)","Nouveau-Brunswick"],"articleSection":["De la ferme \u00e0 l\u2019\u00e9cole","Des nouvelles du r\u00e9seau","Fran\u00e7ais"],"inLanguage":"fr-FR","potentialAction":[{"@type":"CommentAction","name":"Comment","target":["https:\/\/www.farmtocafeteriacanada.ca\/fr\/2015\/05\/le-jardin-entrepreneurial-pedagomax\/#respond"]}]},{"@type":"WebPage","@id":"https:\/\/www.farmtocafeteriacanada.ca\/fr\/2015\/05\/le-jardin-entrepreneurial-pedagomax\/","url":"https:\/\/www.farmtocafeteriacanada.ca\/fr\/2015\/05\/le-jardin-entrepreneurial-pedagomax\/","name":"Le jardin entrepreneurial P\u00e9dagomax - Farm to Cafeteria Canada","isPartOf":{"@id":"https:\/\/www.farmtocafeteriacanada.ca\/#website"},"primaryImageOfPage":{"@id":"https:\/\/www.farmtocafeteriacanada.ca\/fr\/2015\/05\/le-jardin-entrepreneurial-pedagomax\/#primaryimage"},"image":{"@id":"https:\/\/www.farmtocafeteriacanada.ca\/fr\/2015\/05\/le-jardin-entrepreneurial-pedagomax\/#primaryimage"},"thumbnailUrl":"https:\/\/www.farmtocafeteriacanada.ca\/wp-content\/uploads\/2015\/05\/le_jardin_entrepreneurial.jpg","datePublished":"2015-05-08T19:58:31+00:00","dateModified":"2020-08-03T15:58:14+00:00","breadcrumb":{"@id":"https:\/\/www.farmtocafeteriacanada.ca\/fr\/2015\/05\/le-jardin-entrepreneurial-pedagomax\/#breadcrumb"},"inLanguage":"fr-FR","potentialAction":[{"@type":"ReadAction","target":["https:\/\/www.farmtocafeteriacanada.ca\/fr\/2015\/05\/le-jardin-entrepreneurial-pedagomax\/"]}]},{"@type":"ImageObject","inLanguage":"fr-FR","@id":"https:\/\/www.farmtocafeteriacanada.ca\/fr\/2015\/05\/le-jardin-entrepreneurial-pedagomax\/#primaryimage","url":"https:\/\/www.farmtocafeteriacanada.ca\/wp-content\/uploads\/2015\/05\/le_jardin_entrepreneurial.jpg","contentUrl":"https:\/\/www.farmtocafeteriacanada.ca\/wp-content\/uploads\/2015\/05\/le_jardin_entrepreneurial.jpg","width":640,"height":234,"caption":"Le jardin entrepreneurial P\u00e9dagomax"},{"@type":"BreadcrumbList","@id":"https:\/\/www.farmtocafeteriacanada.ca\/fr\/2015\/05\/le-jardin-entrepreneurial-pedagomax\/#breadcrumb","itemListElement":[{"@type":"ListItem","position":1,"name":"Home","item":"https:\/\/www.farmtocafeteriacanada.ca\/fr\/accueil\/"},{"@type":"ListItem","position":2,"name":"Le jardin entrepreneurial P\u00e9dagomax"}]},{"@type":"WebSite","@id":"https:\/\/www.farmtocafeteriacanada.ca\/#website","url":"https:\/\/www.farmtocafeteriacanada.ca\/","name":"Farm to Cafeteria Canada","description":"","publisher":{"@id":"https:\/\/www.farmtocafeteriacanada.ca\/#organization"},"potentialAction":[{"@type":"SearchAction","target":{"@type":"EntryPoint","urlTemplate":"https:\/\/www.farmtocafeteriacanada.ca\/?s={search_term_string}"},"query-input":{"@type":"PropertyValueSpecification","valueRequired":true,"valueName":"search_term_string"}}],"inLanguage":"fr-FR"},{"@type":"Organization","@id":"https:\/\/www.farmtocafeteriacanada.ca\/#organization","name":"Farm to Cafeteria Canada","url":"https:\/\/www.farmtocafeteriacanada.ca\/","logo":{"@type":"ImageObject","inLanguage":"fr-FR","@id":"https:\/\/www.farmtocafeteriacanada.ca\/#\/schema\/logo\/image\/","url":"http:\/\/www.farmtocafeteriacanada.ca\/wp-content\/uploads\/2015\/03\/f2cc_logo_en2.png","contentUrl":"http:\/\/www.farmtocafeteriacanada.ca\/wp-content\/uploads\/2015\/03\/f2cc_logo_en2.png","width":3000,"height":476,"caption":"Farm to Cafeteria Canada"},"image":{"@id":"https:\/\/www.farmtocafeteriacanada.ca\/#\/schema\/logo\/image\/"},"sameAs":["https:\/\/www.facebook.com\/groups\/FarmtocafeteriaCanada\/","https:\/\/x.com\/Farm2Cafeteria","https:\/\/www.youtube.com\/channel\/UCQjcYiICtAygShD3IwNsewQ"]},{"@type":"Person","@id":"https:\/\/www.farmtocafeteriacanada.ca\/#\/schema\/person\/03c2a359a7f0c99b895e08c1e7056708","name":"F2CC admin","image":{"@type":"ImageObject","inLanguage":"fr-FR","@id":"https:\/\/www.farmtocafeteriacanada.ca\/#\/schema\/person\/image\/","url":"https:\/\/secure.gravatar.com\/avatar\/c1ddaee9a55673d852314381577bb8198996fbef53c8e2320536bf543b7712b4?s=96&d=mm&r=g","contentUrl":"https:\/\/secure.gravatar.com\/avatar\/c1ddaee9a55673d852314381577bb8198996fbef53c8e2320536bf543b7712b4?s=96&d=mm&r=g","caption":"F2CC admin"},"url":"https:\/\/www.farmtocafeteriacanada.ca\/fr\/author\/tracey\/"}]}},"_links":{"self":[{"href":"https:\/\/www.farmtocafeteriacanada.ca\/fr\/wp-json\/wp\/v2\/posts\/6454","targetHints":{"allow":["GET"]}}],"collection":[{"href":"https:\/\/www.farmtocafeteriacanada.ca\/fr\/wp-json\/wp\/v2\/posts"}],"about":[{"href":"https:\/\/www.farmtocafeteriacanada.ca\/fr\/wp-json\/wp\/v2\/types\/post"}],"author":[{"embeddable":true,"href":"https:\/\/www.farmtocafeteriacanada.ca\/fr\/wp-json\/wp\/v2\/users\/3"}],"replies":[{"embeddable":true,"href":"https:\/\/www.farmtocafeteriacanada.ca\/fr\/wp-json\/wp\/v2\/comments?post=6454"}],"version-history":[{"count":2,"href":"https:\/\/www.farmtocafeteriacanada.ca\/fr\/wp-json\/wp\/v2\/posts\/6454\/revisions"}],"predecessor-version":[{"id":20380,"href":"https:\/\/www.farmtocafeteriacanada.ca\/fr\/wp-json\/wp\/v2\/posts\/6454\/revisions\/20380"}],"wp:featuredmedia":[{"embeddable":true,"href":"https:\/\/www.farmtocafeteriacanada.ca\/fr\/wp-json\/wp\/v2\/media\/6456"}],"wp:attachment":[{"href":"https:\/\/www.farmtocafeteriacanada.ca\/fr\/wp-json\/wp\/v2\/media?parent=6454"}],"wp:term":[{"taxonomy":"category","embeddable":true,"href":"https:\/\/www.farmtocafeteriacanada.ca\/fr\/wp-json\/wp\/v2\/categories?post=6454"},{"taxonomy":"post_tag","embeddable":true,"href":"https:\/\/www.farmtocafeteriacanada.ca\/fr\/wp-json\/wp\/v2\/tags?post=6454"}],"curies":[{"name":"wp","href":"https:\/\/api.w.org\/{rel}","templated":true}]}}