
{"id":48469,"date":"2026-03-19T11:56:11","date_gmt":"2026-03-19T16:56:11","guid":{"rendered":"https:\/\/www.farmtocafeteriacanada.ca\/?p=48469"},"modified":"2026-03-19T11:56:11","modified_gmt":"2026-03-19T16:56:11","slug":"une-classe-hors-du-commun","status":"publish","type":"post","link":"https:\/\/www.farmtocafeteriacanada.ca\/fr\/2026\/03\/une-classe-hors-du-commun\/","title":{"rendered":"Une classe hors du commun"},"content":{"rendered":"<p><img loading=\"lazy\" decoding=\"async\" class=\"wp-image-44003 size-full alignnone\" src=\"https:\/\/www.farmtocafeteriacanada.ca\/wp-content\/uploads\/f2s_seed-grant_blog_header_fr.png\" alt=\"\" width=\"982\" height=\"64\" srcset=\"https:\/\/www.farmtocafeteriacanada.ca\/wp-content\/uploads\/f2s_seed-grant_blog_header_fr.png 982w, https:\/\/www.farmtocafeteriacanada.ca\/wp-content\/uploads\/f2s_seed-grant_blog_header_fr-768x50.png 768w\" sizes=\"auto, (max-width: 982px) 100vw, 982px\" \/><\/p>\n<p><span style=\"color: #00938b;\"><b>Polyvalente Louis-Saint-Laurent, East Angus, QC<br \/>\n<\/b><em><b>P\u00e9riode de bourse, 2024-2025<\/b><\/em><\/span><\/p>\n<h5><strong>\u00c0 l\u2019initiative d\u2019Enviro Cit\u00e9, un club \u00e9tudiant de la Polyvalente Louis-Saint-Laurent, l\u2019\u00e9cole a mis sur pied une classe en plein air comprenant un potager, une fermette et un projet de for\u00eat nourrici\u00e8re. Le potager a \u00e9t\u00e9 cr\u00e9\u00e9 dans le but d\u2019approvisionner le projet de collations gratuites offertes aux \u00e9l\u00e8ves, tout en encourageant de saines habitudes de vie. Ce projet vise \u00e9galement \u00e0 rendre l\u2019\u00e9cole plus autonome et \u00e0 sensibiliser les \u00e9l\u00e8ves \u00e0 l\u2019origine des aliments et \u00e0 l\u2019environnement.<\/strong><\/h5>\n<p><iframe loading=\"lazy\" title=\"Une classe hors du commun, Polyvalente Louis Saint Laurent, QC (La bourse de d\u00e9marrage 2024\/2025)\" width=\"1150\" height=\"647\" src=\"https:\/\/www.youtube.com\/embed\/_wlGzuKVnKs?feature=oembed\" frameborder=\"0\" allow=\"accelerometer; autoplay; clipboard-write; encrypted-media; gyroscope; picture-in-picture; web-share\" referrerpolicy=\"strict-origin-when-cross-origin\" allowfullscreen><\/iframe><\/p>\n","protected":false},"excerpt":{"rendered":"<p>Polyvalente Louis-Saint-Laurent, East Angus, QC P\u00e9riode de bourse, 2024-2025 \u00c0 l\u2019initiative d\u2019Enviro Cit\u00e9, un club \u00e9tudiant de la Polyvalente Louis-Saint-Laurent, l\u2019\u00e9cole a mis sur pied une classe en plein air comprenant un potager, une fermette et un projet de for\u00eat nourrici\u00e8re. Le potager a \u00e9t\u00e9 cr\u00e9\u00e9 dans le but d\u2019approvisionner le projet de collations gratuites [&hellip;]<\/p>\n","protected":false},"author":3,"featured_media":0,"comment_status":"closed","ping_status":"closed","sticky":false,"template":"","format":"standard","meta":{"_acf_changed":false,"_exactmetrics_skip_tracking":false,"_exactmetrics_sitenote_active":false,"_exactmetrics_sitenote_note":"","_exactmetrics_sitenote_category":0,"footnotes":""},"categories":[254,390,393],"tags":[322,321,331,344,323,101,26],"class_list":["post-48469","post","type-post","status-publish","format-standard","hentry","category-blogue-de-page-daccueil","category-rc-curriculum-fr","category-rc-environnement","tag-cuisiner","tag-cultiver","tag-environnement","tag-histoire","tag-manger","tag-quebec-fr","tag-video-fr"],"acf":[],"yoast_head":"<!-- This site is optimized with the Yoast SEO plugin v26.7 - https:\/\/yoast.com\/wordpress\/plugins\/seo\/ -->\n<title>Une classe hors du commun - Farm to Cafeteria Canada<\/title>\n<meta name=\"robots\" content=\"index, follow, max-snippet:-1, max-image-preview:large, max-video-preview:-1\" \/>\n<link rel=\"canonical\" href=\"https:\/\/www.farmtocafeteriacanada.ca\/fr\/2026\/03\/une-classe-hors-du-commun\/\" \/>\n<meta property=\"og:locale\" content=\"fr_FR\" \/>\n<meta property=\"og:type\" content=\"article\" \/>\n<meta property=\"og:title\" content=\"Une classe hors du commun - Farm to Cafeteria Canada\" \/>\n<meta property=\"og:description\" content=\"Polyvalente Louis-Saint-Laurent, East Angus, QC P\u00e9riode de bourse, 2024-2025 \u00c0 l\u2019initiative d\u2019Enviro Cit\u00e9, un club \u00e9tudiant de la Polyvalente Louis-Saint-Laurent, l\u2019\u00e9cole a mis sur pied une classe en plein air comprenant un potager, une fermette et un projet de for\u00eat nourrici\u00e8re. Le potager a \u00e9t\u00e9 cr\u00e9\u00e9 dans le but d\u2019approvisionner le projet de collations gratuites [&hellip;]\" \/>\n<meta property=\"og:url\" content=\"https:\/\/www.farmtocafeteriacanada.ca\/fr\/2026\/03\/une-classe-hors-du-commun\/\" \/>\n<meta property=\"og:site_name\" content=\"Farm to Cafeteria Canada\" \/>\n<meta property=\"article:publisher\" content=\"https:\/\/www.facebook.com\/groups\/FarmtocafeteriaCanada\/\" \/>\n<meta property=\"article:published_time\" content=\"2026-03-19T16:56:11+00:00\" \/>\n<meta property=\"og:image\" content=\"https:\/\/www.farmtocafeteriacanada.ca\/wp-content\/uploads\/f2s_seed-grant_blog_header_fr.png\" \/>\n\t<meta property=\"og:image:width\" content=\"982\" \/>\n\t<meta property=\"og:image:height\" content=\"64\" \/>\n\t<meta property=\"og:image:type\" content=\"image\/png\" \/>\n<meta name=\"author\" content=\"F2CC admin\" \/>\n<meta name=\"twitter:card\" content=\"summary_large_image\" \/>\n<meta name=\"twitter:creator\" content=\"@Farm2Cafeteria\" \/>\n<meta name=\"twitter:site\" content=\"@Farm2Cafeteria\" \/>\n<meta name=\"twitter:label1\" content=\"\u00c9crit par\" \/>\n\t<meta name=\"twitter:data1\" content=\"F2CC admin\" \/>\n\t<meta name=\"twitter:label2\" content=\"Dur\u00e9e de lecture estim\u00e9e\" \/>\n\t<meta name=\"twitter:data2\" content=\"1 minute\" \/>\n<script type=\"application\/ld+json\" class=\"yoast-schema-graph\">{\"@context\":\"https:\/\/schema.org\",\"@graph\":[{\"@type\":\"Article\",\"@id\":\"https:\/\/www.farmtocafeteriacanada.ca\/fr\/2026\/03\/une-classe-hors-du-commun\/#article\",\"isPartOf\":{\"@id\":\"https:\/\/www.farmtocafeteriacanada.ca\/fr\/2026\/03\/une-classe-hors-du-commun\/\"},\"author\":{\"name\":\"F2CC admin\",\"@id\":\"https:\/\/www.farmtocafeteriacanada.ca\/#\/schema\/person\/03c2a359a7f0c99b895e08c1e7056708\"},\"headline\":\"Une classe hors du commun\",\"datePublished\":\"2026-03-19T16:56:11+00:00\",\"mainEntityOfPage\":{\"@id\":\"https:\/\/www.farmtocafeteriacanada.ca\/fr\/2026\/03\/une-classe-hors-du-commun\/\"},\"wordCount\":103,\"publisher\":{\"@id\":\"https:\/\/www.farmtocafeteriacanada.ca\/#organization\"},\"image\":{\"@id\":\"https:\/\/www.farmtocafeteriacanada.ca\/fr\/2026\/03\/une-classe-hors-du-commun\/#primaryimage\"},\"thumbnailUrl\":\"https:\/\/www.farmtocafeteriacanada.ca\/wp-content\/uploads\/f2s_seed-grant_blog_header_fr.png\",\"keywords\":[\"Cuisiner\",\"Cultiver\",\"Environnement\",\"Histoire\",\"Manger\",\"Qu\u00e9bec\",\"Vid\u00e9o\"],\"articleSection\":[\"Blogue de page d'accueil\",\"RC: Curriculum-fr\",\"RC: L\u2019environnement\"],\"inLanguage\":\"fr-FR\"},{\"@type\":\"WebPage\",\"@id\":\"https:\/\/www.farmtocafeteriacanada.ca\/fr\/2026\/03\/une-classe-hors-du-commun\/\",\"url\":\"https:\/\/www.farmtocafeteriacanada.ca\/fr\/2026\/03\/une-classe-hors-du-commun\/\",\"name\":\"Une classe hors du commun - Farm to Cafeteria Canada\",\"isPartOf\":{\"@id\":\"https:\/\/www.farmtocafeteriacanada.ca\/#website\"},\"primaryImageOfPage\":{\"@id\":\"https:\/\/www.farmtocafeteriacanada.ca\/fr\/2026\/03\/une-classe-hors-du-commun\/#primaryimage\"},\"image\":{\"@id\":\"https:\/\/www.farmtocafeteriacanada.ca\/fr\/2026\/03\/une-classe-hors-du-commun\/#primaryimage\"},\"thumbnailUrl\":\"https:\/\/www.farmtocafeteriacanada.ca\/wp-content\/uploads\/f2s_seed-grant_blog_header_fr.png\",\"datePublished\":\"2026-03-19T16:56:11+00:00\",\"breadcrumb\":{\"@id\":\"https:\/\/www.farmtocafeteriacanada.ca\/fr\/2026\/03\/une-classe-hors-du-commun\/#breadcrumb\"},\"inLanguage\":\"fr-FR\",\"potentialAction\":[{\"@type\":\"ReadAction\",\"target\":[\"https:\/\/www.farmtocafeteriacanada.ca\/fr\/2026\/03\/une-classe-hors-du-commun\/\"]}]},{\"@type\":\"ImageObject\",\"inLanguage\":\"fr-FR\",\"@id\":\"https:\/\/www.farmtocafeteriacanada.ca\/fr\/2026\/03\/une-classe-hors-du-commun\/#primaryimage\",\"url\":\"https:\/\/www.farmtocafeteriacanada.ca\/wp-content\/uploads\/f2s_seed-grant_blog_header_fr.png\",\"contentUrl\":\"https:\/\/www.farmtocafeteriacanada.ca\/wp-content\/uploads\/f2s_seed-grant_blog_header_fr.png\"},{\"@type\":\"BreadcrumbList\",\"@id\":\"https:\/\/www.farmtocafeteriacanada.ca\/fr\/2026\/03\/une-classe-hors-du-commun\/#breadcrumb\",\"itemListElement\":[{\"@type\":\"ListItem\",\"position\":1,\"name\":\"Home\",\"item\":\"https:\/\/www.farmtocafeteriacanada.ca\/fr\/accueil\/\"},{\"@type\":\"ListItem\",\"position\":2,\"name\":\"Une classe hors du commun\"}]},{\"@type\":\"WebSite\",\"@id\":\"https:\/\/www.farmtocafeteriacanada.ca\/#website\",\"url\":\"https:\/\/www.farmtocafeteriacanada.ca\/\",\"name\":\"Farm to Cafeteria Canada\",\"description\":\"\",\"publisher\":{\"@id\":\"https:\/\/www.farmtocafeteriacanada.ca\/#organization\"},\"potentialAction\":[{\"@type\":\"SearchAction\",\"target\":{\"@type\":\"EntryPoint\",\"urlTemplate\":\"https:\/\/www.farmtocafeteriacanada.ca\/?s={search_term_string}\"},\"query-input\":{\"@type\":\"PropertyValueSpecification\",\"valueRequired\":true,\"valueName\":\"search_term_string\"}}],\"inLanguage\":\"fr-FR\"},{\"@type\":\"Organization\",\"@id\":\"https:\/\/www.farmtocafeteriacanada.ca\/#organization\",\"name\":\"Farm to Cafeteria Canada\",\"url\":\"https:\/\/www.farmtocafeteriacanada.ca\/\",\"logo\":{\"@type\":\"ImageObject\",\"inLanguage\":\"fr-FR\",\"@id\":\"https:\/\/www.farmtocafeteriacanada.ca\/#\/schema\/logo\/image\/\",\"url\":\"http:\/\/www.farmtocafeteriacanada.ca\/wp-content\/uploads\/2015\/03\/f2cc_logo_en2.png\",\"contentUrl\":\"http:\/\/www.farmtocafeteriacanada.ca\/wp-content\/uploads\/2015\/03\/f2cc_logo_en2.png\",\"width\":3000,\"height\":476,\"caption\":\"Farm to Cafeteria Canada\"},\"image\":{\"@id\":\"https:\/\/www.farmtocafeteriacanada.ca\/#\/schema\/logo\/image\/\"},\"sameAs\":[\"https:\/\/www.facebook.com\/groups\/FarmtocafeteriaCanada\/\",\"https:\/\/x.com\/Farm2Cafeteria\",\"https:\/\/www.youtube.com\/channel\/UCQjcYiICtAygShD3IwNsewQ\"]},{\"@type\":\"Person\",\"@id\":\"https:\/\/www.farmtocafeteriacanada.ca\/#\/schema\/person\/03c2a359a7f0c99b895e08c1e7056708\",\"name\":\"F2CC admin\",\"image\":{\"@type\":\"ImageObject\",\"inLanguage\":\"fr-FR\",\"@id\":\"https:\/\/www.farmtocafeteriacanada.ca\/#\/schema\/person\/image\/\",\"url\":\"https:\/\/secure.gravatar.com\/avatar\/c1ddaee9a55673d852314381577bb8198996fbef53c8e2320536bf543b7712b4?s=96&d=mm&r=g\",\"contentUrl\":\"https:\/\/secure.gravatar.com\/avatar\/c1ddaee9a55673d852314381577bb8198996fbef53c8e2320536bf543b7712b4?s=96&d=mm&r=g\",\"caption\":\"F2CC admin\"},\"url\":\"https:\/\/www.farmtocafeteriacanada.ca\/fr\/author\/tracey\/\"}]}<\/script>\n<!-- \/ Yoast SEO plugin. -->","yoast_head_json":{"title":"Une classe hors du commun - Farm to Cafeteria Canada","robots":{"index":"index","follow":"follow","max-snippet":"max-snippet:-1","max-image-preview":"max-image-preview:large","max-video-preview":"max-video-preview:-1"},"canonical":"https:\/\/www.farmtocafeteriacanada.ca\/fr\/2026\/03\/une-classe-hors-du-commun\/","og_locale":"fr_FR","og_type":"article","og_title":"Une classe hors du commun - Farm to Cafeteria Canada","og_description":"Polyvalente Louis-Saint-Laurent, East Angus, QC P\u00e9riode de bourse, 2024-2025 \u00c0 l\u2019initiative d\u2019Enviro Cit\u00e9, un club \u00e9tudiant de la Polyvalente Louis-Saint-Laurent, l\u2019\u00e9cole a mis sur pied une classe en plein air comprenant un potager, une fermette et un projet de for\u00eat nourrici\u00e8re. Le potager a \u00e9t\u00e9 cr\u00e9\u00e9 dans le but d\u2019approvisionner le projet de collations gratuites [&hellip;]","og_url":"https:\/\/www.farmtocafeteriacanada.ca\/fr\/2026\/03\/une-classe-hors-du-commun\/","og_site_name":"Farm to Cafeteria Canada","article_publisher":"https:\/\/www.facebook.com\/groups\/FarmtocafeteriaCanada\/","article_published_time":"2026-03-19T16:56:11+00:00","og_image":[{"width":982,"height":64,"url":"https:\/\/www.farmtocafeteriacanada.ca\/wp-content\/uploads\/f2s_seed-grant_blog_header_fr.png","type":"image\/png"}],"author":"F2CC admin","twitter_card":"summary_large_image","twitter_creator":"@Farm2Cafeteria","twitter_site":"@Farm2Cafeteria","twitter_misc":{"\u00c9crit par":"F2CC admin","Dur\u00e9e de lecture estim\u00e9e":"1 minute"},"schema":{"@context":"https:\/\/schema.org","@graph":[{"@type":"Article","@id":"https:\/\/www.farmtocafeteriacanada.ca\/fr\/2026\/03\/une-classe-hors-du-commun\/#article","isPartOf":{"@id":"https:\/\/www.farmtocafeteriacanada.ca\/fr\/2026\/03\/une-classe-hors-du-commun\/"},"author":{"name":"F2CC admin","@id":"https:\/\/www.farmtocafeteriacanada.ca\/#\/schema\/person\/03c2a359a7f0c99b895e08c1e7056708"},"headline":"Une classe hors du commun","datePublished":"2026-03-19T16:56:11+00:00","mainEntityOfPage":{"@id":"https:\/\/www.farmtocafeteriacanada.ca\/fr\/2026\/03\/une-classe-hors-du-commun\/"},"wordCount":103,"publisher":{"@id":"https:\/\/www.farmtocafeteriacanada.ca\/#organization"},"image":{"@id":"https:\/\/www.farmtocafeteriacanada.ca\/fr\/2026\/03\/une-classe-hors-du-commun\/#primaryimage"},"thumbnailUrl":"https:\/\/www.farmtocafeteriacanada.ca\/wp-content\/uploads\/f2s_seed-grant_blog_header_fr.png","keywords":["Cuisiner","Cultiver","Environnement","Histoire","Manger","Qu\u00e9bec","Vid\u00e9o"],"articleSection":["Blogue de page d'accueil","RC: Curriculum-fr","RC: L\u2019environnement"],"inLanguage":"fr-FR"},{"@type":"WebPage","@id":"https:\/\/www.farmtocafeteriacanada.ca\/fr\/2026\/03\/une-classe-hors-du-commun\/","url":"https:\/\/www.farmtocafeteriacanada.ca\/fr\/2026\/03\/une-classe-hors-du-commun\/","name":"Une classe hors du commun - Farm to Cafeteria Canada","isPartOf":{"@id":"https:\/\/www.farmtocafeteriacanada.ca\/#website"},"primaryImageOfPage":{"@id":"https:\/\/www.farmtocafeteriacanada.ca\/fr\/2026\/03\/une-classe-hors-du-commun\/#primaryimage"},"image":{"@id":"https:\/\/www.farmtocafeteriacanada.ca\/fr\/2026\/03\/une-classe-hors-du-commun\/#primaryimage"},"thumbnailUrl":"https:\/\/www.farmtocafeteriacanada.ca\/wp-content\/uploads\/f2s_seed-grant_blog_header_fr.png","datePublished":"2026-03-19T16:56:11+00:00","breadcrumb":{"@id":"https:\/\/www.farmtocafeteriacanada.ca\/fr\/2026\/03\/une-classe-hors-du-commun\/#breadcrumb"},"inLanguage":"fr-FR","potentialAction":[{"@type":"ReadAction","target":["https:\/\/www.farmtocafeteriacanada.ca\/fr\/2026\/03\/une-classe-hors-du-commun\/"]}]},{"@type":"ImageObject","inLanguage":"fr-FR","@id":"https:\/\/www.farmtocafeteriacanada.ca\/fr\/2026\/03\/une-classe-hors-du-commun\/#primaryimage","url":"https:\/\/www.farmtocafeteriacanada.ca\/wp-content\/uploads\/f2s_seed-grant_blog_header_fr.png","contentUrl":"https:\/\/www.farmtocafeteriacanada.ca\/wp-content\/uploads\/f2s_seed-grant_blog_header_fr.png"},{"@type":"BreadcrumbList","@id":"https:\/\/www.farmtocafeteriacanada.ca\/fr\/2026\/03\/une-classe-hors-du-commun\/#breadcrumb","itemListElement":[{"@type":"ListItem","position":1,"name":"Home","item":"https:\/\/www.farmtocafeteriacanada.ca\/fr\/accueil\/"},{"@type":"ListItem","position":2,"name":"Une classe hors du commun"}]},{"@type":"WebSite","@id":"https:\/\/www.farmtocafeteriacanada.ca\/#website","url":"https:\/\/www.farmtocafeteriacanada.ca\/","name":"Farm to Cafeteria Canada","description":"","publisher":{"@id":"https:\/\/www.farmtocafeteriacanada.ca\/#organization"},"potentialAction":[{"@type":"SearchAction","target":{"@type":"EntryPoint","urlTemplate":"https:\/\/www.farmtocafeteriacanada.ca\/?s={search_term_string}"},"query-input":{"@type":"PropertyValueSpecification","valueRequired":true,"valueName":"search_term_string"}}],"inLanguage":"fr-FR"},{"@type":"Organization","@id":"https:\/\/www.farmtocafeteriacanada.ca\/#organization","name":"Farm to Cafeteria Canada","url":"https:\/\/www.farmtocafeteriacanada.ca\/","logo":{"@type":"ImageObject","inLanguage":"fr-FR","@id":"https:\/\/www.farmtocafeteriacanada.ca\/#\/schema\/logo\/image\/","url":"http:\/\/www.farmtocafeteriacanada.ca\/wp-content\/uploads\/2015\/03\/f2cc_logo_en2.png","contentUrl":"http:\/\/www.farmtocafeteriacanada.ca\/wp-content\/uploads\/2015\/03\/f2cc_logo_en2.png","width":3000,"height":476,"caption":"Farm to Cafeteria Canada"},"image":{"@id":"https:\/\/www.farmtocafeteriacanada.ca\/#\/schema\/logo\/image\/"},"sameAs":["https:\/\/www.facebook.com\/groups\/FarmtocafeteriaCanada\/","https:\/\/x.com\/Farm2Cafeteria","https:\/\/www.youtube.com\/channel\/UCQjcYiICtAygShD3IwNsewQ"]},{"@type":"Person","@id":"https:\/\/www.farmtocafeteriacanada.ca\/#\/schema\/person\/03c2a359a7f0c99b895e08c1e7056708","name":"F2CC admin","image":{"@type":"ImageObject","inLanguage":"fr-FR","@id":"https:\/\/www.farmtocafeteriacanada.ca\/#\/schema\/person\/image\/","url":"https:\/\/secure.gravatar.com\/avatar\/c1ddaee9a55673d852314381577bb8198996fbef53c8e2320536bf543b7712b4?s=96&d=mm&r=g","contentUrl":"https:\/\/secure.gravatar.com\/avatar\/c1ddaee9a55673d852314381577bb8198996fbef53c8e2320536bf543b7712b4?s=96&d=mm&r=g","caption":"F2CC admin"},"url":"https:\/\/www.farmtocafeteriacanada.ca\/fr\/author\/tracey\/"}]}},"_links":{"self":[{"href":"https:\/\/www.farmtocafeteriacanada.ca\/fr\/wp-json\/wp\/v2\/posts\/48469","targetHints":{"allow":["GET"]}}],"collection":[{"href":"https:\/\/www.farmtocafeteriacanada.ca\/fr\/wp-json\/wp\/v2\/posts"}],"about":[{"href":"https:\/\/www.farmtocafeteriacanada.ca\/fr\/wp-json\/wp\/v2\/types\/post"}],"author":[{"embeddable":true,"href":"https:\/\/www.farmtocafeteriacanada.ca\/fr\/wp-json\/wp\/v2\/users\/3"}],"replies":[{"embeddable":true,"href":"https:\/\/www.farmtocafeteriacanada.ca\/fr\/wp-json\/wp\/v2\/comments?post=48469"}],"version-history":[{"count":6,"href":"https:\/\/www.farmtocafeteriacanada.ca\/fr\/wp-json\/wp\/v2\/posts\/48469\/revisions"}],"predecessor-version":[{"id":48480,"href":"https:\/\/www.farmtocafeteriacanada.ca\/fr\/wp-json\/wp\/v2\/posts\/48469\/revisions\/48480"}],"wp:attachment":[{"href":"https:\/\/www.farmtocafeteriacanada.ca\/fr\/wp-json\/wp\/v2\/media?parent=48469"}],"wp:term":[{"taxonomy":"category","embeddable":true,"href":"https:\/\/www.farmtocafeteriacanada.ca\/fr\/wp-json\/wp\/v2\/categories?post=48469"},{"taxonomy":"post_tag","embeddable":true,"href":"https:\/\/www.farmtocafeteriacanada.ca\/fr\/wp-json\/wp\/v2\/tags?post=48469"}],"curies":[{"name":"wp","href":"https:\/\/api.w.org\/{rel}","templated":true}]}}