
{"id":46168,"date":"2025-02-28T15:23:55","date_gmt":"2025-02-28T21:23:55","guid":{"rendered":"https:\/\/www.farmtocafeteriacanada.ca\/?p=46168"},"modified":"2025-02-28T15:46:21","modified_gmt":"2025-02-28T21:46:21","slug":"accord-sur-lalimentation-scolaire-au-nunavut","status":"publish","type":"post","link":"https:\/\/www.farmtocafeteriacanada.ca\/fr\/2025\/02\/accord-sur-lalimentation-scolaire-au-nunavut\/","title":{"rendered":"Accord sur l&#8217;alimentation scolaire au Nunavut"},"content":{"rendered":"<h4><strong><em>Des nouvelles r\u00e9jouissantes !<\/em> Le Nunavut est le premier territoire \u00e0 annoncer un accord avec le gouvernement f\u00e9d\u00e9ral dans le cadre du Programme national d&#8217;alimentation scolaire.<\/strong><\/h4>\n<p style=\"font-weight: 400;\"><img loading=\"lazy\" decoding=\"async\" class=\" wp-image-46161 alignright\" src=\"https:\/\/www.farmtocafeteriacanada.ca\/wp-content\/uploads\/Flag_of_Nunavut.png\" alt=\"\" width=\"309\" height=\"174\" \/><\/p>\n<p style=\"font-weight: 400;\">En vertu de cet accord, Nunavut recevra environ $7,6 millions de dollars pour am\u00e9liorer leur programmation d\u2019alimentation scolaire, ce qui va b\u00e9n\u00e9ficier \u00e0 plus de 11\u2009000\u00a0\u00e9l\u00e8ves dans l\u2019ensemble du territoire. Cet investissement permettra d\u2019apporter les am\u00e9liorations requises dans les cuisines, d\u2019embaucher du personnel, d\u2019offrir plus de repas nutritifs et de donner acc\u00e8s \u00e0 des aliments traditionnels \u00e0 l\u2019\u00e9cole, comme l\u2019airelle, la chicout\u00e9, le caribou, le saumon et la morue, qui sont des aliments nutritifs pour les enfants et qui maintiennent les liens culturels.<\/p>\n<p style=\"font-weight: 400;\">Nos investissements r\u00e9duiront la charge sur les familles et permettront d&#8217;offrir plus de repas nutritifs aux \u00e9l\u00e8ves afin qu&#8217;ils puissent se concentrer sur ce qui compte le plus : l&#8217;apprentissage et la croissance. Ce programme aidera \u00e0 accroitre l\u2019acc\u00e8s \u00e9quitable et offrira des chances \u00e9gales aux enfants qui vivent dans le Nord, majoritairement Autochtones, qui sont touch\u00e9s de mani\u00e8re disproportionn\u00e9e par une grande ins\u00e9curit\u00e9 alimentaire.<\/p>\n<p style=\"font-weight: 400;\">Les n\u00e9gociations sont bien avanc\u00e9es partout au Canada et nous travaillons d&#8217;arrache-pied pour signer d&#8217;autres accords avec les provinces et les territoires afin de poursuivre l&#8217;expansion des programmes alimentaires scolaires \u00e0 travers le Canada. Il y aura plus d\u2019annonces dans les semaines \u00e0 venir.<\/p>\n<p style=\"font-weight: 400;\">L&#8217;investissement d&#8217;un milliard de dollars sur cinq ans du budget 2024 comprend \u00e9galement un financement fond\u00e9 sur les distinctions pour les Premi\u00e8res Nations dans les r\u00e9serves, les Inuits, les M\u00e9tis et les d\u00e9tenteurs d&#8217;un trait\u00e9 moderne et d&#8217;un accord d&#8217;autonomie gouvernementale. Nous travaillons directement avec nos partenaires autochtones \u00e0 la mise en \u0153uvre de ce financement et de plus amples informations seront communiqu\u00e9es ult\u00e9rieurement.<\/p>\n<blockquote><p>\u00ab Offrir des aliments sains aux \u00e9l\u00e8ves dans les \u00e9coles peut avoir une \u00e9norme incidence sur les taux de r\u00e9tention et de diplomation. J\u2019ai vu moi-m\u00eame l\u2019importance des programmes de petits-d\u00e9jeuners pour les enfants \u00e0 l\u2019\u00e9cole et j\u2019ai vu tous les effets positifs lorsque les \u00e9l\u00e8ves entrent en salle de classe avec le ventre plein. J\u2019ai h\u00e2te de voir plus d\u2019occasions de partenariat avec le gouvernement du Canada pour la mise en place d\u2019initiatives qui soutiennent le bien-\u00eatre des familles et des communaut\u00e9s et qui apportent des solutions \u00e0 la hausse du co\u00fbt de la vie. \u00bb <em><strong>\u2013\u00a0Le premier ministre du Nunavut, l\u2019honorable P.J.\u00a0Akeeagok<\/strong><\/em><\/p><\/blockquote>\n<p style=\"font-weight: 400; text-align: center;\"><strong>Veuillez trouver le communiqu\u00e9 de presse officiel ici\u00a0:<\/strong><\/p>\n<p style=\"text-align: center;\"><a class=\"gdlr-core-button gdlr-core-button-shortcode  gdlr-core-button-gradient gdlr-core-button-no-border\" href=\"https:\/\/www.canada.ca\/fr\/emploi-developpement-social\/nouvelles\/2025\/02\/encore-plus-de-repas-sains-pour-les-enfants-du-nunavut.html\" target=\"_blank\"  style=\"margin-right: 20px;\"  ><span class=\"gdlr-core-content\"  >Encore plus de repas sains pour les enfantrs du Nunavut <\/span><\/a><\/p>\n","protected":false},"excerpt":{"rendered":"<p>Des nouvelles r\u00e9jouissantes ! Le Nunavut est le premier territoire \u00e0 annoncer un accord avec le gouvernement f\u00e9d\u00e9ral dans le cadre du Programme national d&#8217;alimentation scolaire. En vertu de cet accord, Nunavut recevra environ $7,6 millions de dollars pour am\u00e9liorer leur programmation d\u2019alimentation scolaire, ce qui va b\u00e9n\u00e9ficier \u00e0 plus de 11\u2009000\u00a0\u00e9l\u00e8ves dans l\u2019ensemble du [&hellip;]<\/p>\n","protected":false},"author":3,"featured_media":46162,"comment_status":"closed","ping_status":"closed","sticky":false,"template":"","format":"standard","meta":{"_acf_changed":false,"_exactmetrics_skip_tracking":false,"_exactmetrics_sitenote_active":false,"_exactmetrics_sitenote_note":"","_exactmetrics_sitenote_category":0,"footnotes":""},"categories":[254,397],"tags":[327,503,323,497],"class_list":["post-46168","post","type-post","status-publish","format-standard","has-post-thumbnail","hentry","category-blogue-de-page-daccueil","category-rc-communautes-autochtones","tag-apprentissage-pratique","tag-culture-autochtone-fr","tag-manger","tag-pratiques-alimentaires-autochtones"],"acf":[],"yoast_head":"<!-- This site is optimized with the Yoast SEO plugin v26.7 - https:\/\/yoast.com\/wordpress\/plugins\/seo\/ -->\n<title>Accord sur l&#039;alimentation scolaire au Nunavut - Farm to Cafeteria Canada<\/title>\n<meta name=\"robots\" content=\"index, follow, max-snippet:-1, max-image-preview:large, max-video-preview:-1\" \/>\n<link rel=\"canonical\" href=\"https:\/\/www.farmtocafeteriacanada.ca\/fr\/2025\/02\/accord-sur-lalimentation-scolaire-au-nunavut\/\" \/>\n<meta property=\"og:locale\" content=\"fr_FR\" \/>\n<meta property=\"og:type\" content=\"article\" \/>\n<meta property=\"og:title\" content=\"Accord sur l&#039;alimentation scolaire au Nunavut - Farm to Cafeteria Canada\" \/>\n<meta property=\"og:description\" content=\"Des nouvelles r\u00e9jouissantes ! Le Nunavut est le premier territoire \u00e0 annoncer un accord avec le gouvernement f\u00e9d\u00e9ral dans le cadre du Programme national d&#8217;alimentation scolaire. En vertu de cet accord, Nunavut recevra environ $7,6 millions de dollars pour am\u00e9liorer leur programmation d\u2019alimentation scolaire, ce qui va b\u00e9n\u00e9ficier \u00e0 plus de 11\u2009000\u00a0\u00e9l\u00e8ves dans l\u2019ensemble du [&hellip;]\" \/>\n<meta property=\"og:url\" content=\"https:\/\/www.farmtocafeteriacanada.ca\/fr\/2025\/02\/accord-sur-lalimentation-scolaire-au-nunavut\/\" \/>\n<meta property=\"og:site_name\" content=\"Farm to Cafeteria Canada\" \/>\n<meta property=\"article:publisher\" content=\"https:\/\/www.facebook.com\/groups\/FarmtocafeteriaCanada\/\" \/>\n<meta property=\"article:published_time\" content=\"2025-02-28T21:23:55+00:00\" \/>\n<meta property=\"article:modified_time\" content=\"2025-02-28T21:46:21+00:00\" \/>\n<meta property=\"og:image\" content=\"https:\/\/www.farmtocafeteriacanada.ca\/wp-content\/uploads\/Flag_of_Nunavut.png\" \/>\n\t<meta property=\"og:image:width\" content=\"720\" \/>\n\t<meta property=\"og:image:height\" content=\"405\" \/>\n\t<meta property=\"og:image:type\" content=\"image\/png\" \/>\n<meta name=\"author\" content=\"F2CC admin\" \/>\n<meta name=\"twitter:card\" content=\"summary_large_image\" \/>\n<meta name=\"twitter:creator\" content=\"@Farm2Cafeteria\" \/>\n<meta name=\"twitter:site\" content=\"@Farm2Cafeteria\" \/>\n<meta name=\"twitter:label1\" content=\"\u00c9crit par\" \/>\n\t<meta name=\"twitter:data1\" content=\"F2CC admin\" \/>\n\t<meta name=\"twitter:label2\" content=\"Dur\u00e9e de lecture estim\u00e9e\" \/>\n\t<meta name=\"twitter:data2\" content=\"2 minutes\" \/>\n<script type=\"application\/ld+json\" class=\"yoast-schema-graph\">{\"@context\":\"https:\/\/schema.org\",\"@graph\":[{\"@type\":\"Article\",\"@id\":\"https:\/\/www.farmtocafeteriacanada.ca\/fr\/2025\/02\/accord-sur-lalimentation-scolaire-au-nunavut\/#article\",\"isPartOf\":{\"@id\":\"https:\/\/www.farmtocafeteriacanada.ca\/fr\/2025\/02\/accord-sur-lalimentation-scolaire-au-nunavut\/\"},\"author\":{\"name\":\"F2CC admin\",\"@id\":\"https:\/\/www.farmtocafeteriacanada.ca\/#\/schema\/person\/03c2a359a7f0c99b895e08c1e7056708\"},\"headline\":\"Accord sur l&#8217;alimentation scolaire au Nunavut\",\"datePublished\":\"2025-02-28T21:23:55+00:00\",\"dateModified\":\"2025-02-28T21:46:21+00:00\",\"mainEntityOfPage\":{\"@id\":\"https:\/\/www.farmtocafeteriacanada.ca\/fr\/2025\/02\/accord-sur-lalimentation-scolaire-au-nunavut\/\"},\"wordCount\":477,\"publisher\":{\"@id\":\"https:\/\/www.farmtocafeteriacanada.ca\/#organization\"},\"image\":{\"@id\":\"https:\/\/www.farmtocafeteriacanada.ca\/fr\/2025\/02\/accord-sur-lalimentation-scolaire-au-nunavut\/#primaryimage\"},\"thumbnailUrl\":\"https:\/\/www.farmtocafeteriacanada.ca\/wp-content\/uploads\/Flag_of_Nunavut.png\",\"keywords\":[\"Apprentissage pratique\",\"Culture Autochtone\",\"Manger\",\"Pratiques alimentaires autochtones\"],\"articleSection\":[\"Blogue de page d'accueil\",\"RC: Les communaut\u00e9s autochtones\"],\"inLanguage\":\"fr-FR\"},{\"@type\":\"WebPage\",\"@id\":\"https:\/\/www.farmtocafeteriacanada.ca\/fr\/2025\/02\/accord-sur-lalimentation-scolaire-au-nunavut\/\",\"url\":\"https:\/\/www.farmtocafeteriacanada.ca\/fr\/2025\/02\/accord-sur-lalimentation-scolaire-au-nunavut\/\",\"name\":\"Accord sur l'alimentation scolaire au Nunavut - Farm to Cafeteria Canada\",\"isPartOf\":{\"@id\":\"https:\/\/www.farmtocafeteriacanada.ca\/#website\"},\"primaryImageOfPage\":{\"@id\":\"https:\/\/www.farmtocafeteriacanada.ca\/fr\/2025\/02\/accord-sur-lalimentation-scolaire-au-nunavut\/#primaryimage\"},\"image\":{\"@id\":\"https:\/\/www.farmtocafeteriacanada.ca\/fr\/2025\/02\/accord-sur-lalimentation-scolaire-au-nunavut\/#primaryimage\"},\"thumbnailUrl\":\"https:\/\/www.farmtocafeteriacanada.ca\/wp-content\/uploads\/Flag_of_Nunavut.png\",\"datePublished\":\"2025-02-28T21:23:55+00:00\",\"dateModified\":\"2025-02-28T21:46:21+00:00\",\"breadcrumb\":{\"@id\":\"https:\/\/www.farmtocafeteriacanada.ca\/fr\/2025\/02\/accord-sur-lalimentation-scolaire-au-nunavut\/#breadcrumb\"},\"inLanguage\":\"fr-FR\",\"potentialAction\":[{\"@type\":\"ReadAction\",\"target\":[\"https:\/\/www.farmtocafeteriacanada.ca\/fr\/2025\/02\/accord-sur-lalimentation-scolaire-au-nunavut\/\"]}]},{\"@type\":\"ImageObject\",\"inLanguage\":\"fr-FR\",\"@id\":\"https:\/\/www.farmtocafeteriacanada.ca\/fr\/2025\/02\/accord-sur-lalimentation-scolaire-au-nunavut\/#primaryimage\",\"url\":\"https:\/\/www.farmtocafeteriacanada.ca\/wp-content\/uploads\/Flag_of_Nunavut.png\",\"contentUrl\":\"https:\/\/www.farmtocafeteriacanada.ca\/wp-content\/uploads\/Flag_of_Nunavut.png\",\"width\":720,\"height\":405},{\"@type\":\"BreadcrumbList\",\"@id\":\"https:\/\/www.farmtocafeteriacanada.ca\/fr\/2025\/02\/accord-sur-lalimentation-scolaire-au-nunavut\/#breadcrumb\",\"itemListElement\":[{\"@type\":\"ListItem\",\"position\":1,\"name\":\"Home\",\"item\":\"https:\/\/www.farmtocafeteriacanada.ca\/fr\/accueil\/\"},{\"@type\":\"ListItem\",\"position\":2,\"name\":\"Accord sur l&#8217;alimentation scolaire au Nunavut\"}]},{\"@type\":\"WebSite\",\"@id\":\"https:\/\/www.farmtocafeteriacanada.ca\/#website\",\"url\":\"https:\/\/www.farmtocafeteriacanada.ca\/\",\"name\":\"Farm to Cafeteria Canada\",\"description\":\"\",\"publisher\":{\"@id\":\"https:\/\/www.farmtocafeteriacanada.ca\/#organization\"},\"potentialAction\":[{\"@type\":\"SearchAction\",\"target\":{\"@type\":\"EntryPoint\",\"urlTemplate\":\"https:\/\/www.farmtocafeteriacanada.ca\/?s={search_term_string}\"},\"query-input\":{\"@type\":\"PropertyValueSpecification\",\"valueRequired\":true,\"valueName\":\"search_term_string\"}}],\"inLanguage\":\"fr-FR\"},{\"@type\":\"Organization\",\"@id\":\"https:\/\/www.farmtocafeteriacanada.ca\/#organization\",\"name\":\"Farm to Cafeteria Canada\",\"url\":\"https:\/\/www.farmtocafeteriacanada.ca\/\",\"logo\":{\"@type\":\"ImageObject\",\"inLanguage\":\"fr-FR\",\"@id\":\"https:\/\/www.farmtocafeteriacanada.ca\/#\/schema\/logo\/image\/\",\"url\":\"http:\/\/www.farmtocafeteriacanada.ca\/wp-content\/uploads\/2015\/03\/f2cc_logo_en2.png\",\"contentUrl\":\"http:\/\/www.farmtocafeteriacanada.ca\/wp-content\/uploads\/2015\/03\/f2cc_logo_en2.png\",\"width\":3000,\"height\":476,\"caption\":\"Farm to Cafeteria Canada\"},\"image\":{\"@id\":\"https:\/\/www.farmtocafeteriacanada.ca\/#\/schema\/logo\/image\/\"},\"sameAs\":[\"https:\/\/www.facebook.com\/groups\/FarmtocafeteriaCanada\/\",\"https:\/\/x.com\/Farm2Cafeteria\",\"https:\/\/www.youtube.com\/channel\/UCQjcYiICtAygShD3IwNsewQ\"]},{\"@type\":\"Person\",\"@id\":\"https:\/\/www.farmtocafeteriacanada.ca\/#\/schema\/person\/03c2a359a7f0c99b895e08c1e7056708\",\"name\":\"F2CC admin\",\"image\":{\"@type\":\"ImageObject\",\"inLanguage\":\"fr-FR\",\"@id\":\"https:\/\/www.farmtocafeteriacanada.ca\/#\/schema\/person\/image\/\",\"url\":\"https:\/\/secure.gravatar.com\/avatar\/c1ddaee9a55673d852314381577bb8198996fbef53c8e2320536bf543b7712b4?s=96&d=mm&r=g\",\"contentUrl\":\"https:\/\/secure.gravatar.com\/avatar\/c1ddaee9a55673d852314381577bb8198996fbef53c8e2320536bf543b7712b4?s=96&d=mm&r=g\",\"caption\":\"F2CC admin\"},\"url\":\"https:\/\/www.farmtocafeteriacanada.ca\/fr\/author\/tracey\/\"}]}<\/script>\n<!-- \/ Yoast SEO plugin. -->","yoast_head_json":{"title":"Accord sur l'alimentation scolaire au Nunavut - Farm to Cafeteria Canada","robots":{"index":"index","follow":"follow","max-snippet":"max-snippet:-1","max-image-preview":"max-image-preview:large","max-video-preview":"max-video-preview:-1"},"canonical":"https:\/\/www.farmtocafeteriacanada.ca\/fr\/2025\/02\/accord-sur-lalimentation-scolaire-au-nunavut\/","og_locale":"fr_FR","og_type":"article","og_title":"Accord sur l'alimentation scolaire au Nunavut - Farm to Cafeteria Canada","og_description":"Des nouvelles r\u00e9jouissantes ! Le Nunavut est le premier territoire \u00e0 annoncer un accord avec le gouvernement f\u00e9d\u00e9ral dans le cadre du Programme national d&#8217;alimentation scolaire. En vertu de cet accord, Nunavut recevra environ $7,6 millions de dollars pour am\u00e9liorer leur programmation d\u2019alimentation scolaire, ce qui va b\u00e9n\u00e9ficier \u00e0 plus de 11\u2009000\u00a0\u00e9l\u00e8ves dans l\u2019ensemble du [&hellip;]","og_url":"https:\/\/www.farmtocafeteriacanada.ca\/fr\/2025\/02\/accord-sur-lalimentation-scolaire-au-nunavut\/","og_site_name":"Farm to Cafeteria Canada","article_publisher":"https:\/\/www.facebook.com\/groups\/FarmtocafeteriaCanada\/","article_published_time":"2025-02-28T21:23:55+00:00","article_modified_time":"2025-02-28T21:46:21+00:00","og_image":[{"width":720,"height":405,"url":"https:\/\/www.farmtocafeteriacanada.ca\/wp-content\/uploads\/Flag_of_Nunavut.png","type":"image\/png"}],"author":"F2CC admin","twitter_card":"summary_large_image","twitter_creator":"@Farm2Cafeteria","twitter_site":"@Farm2Cafeteria","twitter_misc":{"\u00c9crit par":"F2CC admin","Dur\u00e9e de lecture estim\u00e9e":"2 minutes"},"schema":{"@context":"https:\/\/schema.org","@graph":[{"@type":"Article","@id":"https:\/\/www.farmtocafeteriacanada.ca\/fr\/2025\/02\/accord-sur-lalimentation-scolaire-au-nunavut\/#article","isPartOf":{"@id":"https:\/\/www.farmtocafeteriacanada.ca\/fr\/2025\/02\/accord-sur-lalimentation-scolaire-au-nunavut\/"},"author":{"name":"F2CC admin","@id":"https:\/\/www.farmtocafeteriacanada.ca\/#\/schema\/person\/03c2a359a7f0c99b895e08c1e7056708"},"headline":"Accord sur l&#8217;alimentation scolaire au Nunavut","datePublished":"2025-02-28T21:23:55+00:00","dateModified":"2025-02-28T21:46:21+00:00","mainEntityOfPage":{"@id":"https:\/\/www.farmtocafeteriacanada.ca\/fr\/2025\/02\/accord-sur-lalimentation-scolaire-au-nunavut\/"},"wordCount":477,"publisher":{"@id":"https:\/\/www.farmtocafeteriacanada.ca\/#organization"},"image":{"@id":"https:\/\/www.farmtocafeteriacanada.ca\/fr\/2025\/02\/accord-sur-lalimentation-scolaire-au-nunavut\/#primaryimage"},"thumbnailUrl":"https:\/\/www.farmtocafeteriacanada.ca\/wp-content\/uploads\/Flag_of_Nunavut.png","keywords":["Apprentissage pratique","Culture Autochtone","Manger","Pratiques alimentaires autochtones"],"articleSection":["Blogue de page d'accueil","RC: Les communaut\u00e9s autochtones"],"inLanguage":"fr-FR"},{"@type":"WebPage","@id":"https:\/\/www.farmtocafeteriacanada.ca\/fr\/2025\/02\/accord-sur-lalimentation-scolaire-au-nunavut\/","url":"https:\/\/www.farmtocafeteriacanada.ca\/fr\/2025\/02\/accord-sur-lalimentation-scolaire-au-nunavut\/","name":"Accord sur l'alimentation scolaire au Nunavut - Farm to Cafeteria Canada","isPartOf":{"@id":"https:\/\/www.farmtocafeteriacanada.ca\/#website"},"primaryImageOfPage":{"@id":"https:\/\/www.farmtocafeteriacanada.ca\/fr\/2025\/02\/accord-sur-lalimentation-scolaire-au-nunavut\/#primaryimage"},"image":{"@id":"https:\/\/www.farmtocafeteriacanada.ca\/fr\/2025\/02\/accord-sur-lalimentation-scolaire-au-nunavut\/#primaryimage"},"thumbnailUrl":"https:\/\/www.farmtocafeteriacanada.ca\/wp-content\/uploads\/Flag_of_Nunavut.png","datePublished":"2025-02-28T21:23:55+00:00","dateModified":"2025-02-28T21:46:21+00:00","breadcrumb":{"@id":"https:\/\/www.farmtocafeteriacanada.ca\/fr\/2025\/02\/accord-sur-lalimentation-scolaire-au-nunavut\/#breadcrumb"},"inLanguage":"fr-FR","potentialAction":[{"@type":"ReadAction","target":["https:\/\/www.farmtocafeteriacanada.ca\/fr\/2025\/02\/accord-sur-lalimentation-scolaire-au-nunavut\/"]}]},{"@type":"ImageObject","inLanguage":"fr-FR","@id":"https:\/\/www.farmtocafeteriacanada.ca\/fr\/2025\/02\/accord-sur-lalimentation-scolaire-au-nunavut\/#primaryimage","url":"https:\/\/www.farmtocafeteriacanada.ca\/wp-content\/uploads\/Flag_of_Nunavut.png","contentUrl":"https:\/\/www.farmtocafeteriacanada.ca\/wp-content\/uploads\/Flag_of_Nunavut.png","width":720,"height":405},{"@type":"BreadcrumbList","@id":"https:\/\/www.farmtocafeteriacanada.ca\/fr\/2025\/02\/accord-sur-lalimentation-scolaire-au-nunavut\/#breadcrumb","itemListElement":[{"@type":"ListItem","position":1,"name":"Home","item":"https:\/\/www.farmtocafeteriacanada.ca\/fr\/accueil\/"},{"@type":"ListItem","position":2,"name":"Accord sur l&#8217;alimentation scolaire au Nunavut"}]},{"@type":"WebSite","@id":"https:\/\/www.farmtocafeteriacanada.ca\/#website","url":"https:\/\/www.farmtocafeteriacanada.ca\/","name":"Farm to Cafeteria Canada","description":"","publisher":{"@id":"https:\/\/www.farmtocafeteriacanada.ca\/#organization"},"potentialAction":[{"@type":"SearchAction","target":{"@type":"EntryPoint","urlTemplate":"https:\/\/www.farmtocafeteriacanada.ca\/?s={search_term_string}"},"query-input":{"@type":"PropertyValueSpecification","valueRequired":true,"valueName":"search_term_string"}}],"inLanguage":"fr-FR"},{"@type":"Organization","@id":"https:\/\/www.farmtocafeteriacanada.ca\/#organization","name":"Farm to Cafeteria Canada","url":"https:\/\/www.farmtocafeteriacanada.ca\/","logo":{"@type":"ImageObject","inLanguage":"fr-FR","@id":"https:\/\/www.farmtocafeteriacanada.ca\/#\/schema\/logo\/image\/","url":"http:\/\/www.farmtocafeteriacanada.ca\/wp-content\/uploads\/2015\/03\/f2cc_logo_en2.png","contentUrl":"http:\/\/www.farmtocafeteriacanada.ca\/wp-content\/uploads\/2015\/03\/f2cc_logo_en2.png","width":3000,"height":476,"caption":"Farm to Cafeteria Canada"},"image":{"@id":"https:\/\/www.farmtocafeteriacanada.ca\/#\/schema\/logo\/image\/"},"sameAs":["https:\/\/www.facebook.com\/groups\/FarmtocafeteriaCanada\/","https:\/\/x.com\/Farm2Cafeteria","https:\/\/www.youtube.com\/channel\/UCQjcYiICtAygShD3IwNsewQ"]},{"@type":"Person","@id":"https:\/\/www.farmtocafeteriacanada.ca\/#\/schema\/person\/03c2a359a7f0c99b895e08c1e7056708","name":"F2CC admin","image":{"@type":"ImageObject","inLanguage":"fr-FR","@id":"https:\/\/www.farmtocafeteriacanada.ca\/#\/schema\/person\/image\/","url":"https:\/\/secure.gravatar.com\/avatar\/c1ddaee9a55673d852314381577bb8198996fbef53c8e2320536bf543b7712b4?s=96&d=mm&r=g","contentUrl":"https:\/\/secure.gravatar.com\/avatar\/c1ddaee9a55673d852314381577bb8198996fbef53c8e2320536bf543b7712b4?s=96&d=mm&r=g","caption":"F2CC admin"},"url":"https:\/\/www.farmtocafeteriacanada.ca\/fr\/author\/tracey\/"}]}},"_links":{"self":[{"href":"https:\/\/www.farmtocafeteriacanada.ca\/fr\/wp-json\/wp\/v2\/posts\/46168","targetHints":{"allow":["GET"]}}],"collection":[{"href":"https:\/\/www.farmtocafeteriacanada.ca\/fr\/wp-json\/wp\/v2\/posts"}],"about":[{"href":"https:\/\/www.farmtocafeteriacanada.ca\/fr\/wp-json\/wp\/v2\/types\/post"}],"author":[{"embeddable":true,"href":"https:\/\/www.farmtocafeteriacanada.ca\/fr\/wp-json\/wp\/v2\/users\/3"}],"replies":[{"embeddable":true,"href":"https:\/\/www.farmtocafeteriacanada.ca\/fr\/wp-json\/wp\/v2\/comments?post=46168"}],"version-history":[{"count":3,"href":"https:\/\/www.farmtocafeteriacanada.ca\/fr\/wp-json\/wp\/v2\/posts\/46168\/revisions"}],"predecessor-version":[{"id":46175,"href":"https:\/\/www.farmtocafeteriacanada.ca\/fr\/wp-json\/wp\/v2\/posts\/46168\/revisions\/46175"}],"wp:featuredmedia":[{"embeddable":true,"href":"https:\/\/www.farmtocafeteriacanada.ca\/fr\/wp-json\/wp\/v2\/media\/46162"}],"wp:attachment":[{"href":"https:\/\/www.farmtocafeteriacanada.ca\/fr\/wp-json\/wp\/v2\/media?parent=46168"}],"wp:term":[{"taxonomy":"category","embeddable":true,"href":"https:\/\/www.farmtocafeteriacanada.ca\/fr\/wp-json\/wp\/v2\/categories?post=46168"},{"taxonomy":"post_tag","embeddable":true,"href":"https:\/\/www.farmtocafeteriacanada.ca\/fr\/wp-json\/wp\/v2\/tags?post=46168"}],"curies":[{"name":"wp","href":"https:\/\/api.w.org\/{rel}","templated":true}]}}