
{"id":45971,"date":"2025-02-05T15:31:01","date_gmt":"2025-02-05T21:31:01","guid":{"rendered":"https:\/\/www.farmtocafeteriacanada.ca\/?p=45971"},"modified":"2025-03-03T11:50:18","modified_gmt":"2025-03-03T17:50:18","slug":"ouverture-des-bourses-savoirs-alimentaires-autochtones-dans-les-ecoles","status":"publish","type":"post","link":"https:\/\/www.farmtocafeteriacanada.ca\/fr\/2025\/02\/ouverture-des-bourses-savoirs-alimentaires-autochtones-dans-les-ecoles\/","title":{"rendered":"Ouverture des Bourses Savoirs alimentaires autochtones dans les \u00e9coles !"},"content":{"rendered":"<h5><strong><a href=\"https:\/\/www.farmtocafeteriacanada.ca\/fr\" target=\"_blank\" rel=\"noopener\">De la ferme \u00e0 la caf\u00e9t\u00e9ria Canada<\/a>\u00a0offre des bourses allant de 500$ \u00e0 20 000$ \u00e0 des communaut\u00e9s scolaires autochtones en partenariat avec Whole Kids, l\u2019Agence de sant\u00e9 publique du Canada et des partenaires r\u00e9gionaux. Nous tenons \u00e9galement \u00e0 souligner notre gratitude envers notre\u00a0<a href=\"https:\/\/www.farmtocafeteriacanada.ca\/fr\/alimentaires-autochtones-conseillers\/\" target=\"_blank\" rel=\"noopener\">Cercle de collaboration<\/a>\u00a0pour leur soutien dans le d\u00e9veloppement de cette opportunit\u00e9 de financement.<\/strong><\/h5>\n<p>Ces bourses Savoirs alimentaires autochtones dans les \u00e9coles offrira des fonds \u00e0 des communaut\u00e9s scolaires autochtones \u00e0 travers le Canada afin de soutenir des visions \u00e0 long terme et communautaire de s\u00e9curit\u00e9 et de souverainet\u00e9 alimentaire autochtone mises en \u0153uvre en milieu scolaire.<\/p>\n<p>Elles visent \u00e0 am\u00e9liorer la capacit\u00e9 des communaut\u00e9s scolaires \u00e0 :<\/p>\n<ul>\n<li aria-level=\"1\"><b>Investir dans de l\u2019infrastructure et de l\u2019\u00e9quipement\u00a0<\/b>(e.x. \u00e9quipement de mise en conserve et de d\u00e9shydratation, r\u00e9frig\u00e9rateurs et cong\u00e9lateurs, cannes \u00e0 p\u00eache, s\u00e9choir \u00e0 chevreuils, jardins et serres).<\/li>\n<li aria-level=\"1\"><img loading=\"lazy\" decoding=\"async\" class=\" wp-image-42675 alignright\" src=\"https:\/\/www.farmtocafeteriacanada.ca\/wp-content\/uploads\/moose.png\" alt=\"\" width=\"177\" height=\"144\" \/>R\u00e9colter, p\u00eacher, d\u00e9pecer, cultiver, pr\u00e9server, pr\u00e9parer et servir\u00a0<strong>davantage d\u2019aliments culturellement appropri\u00e9s et sains aux \u00e9l\u00e8ves de la maternelle<\/strong>\u00a0\u00e0 la 12e ann\u00e9e.<\/li>\n<li aria-level=\"1\"><b>Enseigner\u00a0<\/b>et tisser des pratiques alimentaires, des perspectives, des approches et des aliments autochtones dans les pratiques du quotidien \u00e0 l\u2019\u00e9cole, en mettant l\u2019emphase sur les relations, la r\u00e9ciprocit\u00e9 et la connexion au territoire.<\/li>\n<li aria-level=\"1\"><b>Connecter\u00a0<\/b>les A\u00een\u00e9(e)s, les Gardien(ne)s du Savoir, les familles et les autres membres de la communaut\u00e9 \u00e0 l\u2019\u00e9cole et aux \u00e9l\u00e8ves.<\/li>\n<li aria-level=\"1\"><b>Soutenir l\u2019apprentissage ax\u00e9 sur le territoire.<\/b><\/li>\n<li aria-level=\"1\">Soutenir le\u00a0<b>d\u00e9veloppement social des enfants et des jeunes<\/b>\u00a0par le biais d\u2019activit\u00e9s\u00a0ax\u00e9 sur le territoire\u00a0li\u00e9es \u00e0 l\u2019alimentation, \u00e0 l\u2019apprentissage interg\u00e9n\u00e9rationnel, aux possibilit\u00e9s de mentorat et \u00e0 d\u2019autres liens significatifs.<\/li>\n<\/ul>\n<p>Les bourses peuvent \u00eatre mises en \u0153uvre\u00a0<strong>dans n\u2019importe quelles \u00e9coles<\/strong>\u00a0(du pr\u00e9scolaire \u00e0 la 12e ann\u00e9e) au Canada qui sont localis\u00e9es dans des communaut\u00e9s autochtones ou qui desservent une grande proportion d\u2019\u00e9l\u00e8ves autochtones. Ceci inclut les \u00e9coles dans les milieux ruraux, \u00e9loign\u00e9s et en milieu urbain.<\/p>\n<p style=\"text-align: center;\"><b>Les candidatures seront accept\u00e9es en ligne du 3 f\u00e9vrier au 28 mars 2025.<\/b><\/p>\n<p style=\"text-align: center;\"><a class=\"gdlr-core-button gdlr-core-button-shortcode  gdlr-core-button-gradient gdlr-core-button-no-border\" href=\"https:\/\/www.farmtocafeteriacanada.ca\/fr\/bourses-savoirs-alimentaires-autochtones-dans-les-ecoles\/\" target=\"_blank\"  style=\"margin-right: 20px;\"  ><span class=\"gdlr-core-content\"  >En savoir plus et s'inscrire<\/span><\/a><\/p>\n","protected":false},"excerpt":{"rendered":"<p>De la ferme \u00e0 la caf\u00e9t\u00e9ria Canada\u00a0offre des bourses allant de 500$ \u00e0 20 000$ \u00e0 des communaut\u00e9s scolaires autochtones en partenariat avec Whole Kids, l\u2019Agence de sant\u00e9 publique du Canada et des partenaires r\u00e9gionaux. Nous tenons \u00e9galement \u00e0 souligner notre gratitude envers notre\u00a0Cercle de collaboration\u00a0pour leur soutien dans le d\u00e9veloppement de cette opportunit\u00e9 de [&hellip;]<\/p>\n","protected":false},"author":3,"featured_media":45819,"comment_status":"closed","ping_status":"closed","sticky":false,"template":"","format":"standard","meta":{"_acf_changed":false,"_exactmetrics_skip_tracking":false,"_exactmetrics_sitenote_active":false,"_exactmetrics_sitenote_note":"","_exactmetrics_sitenote_category":0,"footnotes":""},"categories":[254,397],"tags":[325,327,193,322,321,504,485,323,497,505],"class_list":["post-45971","post","type-post","status-publish","format-standard","has-post-thumbnail","hentry","category-blogue-de-page-daccueil","category-rc-communautes-autochtones","tag-aliments-locaux","tag-apprentissage-pratique","tag-canada-fr","tag-cuisiner","tag-cultiver","tag-culture-autochtone","tag-lien-avec-la-communaute","tag-manger","tag-pratiques-alimentaires-autochtones","tag-pratiques-alimentaires-autochtones-a-lhonneur"],"acf":[],"yoast_head":"<!-- This site is optimized with the Yoast SEO plugin v26.7 - https:\/\/yoast.com\/wordpress\/plugins\/seo\/ -->\n<title>Ouverture des Bourses Savoirs alimentaires autochtones dans les \u00e9coles ! - Farm to Cafeteria Canada<\/title>\n<meta name=\"robots\" content=\"index, follow, max-snippet:-1, max-image-preview:large, max-video-preview:-1\" \/>\n<link rel=\"canonical\" href=\"https:\/\/www.farmtocafeteriacanada.ca\/fr\/2025\/02\/ouverture-des-bourses-savoirs-alimentaires-autochtones-dans-les-ecoles\/\" \/>\n<meta property=\"og:locale\" content=\"fr_FR\" \/>\n<meta property=\"og:type\" content=\"article\" \/>\n<meta property=\"og:title\" content=\"Ouverture des Bourses Savoirs alimentaires autochtones dans les \u00e9coles ! - Farm to Cafeteria Canada\" \/>\n<meta property=\"og:description\" content=\"De la ferme \u00e0 la caf\u00e9t\u00e9ria Canada\u00a0offre des bourses allant de 500$ \u00e0 20 000$ \u00e0 des communaut\u00e9s scolaires autochtones en partenariat avec Whole Kids, l\u2019Agence de sant\u00e9 publique du Canada et des partenaires r\u00e9gionaux. Nous tenons \u00e9galement \u00e0 souligner notre gratitude envers notre\u00a0Cercle de collaboration\u00a0pour leur soutien dans le d\u00e9veloppement de cette opportunit\u00e9 de [&hellip;]\" \/>\n<meta property=\"og:url\" content=\"https:\/\/www.farmtocafeteriacanada.ca\/fr\/2025\/02\/ouverture-des-bourses-savoirs-alimentaires-autochtones-dans-les-ecoles\/\" \/>\n<meta property=\"og:site_name\" content=\"Farm to Cafeteria Canada\" \/>\n<meta property=\"article:publisher\" content=\"https:\/\/www.facebook.com\/groups\/FarmtocafeteriaCanada\/\" \/>\n<meta property=\"article:published_time\" content=\"2025-02-05T21:31:01+00:00\" \/>\n<meta property=\"article:modified_time\" content=\"2025-03-03T17:50:18+00:00\" \/>\n<meta property=\"og:image\" content=\"https:\/\/www.farmtocafeteriacanada.ca\/wp-content\/uploads\/Ecole-Secondaire-Cochrane-High-School00002-1.jpg\" \/>\n\t<meta property=\"og:image:width\" content=\"2000\" \/>\n\t<meta property=\"og:image:height\" content=\"1049\" \/>\n\t<meta property=\"og:image:type\" content=\"image\/jpeg\" \/>\n<meta name=\"author\" content=\"F2CC admin\" \/>\n<meta name=\"twitter:card\" content=\"summary_large_image\" \/>\n<meta name=\"twitter:creator\" content=\"@Farm2Cafeteria\" \/>\n<meta name=\"twitter:site\" content=\"@Farm2Cafeteria\" \/>\n<meta name=\"twitter:label1\" content=\"\u00c9crit par\" \/>\n\t<meta name=\"twitter:data1\" content=\"F2CC admin\" \/>\n\t<meta name=\"twitter:label2\" content=\"Dur\u00e9e de lecture estim\u00e9e\" \/>\n\t<meta name=\"twitter:data2\" content=\"2 minutes\" \/>\n<script type=\"application\/ld+json\" class=\"yoast-schema-graph\">{\"@context\":\"https:\/\/schema.org\",\"@graph\":[{\"@type\":\"Article\",\"@id\":\"https:\/\/www.farmtocafeteriacanada.ca\/fr\/2025\/02\/ouverture-des-bourses-savoirs-alimentaires-autochtones-dans-les-ecoles\/#article\",\"isPartOf\":{\"@id\":\"https:\/\/www.farmtocafeteriacanada.ca\/fr\/2025\/02\/ouverture-des-bourses-savoirs-alimentaires-autochtones-dans-les-ecoles\/\"},\"author\":{\"name\":\"F2CC admin\",\"@id\":\"https:\/\/www.farmtocafeteriacanada.ca\/#\/schema\/person\/03c2a359a7f0c99b895e08c1e7056708\"},\"headline\":\"Ouverture des Bourses Savoirs alimentaires autochtones dans les \u00e9coles !\",\"datePublished\":\"2025-02-05T21:31:01+00:00\",\"dateModified\":\"2025-03-03T17:50:18+00:00\",\"mainEntityOfPage\":{\"@id\":\"https:\/\/www.farmtocafeteriacanada.ca\/fr\/2025\/02\/ouverture-des-bourses-savoirs-alimentaires-autochtones-dans-les-ecoles\/\"},\"wordCount\":381,\"publisher\":{\"@id\":\"https:\/\/www.farmtocafeteriacanada.ca\/#organization\"},\"image\":{\"@id\":\"https:\/\/www.farmtocafeteriacanada.ca\/fr\/2025\/02\/ouverture-des-bourses-savoirs-alimentaires-autochtones-dans-les-ecoles\/#primaryimage\"},\"thumbnailUrl\":\"https:\/\/www.farmtocafeteriacanada.ca\/wp-content\/uploads\/Ecole-Secondaire-Cochrane-High-School00002-1.jpg\",\"keywords\":[\"Aliments locaux\",\"Apprentissage pratique\",\"Canada\",\"Cuisiner\",\"Cultiver\",\"Culture Autochtone\",\"Lien avec la communaut\u00e9\",\"Manger\",\"Pratiques alimentaires autochtones\",\"Pratiques alimentaires autochtones - \u00e0 l'honneur\"],\"articleSection\":[\"Blogue de page d'accueil\",\"RC: Les communaut\u00e9s autochtones\"],\"inLanguage\":\"fr-FR\"},{\"@type\":\"WebPage\",\"@id\":\"https:\/\/www.farmtocafeteriacanada.ca\/fr\/2025\/02\/ouverture-des-bourses-savoirs-alimentaires-autochtones-dans-les-ecoles\/\",\"url\":\"https:\/\/www.farmtocafeteriacanada.ca\/fr\/2025\/02\/ouverture-des-bourses-savoirs-alimentaires-autochtones-dans-les-ecoles\/\",\"name\":\"Ouverture des Bourses Savoirs alimentaires autochtones dans les \u00e9coles ! - Farm to Cafeteria Canada\",\"isPartOf\":{\"@id\":\"https:\/\/www.farmtocafeteriacanada.ca\/#website\"},\"primaryImageOfPage\":{\"@id\":\"https:\/\/www.farmtocafeteriacanada.ca\/fr\/2025\/02\/ouverture-des-bourses-savoirs-alimentaires-autochtones-dans-les-ecoles\/#primaryimage\"},\"image\":{\"@id\":\"https:\/\/www.farmtocafeteriacanada.ca\/fr\/2025\/02\/ouverture-des-bourses-savoirs-alimentaires-autochtones-dans-les-ecoles\/#primaryimage\"},\"thumbnailUrl\":\"https:\/\/www.farmtocafeteriacanada.ca\/wp-content\/uploads\/Ecole-Secondaire-Cochrane-High-School00002-1.jpg\",\"datePublished\":\"2025-02-05T21:31:01+00:00\",\"dateModified\":\"2025-03-03T17:50:18+00:00\",\"breadcrumb\":{\"@id\":\"https:\/\/www.farmtocafeteriacanada.ca\/fr\/2025\/02\/ouverture-des-bourses-savoirs-alimentaires-autochtones-dans-les-ecoles\/#breadcrumb\"},\"inLanguage\":\"fr-FR\",\"potentialAction\":[{\"@type\":\"ReadAction\",\"target\":[\"https:\/\/www.farmtocafeteriacanada.ca\/fr\/2025\/02\/ouverture-des-bourses-savoirs-alimentaires-autochtones-dans-les-ecoles\/\"]}]},{\"@type\":\"ImageObject\",\"inLanguage\":\"fr-FR\",\"@id\":\"https:\/\/www.farmtocafeteriacanada.ca\/fr\/2025\/02\/ouverture-des-bourses-savoirs-alimentaires-autochtones-dans-les-ecoles\/#primaryimage\",\"url\":\"https:\/\/www.farmtocafeteriacanada.ca\/wp-content\/uploads\/Ecole-Secondaire-Cochrane-High-School00002-1.jpg\",\"contentUrl\":\"https:\/\/www.farmtocafeteriacanada.ca\/wp-content\/uploads\/Ecole-Secondaire-Cochrane-High-School00002-1.jpg\",\"width\":2000,\"height\":1049,\"caption\":\"Photo credit: \u00c9cole Secondaire Cochrane High School, Cochrane, ON\"},{\"@type\":\"BreadcrumbList\",\"@id\":\"https:\/\/www.farmtocafeteriacanada.ca\/fr\/2025\/02\/ouverture-des-bourses-savoirs-alimentaires-autochtones-dans-les-ecoles\/#breadcrumb\",\"itemListElement\":[{\"@type\":\"ListItem\",\"position\":1,\"name\":\"Home\",\"item\":\"https:\/\/www.farmtocafeteriacanada.ca\/fr\/accueil\/\"},{\"@type\":\"ListItem\",\"position\":2,\"name\":\"Ouverture des Bourses Savoirs alimentaires autochtones dans les \u00e9coles !\"}]},{\"@type\":\"WebSite\",\"@id\":\"https:\/\/www.farmtocafeteriacanada.ca\/#website\",\"url\":\"https:\/\/www.farmtocafeteriacanada.ca\/\",\"name\":\"Farm to Cafeteria Canada\",\"description\":\"\",\"publisher\":{\"@id\":\"https:\/\/www.farmtocafeteriacanada.ca\/#organization\"},\"potentialAction\":[{\"@type\":\"SearchAction\",\"target\":{\"@type\":\"EntryPoint\",\"urlTemplate\":\"https:\/\/www.farmtocafeteriacanada.ca\/?s={search_term_string}\"},\"query-input\":{\"@type\":\"PropertyValueSpecification\",\"valueRequired\":true,\"valueName\":\"search_term_string\"}}],\"inLanguage\":\"fr-FR\"},{\"@type\":\"Organization\",\"@id\":\"https:\/\/www.farmtocafeteriacanada.ca\/#organization\",\"name\":\"Farm to Cafeteria Canada\",\"url\":\"https:\/\/www.farmtocafeteriacanada.ca\/\",\"logo\":{\"@type\":\"ImageObject\",\"inLanguage\":\"fr-FR\",\"@id\":\"https:\/\/www.farmtocafeteriacanada.ca\/#\/schema\/logo\/image\/\",\"url\":\"http:\/\/www.farmtocafeteriacanada.ca\/wp-content\/uploads\/2015\/03\/f2cc_logo_en2.png\",\"contentUrl\":\"http:\/\/www.farmtocafeteriacanada.ca\/wp-content\/uploads\/2015\/03\/f2cc_logo_en2.png\",\"width\":3000,\"height\":476,\"caption\":\"Farm to Cafeteria Canada\"},\"image\":{\"@id\":\"https:\/\/www.farmtocafeteriacanada.ca\/#\/schema\/logo\/image\/\"},\"sameAs\":[\"https:\/\/www.facebook.com\/groups\/FarmtocafeteriaCanada\/\",\"https:\/\/x.com\/Farm2Cafeteria\",\"https:\/\/www.youtube.com\/channel\/UCQjcYiICtAygShD3IwNsewQ\"]},{\"@type\":\"Person\",\"@id\":\"https:\/\/www.farmtocafeteriacanada.ca\/#\/schema\/person\/03c2a359a7f0c99b895e08c1e7056708\",\"name\":\"F2CC admin\",\"image\":{\"@type\":\"ImageObject\",\"inLanguage\":\"fr-FR\",\"@id\":\"https:\/\/www.farmtocafeteriacanada.ca\/#\/schema\/person\/image\/\",\"url\":\"https:\/\/secure.gravatar.com\/avatar\/c1ddaee9a55673d852314381577bb8198996fbef53c8e2320536bf543b7712b4?s=96&d=mm&r=g\",\"contentUrl\":\"https:\/\/secure.gravatar.com\/avatar\/c1ddaee9a55673d852314381577bb8198996fbef53c8e2320536bf543b7712b4?s=96&d=mm&r=g\",\"caption\":\"F2CC admin\"},\"url\":\"https:\/\/www.farmtocafeteriacanada.ca\/fr\/author\/tracey\/\"}]}<\/script>\n<!-- \/ Yoast SEO plugin. -->","yoast_head_json":{"title":"Ouverture des Bourses Savoirs alimentaires autochtones dans les \u00e9coles ! - Farm to Cafeteria Canada","robots":{"index":"index","follow":"follow","max-snippet":"max-snippet:-1","max-image-preview":"max-image-preview:large","max-video-preview":"max-video-preview:-1"},"canonical":"https:\/\/www.farmtocafeteriacanada.ca\/fr\/2025\/02\/ouverture-des-bourses-savoirs-alimentaires-autochtones-dans-les-ecoles\/","og_locale":"fr_FR","og_type":"article","og_title":"Ouverture des Bourses Savoirs alimentaires autochtones dans les \u00e9coles ! - Farm to Cafeteria Canada","og_description":"De la ferme \u00e0 la caf\u00e9t\u00e9ria Canada\u00a0offre des bourses allant de 500$ \u00e0 20 000$ \u00e0 des communaut\u00e9s scolaires autochtones en partenariat avec Whole Kids, l\u2019Agence de sant\u00e9 publique du Canada et des partenaires r\u00e9gionaux. Nous tenons \u00e9galement \u00e0 souligner notre gratitude envers notre\u00a0Cercle de collaboration\u00a0pour leur soutien dans le d\u00e9veloppement de cette opportunit\u00e9 de [&hellip;]","og_url":"https:\/\/www.farmtocafeteriacanada.ca\/fr\/2025\/02\/ouverture-des-bourses-savoirs-alimentaires-autochtones-dans-les-ecoles\/","og_site_name":"Farm to Cafeteria Canada","article_publisher":"https:\/\/www.facebook.com\/groups\/FarmtocafeteriaCanada\/","article_published_time":"2025-02-05T21:31:01+00:00","article_modified_time":"2025-03-03T17:50:18+00:00","og_image":[{"width":2000,"height":1049,"url":"https:\/\/www.farmtocafeteriacanada.ca\/wp-content\/uploads\/Ecole-Secondaire-Cochrane-High-School00002-1.jpg","type":"image\/jpeg"}],"author":"F2CC admin","twitter_card":"summary_large_image","twitter_creator":"@Farm2Cafeteria","twitter_site":"@Farm2Cafeteria","twitter_misc":{"\u00c9crit par":"F2CC admin","Dur\u00e9e de lecture estim\u00e9e":"2 minutes"},"schema":{"@context":"https:\/\/schema.org","@graph":[{"@type":"Article","@id":"https:\/\/www.farmtocafeteriacanada.ca\/fr\/2025\/02\/ouverture-des-bourses-savoirs-alimentaires-autochtones-dans-les-ecoles\/#article","isPartOf":{"@id":"https:\/\/www.farmtocafeteriacanada.ca\/fr\/2025\/02\/ouverture-des-bourses-savoirs-alimentaires-autochtones-dans-les-ecoles\/"},"author":{"name":"F2CC admin","@id":"https:\/\/www.farmtocafeteriacanada.ca\/#\/schema\/person\/03c2a359a7f0c99b895e08c1e7056708"},"headline":"Ouverture des Bourses Savoirs alimentaires autochtones dans les \u00e9coles !","datePublished":"2025-02-05T21:31:01+00:00","dateModified":"2025-03-03T17:50:18+00:00","mainEntityOfPage":{"@id":"https:\/\/www.farmtocafeteriacanada.ca\/fr\/2025\/02\/ouverture-des-bourses-savoirs-alimentaires-autochtones-dans-les-ecoles\/"},"wordCount":381,"publisher":{"@id":"https:\/\/www.farmtocafeteriacanada.ca\/#organization"},"image":{"@id":"https:\/\/www.farmtocafeteriacanada.ca\/fr\/2025\/02\/ouverture-des-bourses-savoirs-alimentaires-autochtones-dans-les-ecoles\/#primaryimage"},"thumbnailUrl":"https:\/\/www.farmtocafeteriacanada.ca\/wp-content\/uploads\/Ecole-Secondaire-Cochrane-High-School00002-1.jpg","keywords":["Aliments locaux","Apprentissage pratique","Canada","Cuisiner","Cultiver","Culture Autochtone","Lien avec la communaut\u00e9","Manger","Pratiques alimentaires autochtones","Pratiques alimentaires autochtones - \u00e0 l'honneur"],"articleSection":["Blogue de page d'accueil","RC: Les communaut\u00e9s autochtones"],"inLanguage":"fr-FR"},{"@type":"WebPage","@id":"https:\/\/www.farmtocafeteriacanada.ca\/fr\/2025\/02\/ouverture-des-bourses-savoirs-alimentaires-autochtones-dans-les-ecoles\/","url":"https:\/\/www.farmtocafeteriacanada.ca\/fr\/2025\/02\/ouverture-des-bourses-savoirs-alimentaires-autochtones-dans-les-ecoles\/","name":"Ouverture des Bourses Savoirs alimentaires autochtones dans les \u00e9coles ! - Farm to Cafeteria Canada","isPartOf":{"@id":"https:\/\/www.farmtocafeteriacanada.ca\/#website"},"primaryImageOfPage":{"@id":"https:\/\/www.farmtocafeteriacanada.ca\/fr\/2025\/02\/ouverture-des-bourses-savoirs-alimentaires-autochtones-dans-les-ecoles\/#primaryimage"},"image":{"@id":"https:\/\/www.farmtocafeteriacanada.ca\/fr\/2025\/02\/ouverture-des-bourses-savoirs-alimentaires-autochtones-dans-les-ecoles\/#primaryimage"},"thumbnailUrl":"https:\/\/www.farmtocafeteriacanada.ca\/wp-content\/uploads\/Ecole-Secondaire-Cochrane-High-School00002-1.jpg","datePublished":"2025-02-05T21:31:01+00:00","dateModified":"2025-03-03T17:50:18+00:00","breadcrumb":{"@id":"https:\/\/www.farmtocafeteriacanada.ca\/fr\/2025\/02\/ouverture-des-bourses-savoirs-alimentaires-autochtones-dans-les-ecoles\/#breadcrumb"},"inLanguage":"fr-FR","potentialAction":[{"@type":"ReadAction","target":["https:\/\/www.farmtocafeteriacanada.ca\/fr\/2025\/02\/ouverture-des-bourses-savoirs-alimentaires-autochtones-dans-les-ecoles\/"]}]},{"@type":"ImageObject","inLanguage":"fr-FR","@id":"https:\/\/www.farmtocafeteriacanada.ca\/fr\/2025\/02\/ouverture-des-bourses-savoirs-alimentaires-autochtones-dans-les-ecoles\/#primaryimage","url":"https:\/\/www.farmtocafeteriacanada.ca\/wp-content\/uploads\/Ecole-Secondaire-Cochrane-High-School00002-1.jpg","contentUrl":"https:\/\/www.farmtocafeteriacanada.ca\/wp-content\/uploads\/Ecole-Secondaire-Cochrane-High-School00002-1.jpg","width":2000,"height":1049,"caption":"Photo credit: \u00c9cole Secondaire Cochrane High School, Cochrane, ON"},{"@type":"BreadcrumbList","@id":"https:\/\/www.farmtocafeteriacanada.ca\/fr\/2025\/02\/ouverture-des-bourses-savoirs-alimentaires-autochtones-dans-les-ecoles\/#breadcrumb","itemListElement":[{"@type":"ListItem","position":1,"name":"Home","item":"https:\/\/www.farmtocafeteriacanada.ca\/fr\/accueil\/"},{"@type":"ListItem","position":2,"name":"Ouverture des Bourses Savoirs alimentaires autochtones dans les \u00e9coles !"}]},{"@type":"WebSite","@id":"https:\/\/www.farmtocafeteriacanada.ca\/#website","url":"https:\/\/www.farmtocafeteriacanada.ca\/","name":"Farm to Cafeteria Canada","description":"","publisher":{"@id":"https:\/\/www.farmtocafeteriacanada.ca\/#organization"},"potentialAction":[{"@type":"SearchAction","target":{"@type":"EntryPoint","urlTemplate":"https:\/\/www.farmtocafeteriacanada.ca\/?s={search_term_string}"},"query-input":{"@type":"PropertyValueSpecification","valueRequired":true,"valueName":"search_term_string"}}],"inLanguage":"fr-FR"},{"@type":"Organization","@id":"https:\/\/www.farmtocafeteriacanada.ca\/#organization","name":"Farm to Cafeteria Canada","url":"https:\/\/www.farmtocafeteriacanada.ca\/","logo":{"@type":"ImageObject","inLanguage":"fr-FR","@id":"https:\/\/www.farmtocafeteriacanada.ca\/#\/schema\/logo\/image\/","url":"http:\/\/www.farmtocafeteriacanada.ca\/wp-content\/uploads\/2015\/03\/f2cc_logo_en2.png","contentUrl":"http:\/\/www.farmtocafeteriacanada.ca\/wp-content\/uploads\/2015\/03\/f2cc_logo_en2.png","width":3000,"height":476,"caption":"Farm to Cafeteria Canada"},"image":{"@id":"https:\/\/www.farmtocafeteriacanada.ca\/#\/schema\/logo\/image\/"},"sameAs":["https:\/\/www.facebook.com\/groups\/FarmtocafeteriaCanada\/","https:\/\/x.com\/Farm2Cafeteria","https:\/\/www.youtube.com\/channel\/UCQjcYiICtAygShD3IwNsewQ"]},{"@type":"Person","@id":"https:\/\/www.farmtocafeteriacanada.ca\/#\/schema\/person\/03c2a359a7f0c99b895e08c1e7056708","name":"F2CC admin","image":{"@type":"ImageObject","inLanguage":"fr-FR","@id":"https:\/\/www.farmtocafeteriacanada.ca\/#\/schema\/person\/image\/","url":"https:\/\/secure.gravatar.com\/avatar\/c1ddaee9a55673d852314381577bb8198996fbef53c8e2320536bf543b7712b4?s=96&d=mm&r=g","contentUrl":"https:\/\/secure.gravatar.com\/avatar\/c1ddaee9a55673d852314381577bb8198996fbef53c8e2320536bf543b7712b4?s=96&d=mm&r=g","caption":"F2CC admin"},"url":"https:\/\/www.farmtocafeteriacanada.ca\/fr\/author\/tracey\/"}]}},"_links":{"self":[{"href":"https:\/\/www.farmtocafeteriacanada.ca\/fr\/wp-json\/wp\/v2\/posts\/45971","targetHints":{"allow":["GET"]}}],"collection":[{"href":"https:\/\/www.farmtocafeteriacanada.ca\/fr\/wp-json\/wp\/v2\/posts"}],"about":[{"href":"https:\/\/www.farmtocafeteriacanada.ca\/fr\/wp-json\/wp\/v2\/types\/post"}],"author":[{"embeddable":true,"href":"https:\/\/www.farmtocafeteriacanada.ca\/fr\/wp-json\/wp\/v2\/users\/3"}],"replies":[{"embeddable":true,"href":"https:\/\/www.farmtocafeteriacanada.ca\/fr\/wp-json\/wp\/v2\/comments?post=45971"}],"version-history":[{"count":2,"href":"https:\/\/www.farmtocafeteriacanada.ca\/fr\/wp-json\/wp\/v2\/posts\/45971\/revisions"}],"predecessor-version":[{"id":46179,"href":"https:\/\/www.farmtocafeteriacanada.ca\/fr\/wp-json\/wp\/v2\/posts\/45971\/revisions\/46179"}],"wp:featuredmedia":[{"embeddable":true,"href":"https:\/\/www.farmtocafeteriacanada.ca\/fr\/wp-json\/wp\/v2\/media\/45819"}],"wp:attachment":[{"href":"https:\/\/www.farmtocafeteriacanada.ca\/fr\/wp-json\/wp\/v2\/media?parent=45971"}],"wp:term":[{"taxonomy":"category","embeddable":true,"href":"https:\/\/www.farmtocafeteriacanada.ca\/fr\/wp-json\/wp\/v2\/categories?post=45971"},{"taxonomy":"post_tag","embeddable":true,"href":"https:\/\/www.farmtocafeteriacanada.ca\/fr\/wp-json\/wp\/v2\/tags?post=45971"}],"curies":[{"name":"wp","href":"https:\/\/api.w.org\/{rel}","templated":true}]}}