
{"id":45395,"date":"2024-11-25T11:52:51","date_gmt":"2024-11-25T17:52:51","guid":{"rendered":"https:\/\/www.farmtocafeteriacanada.ca\/?p=45395"},"modified":"2024-12-05T13:35:24","modified_gmt":"2024-12-05T19:35:24","slug":"susie-leamen","status":"publish","type":"post","link":"https:\/\/www.farmtocafeteriacanada.ca\/fr\/2024\/11\/susie-leamen\/","title":{"rendered":"Mettre fin \u00e0 la stigmatisation gr\u00e2ce \u00e0 l&#8217;alimentation : Susie Leamen, championne de l&#8217;alimentation scolaire, cr\u00e9e un \u00ab safe space \u00bb pour les \u00e9l\u00e8ves au moyen de son programme d&#8217;alimentation scolaire."},"content":{"rendered":"","protected":false},"excerpt":{"rendered":"","protected":false},"author":3,"featured_media":45477,"comment_status":"closed","ping_status":"closed","sticky":false,"template":"","format":"standard","meta":{"_acf_changed":false,"_exactmetrics_skip_tracking":false,"_exactmetrics_sitenote_active":false,"_exactmetrics_sitenote_note":"","_exactmetrics_sitenote_category":0,"footnotes":""},"categories":[254],"tags":[325,327,322,321,496,341,485,323,101,329],"class_list":["post-45395","post","type-post","status-publish","format-standard","has-post-thumbnail","hentry","category-blogue-de-page-daccueil","tag-aliments-locaux","tag-apprentissage-pratique","tag-cuisiner","tag-cultiver","tag-ecole-intermediaire-7-8-fr","tag-ecole-secondaire-9-12","tag-lien-avec-la-communaute","tag-manger","tag-quebec-fr","tag-securite-alimentaire"],"acf":[],"yoast_head":"<!-- This site is optimized with the Yoast SEO plugin v26.7 - https:\/\/yoast.com\/wordpress\/plugins\/seo\/ -->\n<title>Mettre fin \u00e0 la stigmatisation gr\u00e2ce \u00e0 l&#039;alimentation : Susie Leamen, championne de l&#039;alimentation scolaire, cr\u00e9e un \u00ab safe space \u00bb pour les \u00e9l\u00e8ves au moyen de son programme d&#039;alimentation scolaire. - Farm to Cafeteria Canada<\/title>\n<meta name=\"robots\" content=\"index, follow, max-snippet:-1, max-image-preview:large, max-video-preview:-1\" \/>\n<link rel=\"canonical\" href=\"https:\/\/www.farmtocafeteriacanada.ca\/fr\/2024\/11\/susie-leamen\/\" \/>\n<meta property=\"og:locale\" content=\"fr_FR\" \/>\n<meta property=\"og:type\" content=\"article\" \/>\n<meta property=\"og:title\" content=\"Mettre fin \u00e0 la stigmatisation gr\u00e2ce \u00e0 l\u2019alimentation : Susie Leamen, championne de l\u2019alimentation scolaire, cr\u00e9e un \u00ab safe space \u00bb pour les \u00e9l\u00e8ves au moyen de son programme d\u2019alimentation scolaire.\" \/>\n<meta property=\"og:url\" content=\"https:\/\/www.farmtocafeteriacanada.ca\/fr\/2024\/11\/susie-leamen\/\" \/>\n<meta property=\"og:site_name\" content=\"Farm to Cafeteria Canada\" \/>\n<meta property=\"article:publisher\" content=\"https:\/\/www.facebook.com\/groups\/FarmtocafeteriaCanada\/\" \/>\n<meta property=\"article:published_time\" content=\"2024-11-25T17:52:51+00:00\" \/>\n<meta property=\"article:modified_time\" content=\"2024-12-05T19:35:24+00:00\" \/>\n<meta property=\"og:image\" content=\"https:\/\/www.farmtocafeteriacanada.ca\/wp-content\/uploads\/Susie-Leamen.jpeg\" \/>\n\t<meta property=\"og:image:width\" content=\"1500\" \/>\n\t<meta property=\"og:image:height\" content=\"1189\" \/>\n\t<meta property=\"og:image:type\" content=\"image\/jpeg\" \/>\n<meta name=\"author\" content=\"F2CC admin\" \/>\n<meta name=\"twitter:card\" content=\"summary_large_image\" \/>\n<meta name=\"twitter:creator\" content=\"@Farm2Cafeteria\" \/>\n<meta name=\"twitter:site\" content=\"@Farm2Cafeteria\" \/>\n<meta name=\"twitter:label1\" content=\"\u00c9crit par\" \/>\n\t<meta name=\"twitter:data1\" content=\"F2CC admin\" \/>\n\t<meta name=\"twitter:label2\" content=\"Dur\u00e9e de lecture estim\u00e9e\" \/>\n\t<meta name=\"twitter:data2\" content=\"6 minutes\" \/>\n<script type=\"application\/ld+json\" class=\"yoast-schema-graph\">{\"@context\":\"https:\/\/schema.org\",\"@graph\":[{\"@type\":\"Article\",\"@id\":\"https:\/\/www.farmtocafeteriacanada.ca\/fr\/2024\/11\/susie-leamen\/#article\",\"isPartOf\":{\"@id\":\"https:\/\/www.farmtocafeteriacanada.ca\/fr\/2024\/11\/susie-leamen\/\"},\"author\":{\"name\":\"F2CC admin\",\"@id\":\"https:\/\/www.farmtocafeteriacanada.ca\/#\/schema\/person\/03c2a359a7f0c99b895e08c1e7056708\"},\"headline\":\"Mettre fin \u00e0 la stigmatisation gr\u00e2ce \u00e0 l&#8217;alimentation : Susie Leamen, championne de l&#8217;alimentation scolaire, cr\u00e9e un \u00ab safe space \u00bb pour les \u00e9l\u00e8ves au moyen de son programme d&#8217;alimentation scolaire.\",\"datePublished\":\"2024-11-25T17:52:51+00:00\",\"dateModified\":\"2024-12-05T19:35:24+00:00\",\"mainEntityOfPage\":{\"@id\":\"https:\/\/www.farmtocafeteriacanada.ca\/fr\/2024\/11\/susie-leamen\/\"},\"wordCount\":32,\"publisher\":{\"@id\":\"https:\/\/www.farmtocafeteriacanada.ca\/#organization\"},\"image\":{\"@id\":\"https:\/\/www.farmtocafeteriacanada.ca\/fr\/2024\/11\/susie-leamen\/#primaryimage\"},\"thumbnailUrl\":\"https:\/\/www.farmtocafeteriacanada.ca\/wp-content\/uploads\/Susie-Leamen.jpeg\",\"keywords\":[\"Aliments locaux\",\"Apprentissage pratique\",\"Cuisiner\",\"Cultiver\",\"\u00c9cole interm\u00e9diaire (7-8)\",\"\u00c9cole secondaire (9-12)\",\"Lien avec la communaut\u00e9\",\"Manger\",\"Qu\u00e9bec\",\"S\u00e9curit\u00e9 alimentaire\"],\"articleSection\":[\"Blogue de page d'accueil\"],\"inLanguage\":\"fr-FR\"},{\"@type\":\"WebPage\",\"@id\":\"https:\/\/www.farmtocafeteriacanada.ca\/fr\/2024\/11\/susie-leamen\/\",\"url\":\"https:\/\/www.farmtocafeteriacanada.ca\/fr\/2024\/11\/susie-leamen\/\",\"name\":\"Mettre fin \u00e0 la stigmatisation gr\u00e2ce \u00e0 l'alimentation : Susie Leamen, championne de l'alimentation scolaire, cr\u00e9e un \u00ab safe space \u00bb pour les \u00e9l\u00e8ves au moyen de son programme d'alimentation scolaire. - Farm to Cafeteria Canada\",\"isPartOf\":{\"@id\":\"https:\/\/www.farmtocafeteriacanada.ca\/#website\"},\"primaryImageOfPage\":{\"@id\":\"https:\/\/www.farmtocafeteriacanada.ca\/fr\/2024\/11\/susie-leamen\/#primaryimage\"},\"image\":{\"@id\":\"https:\/\/www.farmtocafeteriacanada.ca\/fr\/2024\/11\/susie-leamen\/#primaryimage\"},\"thumbnailUrl\":\"https:\/\/www.farmtocafeteriacanada.ca\/wp-content\/uploads\/Susie-Leamen.jpeg\",\"datePublished\":\"2024-11-25T17:52:51+00:00\",\"dateModified\":\"2024-12-05T19:35:24+00:00\",\"breadcrumb\":{\"@id\":\"https:\/\/www.farmtocafeteriacanada.ca\/fr\/2024\/11\/susie-leamen\/#breadcrumb\"},\"inLanguage\":\"fr-FR\",\"potentialAction\":[{\"@type\":\"ReadAction\",\"target\":[\"https:\/\/www.farmtocafeteriacanada.ca\/fr\/2024\/11\/susie-leamen\/\"]}]},{\"@type\":\"ImageObject\",\"inLanguage\":\"fr-FR\",\"@id\":\"https:\/\/www.farmtocafeteriacanada.ca\/fr\/2024\/11\/susie-leamen\/#primaryimage\",\"url\":\"https:\/\/www.farmtocafeteriacanada.ca\/wp-content\/uploads\/Susie-Leamen.jpeg\",\"contentUrl\":\"https:\/\/www.farmtocafeteriacanada.ca\/wp-content\/uploads\/Susie-Leamen.jpeg\",\"width\":1500,\"height\":1189},{\"@type\":\"BreadcrumbList\",\"@id\":\"https:\/\/www.farmtocafeteriacanada.ca\/fr\/2024\/11\/susie-leamen\/#breadcrumb\",\"itemListElement\":[{\"@type\":\"ListItem\",\"position\":1,\"name\":\"Home\",\"item\":\"https:\/\/www.farmtocafeteriacanada.ca\/fr\/accueil\/\"},{\"@type\":\"ListItem\",\"position\":2,\"name\":\"Mettre fin \u00e0 la stigmatisation gr\u00e2ce \u00e0 l&#8217;alimentation : Susie Leamen, championne de l&#8217;alimentation scolaire, cr\u00e9e un \u00ab safe space \u00bb pour les \u00e9l\u00e8ves au moyen de son programme d&#8217;alimentation scolaire.\"}]},{\"@type\":\"WebSite\",\"@id\":\"https:\/\/www.farmtocafeteriacanada.ca\/#website\",\"url\":\"https:\/\/www.farmtocafeteriacanada.ca\/\",\"name\":\"Farm to Cafeteria Canada\",\"description\":\"\",\"publisher\":{\"@id\":\"https:\/\/www.farmtocafeteriacanada.ca\/#organization\"},\"potentialAction\":[{\"@type\":\"SearchAction\",\"target\":{\"@type\":\"EntryPoint\",\"urlTemplate\":\"https:\/\/www.farmtocafeteriacanada.ca\/?s={search_term_string}\"},\"query-input\":{\"@type\":\"PropertyValueSpecification\",\"valueRequired\":true,\"valueName\":\"search_term_string\"}}],\"inLanguage\":\"fr-FR\"},{\"@type\":\"Organization\",\"@id\":\"https:\/\/www.farmtocafeteriacanada.ca\/#organization\",\"name\":\"Farm to Cafeteria Canada\",\"url\":\"https:\/\/www.farmtocafeteriacanada.ca\/\",\"logo\":{\"@type\":\"ImageObject\",\"inLanguage\":\"fr-FR\",\"@id\":\"https:\/\/www.farmtocafeteriacanada.ca\/#\/schema\/logo\/image\/\",\"url\":\"http:\/\/www.farmtocafeteriacanada.ca\/wp-content\/uploads\/2015\/03\/f2cc_logo_en2.png\",\"contentUrl\":\"http:\/\/www.farmtocafeteriacanada.ca\/wp-content\/uploads\/2015\/03\/f2cc_logo_en2.png\",\"width\":3000,\"height\":476,\"caption\":\"Farm to Cafeteria Canada\"},\"image\":{\"@id\":\"https:\/\/www.farmtocafeteriacanada.ca\/#\/schema\/logo\/image\/\"},\"sameAs\":[\"https:\/\/www.facebook.com\/groups\/FarmtocafeteriaCanada\/\",\"https:\/\/x.com\/Farm2Cafeteria\",\"https:\/\/www.youtube.com\/channel\/UCQjcYiICtAygShD3IwNsewQ\"]},{\"@type\":\"Person\",\"@id\":\"https:\/\/www.farmtocafeteriacanada.ca\/#\/schema\/person\/03c2a359a7f0c99b895e08c1e7056708\",\"name\":\"F2CC admin\",\"image\":{\"@type\":\"ImageObject\",\"inLanguage\":\"fr-FR\",\"@id\":\"https:\/\/www.farmtocafeteriacanada.ca\/#\/schema\/person\/image\/\",\"url\":\"https:\/\/secure.gravatar.com\/avatar\/c1ddaee9a55673d852314381577bb8198996fbef53c8e2320536bf543b7712b4?s=96&d=mm&r=g\",\"contentUrl\":\"https:\/\/secure.gravatar.com\/avatar\/c1ddaee9a55673d852314381577bb8198996fbef53c8e2320536bf543b7712b4?s=96&d=mm&r=g\",\"caption\":\"F2CC admin\"},\"url\":\"https:\/\/www.farmtocafeteriacanada.ca\/fr\/author\/tracey\/\"}]}<\/script>\n<!-- \/ Yoast SEO plugin. -->","yoast_head_json":{"title":"Mettre fin \u00e0 la stigmatisation gr\u00e2ce \u00e0 l'alimentation : Susie Leamen, championne de l'alimentation scolaire, cr\u00e9e un \u00ab safe space \u00bb pour les \u00e9l\u00e8ves au moyen de son programme d'alimentation scolaire. - Farm to Cafeteria Canada","robots":{"index":"index","follow":"follow","max-snippet":"max-snippet:-1","max-image-preview":"max-image-preview:large","max-video-preview":"max-video-preview:-1"},"canonical":"https:\/\/www.farmtocafeteriacanada.ca\/fr\/2024\/11\/susie-leamen\/","og_locale":"fr_FR","og_type":"article","og_title":"Mettre fin \u00e0 la stigmatisation gr\u00e2ce \u00e0 l\u2019alimentation : Susie Leamen, championne de l\u2019alimentation scolaire, cr\u00e9e un \u00ab safe space \u00bb pour les \u00e9l\u00e8ves au moyen de son programme d\u2019alimentation scolaire.","og_url":"https:\/\/www.farmtocafeteriacanada.ca\/fr\/2024\/11\/susie-leamen\/","og_site_name":"Farm to Cafeteria Canada","article_publisher":"https:\/\/www.facebook.com\/groups\/FarmtocafeteriaCanada\/","article_published_time":"2024-11-25T17:52:51+00:00","article_modified_time":"2024-12-05T19:35:24+00:00","og_image":[{"width":1500,"height":1189,"url":"https:\/\/www.farmtocafeteriacanada.ca\/wp-content\/uploads\/Susie-Leamen.jpeg","type":"image\/jpeg"}],"author":"F2CC admin","twitter_card":"summary_large_image","twitter_creator":"@Farm2Cafeteria","twitter_site":"@Farm2Cafeteria","twitter_misc":{"\u00c9crit par":"F2CC admin","Dur\u00e9e de lecture estim\u00e9e":"6 minutes"},"schema":{"@context":"https:\/\/schema.org","@graph":[{"@type":"Article","@id":"https:\/\/www.farmtocafeteriacanada.ca\/fr\/2024\/11\/susie-leamen\/#article","isPartOf":{"@id":"https:\/\/www.farmtocafeteriacanada.ca\/fr\/2024\/11\/susie-leamen\/"},"author":{"name":"F2CC admin","@id":"https:\/\/www.farmtocafeteriacanada.ca\/#\/schema\/person\/03c2a359a7f0c99b895e08c1e7056708"},"headline":"Mettre fin \u00e0 la stigmatisation gr\u00e2ce \u00e0 l&#8217;alimentation : Susie Leamen, championne de l&#8217;alimentation scolaire, cr\u00e9e un \u00ab safe space \u00bb pour les \u00e9l\u00e8ves au moyen de son programme d&#8217;alimentation scolaire.","datePublished":"2024-11-25T17:52:51+00:00","dateModified":"2024-12-05T19:35:24+00:00","mainEntityOfPage":{"@id":"https:\/\/www.farmtocafeteriacanada.ca\/fr\/2024\/11\/susie-leamen\/"},"wordCount":32,"publisher":{"@id":"https:\/\/www.farmtocafeteriacanada.ca\/#organization"},"image":{"@id":"https:\/\/www.farmtocafeteriacanada.ca\/fr\/2024\/11\/susie-leamen\/#primaryimage"},"thumbnailUrl":"https:\/\/www.farmtocafeteriacanada.ca\/wp-content\/uploads\/Susie-Leamen.jpeg","keywords":["Aliments locaux","Apprentissage pratique","Cuisiner","Cultiver","\u00c9cole interm\u00e9diaire (7-8)","\u00c9cole secondaire (9-12)","Lien avec la communaut\u00e9","Manger","Qu\u00e9bec","S\u00e9curit\u00e9 alimentaire"],"articleSection":["Blogue de page d'accueil"],"inLanguage":"fr-FR"},{"@type":"WebPage","@id":"https:\/\/www.farmtocafeteriacanada.ca\/fr\/2024\/11\/susie-leamen\/","url":"https:\/\/www.farmtocafeteriacanada.ca\/fr\/2024\/11\/susie-leamen\/","name":"Mettre fin \u00e0 la stigmatisation gr\u00e2ce \u00e0 l'alimentation : Susie Leamen, championne de l'alimentation scolaire, cr\u00e9e un \u00ab safe space \u00bb pour les \u00e9l\u00e8ves au moyen de son programme d'alimentation scolaire. - Farm to Cafeteria Canada","isPartOf":{"@id":"https:\/\/www.farmtocafeteriacanada.ca\/#website"},"primaryImageOfPage":{"@id":"https:\/\/www.farmtocafeteriacanada.ca\/fr\/2024\/11\/susie-leamen\/#primaryimage"},"image":{"@id":"https:\/\/www.farmtocafeteriacanada.ca\/fr\/2024\/11\/susie-leamen\/#primaryimage"},"thumbnailUrl":"https:\/\/www.farmtocafeteriacanada.ca\/wp-content\/uploads\/Susie-Leamen.jpeg","datePublished":"2024-11-25T17:52:51+00:00","dateModified":"2024-12-05T19:35:24+00:00","breadcrumb":{"@id":"https:\/\/www.farmtocafeteriacanada.ca\/fr\/2024\/11\/susie-leamen\/#breadcrumb"},"inLanguage":"fr-FR","potentialAction":[{"@type":"ReadAction","target":["https:\/\/www.farmtocafeteriacanada.ca\/fr\/2024\/11\/susie-leamen\/"]}]},{"@type":"ImageObject","inLanguage":"fr-FR","@id":"https:\/\/www.farmtocafeteriacanada.ca\/fr\/2024\/11\/susie-leamen\/#primaryimage","url":"https:\/\/www.farmtocafeteriacanada.ca\/wp-content\/uploads\/Susie-Leamen.jpeg","contentUrl":"https:\/\/www.farmtocafeteriacanada.ca\/wp-content\/uploads\/Susie-Leamen.jpeg","width":1500,"height":1189},{"@type":"BreadcrumbList","@id":"https:\/\/www.farmtocafeteriacanada.ca\/fr\/2024\/11\/susie-leamen\/#breadcrumb","itemListElement":[{"@type":"ListItem","position":1,"name":"Home","item":"https:\/\/www.farmtocafeteriacanada.ca\/fr\/accueil\/"},{"@type":"ListItem","position":2,"name":"Mettre fin \u00e0 la stigmatisation gr\u00e2ce \u00e0 l&#8217;alimentation : Susie Leamen, championne de l&#8217;alimentation scolaire, cr\u00e9e un \u00ab safe space \u00bb pour les \u00e9l\u00e8ves au moyen de son programme d&#8217;alimentation scolaire."}]},{"@type":"WebSite","@id":"https:\/\/www.farmtocafeteriacanada.ca\/#website","url":"https:\/\/www.farmtocafeteriacanada.ca\/","name":"Farm to Cafeteria Canada","description":"","publisher":{"@id":"https:\/\/www.farmtocafeteriacanada.ca\/#organization"},"potentialAction":[{"@type":"SearchAction","target":{"@type":"EntryPoint","urlTemplate":"https:\/\/www.farmtocafeteriacanada.ca\/?s={search_term_string}"},"query-input":{"@type":"PropertyValueSpecification","valueRequired":true,"valueName":"search_term_string"}}],"inLanguage":"fr-FR"},{"@type":"Organization","@id":"https:\/\/www.farmtocafeteriacanada.ca\/#organization","name":"Farm to Cafeteria Canada","url":"https:\/\/www.farmtocafeteriacanada.ca\/","logo":{"@type":"ImageObject","inLanguage":"fr-FR","@id":"https:\/\/www.farmtocafeteriacanada.ca\/#\/schema\/logo\/image\/","url":"http:\/\/www.farmtocafeteriacanada.ca\/wp-content\/uploads\/2015\/03\/f2cc_logo_en2.png","contentUrl":"http:\/\/www.farmtocafeteriacanada.ca\/wp-content\/uploads\/2015\/03\/f2cc_logo_en2.png","width":3000,"height":476,"caption":"Farm to Cafeteria Canada"},"image":{"@id":"https:\/\/www.farmtocafeteriacanada.ca\/#\/schema\/logo\/image\/"},"sameAs":["https:\/\/www.facebook.com\/groups\/FarmtocafeteriaCanada\/","https:\/\/x.com\/Farm2Cafeteria","https:\/\/www.youtube.com\/channel\/UCQjcYiICtAygShD3IwNsewQ"]},{"@type":"Person","@id":"https:\/\/www.farmtocafeteriacanada.ca\/#\/schema\/person\/03c2a359a7f0c99b895e08c1e7056708","name":"F2CC admin","image":{"@type":"ImageObject","inLanguage":"fr-FR","@id":"https:\/\/www.farmtocafeteriacanada.ca\/#\/schema\/person\/image\/","url":"https:\/\/secure.gravatar.com\/avatar\/c1ddaee9a55673d852314381577bb8198996fbef53c8e2320536bf543b7712b4?s=96&d=mm&r=g","contentUrl":"https:\/\/secure.gravatar.com\/avatar\/c1ddaee9a55673d852314381577bb8198996fbef53c8e2320536bf543b7712b4?s=96&d=mm&r=g","caption":"F2CC admin"},"url":"https:\/\/www.farmtocafeteriacanada.ca\/fr\/author\/tracey\/"}]}},"_links":{"self":[{"href":"https:\/\/www.farmtocafeteriacanada.ca\/fr\/wp-json\/wp\/v2\/posts\/45395","targetHints":{"allow":["GET"]}}],"collection":[{"href":"https:\/\/www.farmtocafeteriacanada.ca\/fr\/wp-json\/wp\/v2\/posts"}],"about":[{"href":"https:\/\/www.farmtocafeteriacanada.ca\/fr\/wp-json\/wp\/v2\/types\/post"}],"author":[{"embeddable":true,"href":"https:\/\/www.farmtocafeteriacanada.ca\/fr\/wp-json\/wp\/v2\/users\/3"}],"replies":[{"embeddable":true,"href":"https:\/\/www.farmtocafeteriacanada.ca\/fr\/wp-json\/wp\/v2\/comments?post=45395"}],"version-history":[{"count":5,"href":"https:\/\/www.farmtocafeteriacanada.ca\/fr\/wp-json\/wp\/v2\/posts\/45395\/revisions"}],"predecessor-version":[{"id":45656,"href":"https:\/\/www.farmtocafeteriacanada.ca\/fr\/wp-json\/wp\/v2\/posts\/45395\/revisions\/45656"}],"wp:featuredmedia":[{"embeddable":true,"href":"https:\/\/www.farmtocafeteriacanada.ca\/fr\/wp-json\/wp\/v2\/media\/45477"}],"wp:attachment":[{"href":"https:\/\/www.farmtocafeteriacanada.ca\/fr\/wp-json\/wp\/v2\/media?parent=45395"}],"wp:term":[{"taxonomy":"category","embeddable":true,"href":"https:\/\/www.farmtocafeteriacanada.ca\/fr\/wp-json\/wp\/v2\/categories?post=45395"},{"taxonomy":"post_tag","embeddable":true,"href":"https:\/\/www.farmtocafeteriacanada.ca\/fr\/wp-json\/wp\/v2\/tags?post=45395"}],"curies":[{"name":"wp","href":"https:\/\/api.w.org\/{rel}","templated":true}]}}