
{"id":43156,"date":"2024-03-26T06:15:30","date_gmt":"2024-03-26T11:15:30","guid":{"rendered":"https:\/\/www.farmtocafeteriacanada.ca\/?p=43156"},"modified":"2024-03-27T13:15:06","modified_gmt":"2024-03-27T18:15:06","slug":"les-aliments-dorigine-vegetale-pour-le-mois-de-la-terre","status":"publish","type":"post","link":"https:\/\/www.farmtocafeteriacanada.ca\/fr\/2024\/03\/les-aliments-dorigine-vegetale-pour-le-mois-de-la-terre\/","title":{"rendered":"Les aliments d\u2019origine v\u00e9g\u00e9tale pour le Mois de la Terre!"},"content":{"rendered":"<h5><img loading=\"lazy\" decoding=\"async\" class=\"size-full wp-image-43135 alignnone\" src=\"https:\/\/www.farmtocafeteriacanada.ca\/wp-content\/uploads\/Forward-Food-Webinar-Banner-F2CC.png\" alt=\"\" width=\"2000\" height=\"1125\" srcset=\"https:\/\/www.farmtocafeteriacanada.ca\/wp-content\/uploads\/Forward-Food-Webinar-Banner-F2CC.png 2000w, https:\/\/www.farmtocafeteriacanada.ca\/wp-content\/uploads\/Forward-Food-Webinar-Banner-F2CC-768x432.png 768w, https:\/\/www.farmtocafeteriacanada.ca\/wp-content\/uploads\/Forward-Food-Webinar-Banner-F2CC-1536x864.png 1536w\" sizes=\"auto, (max-width: 2000px) 100vw, 2000px\" \/><\/h5>\n<h5><strong>Souhaitez-vous conna\u00eetre des fa\u00e7ons amusantes afin de stimuler l\u2019int\u00e9r\u00eat de vos \u00e9l\u00e8ves envers les aliments d\u2019origine v\u00e9g\u00e9tale?<\/strong><\/h5>\n<p><span style=\"font-weight: 400;\">En avril, on c\u00e9l\u00e8bre le mois de la Terre! Nous sommes donc ravis de collaborer avec la Humane Society International\/Canada (HSI\/Canada) cette ann\u00e9e afin d\u2019en apprendre davantage sur le programme Forward Food. De l\u2019inspiration et des ressources pour ceux et celles souhaitant incorporer plus d\u2019aliments locaux, durables et d\u2019origine v\u00e9g\u00e9tale dans les \u00e9coles seront aussi partag\u00e9es.<\/span><\/p>\n<p><span style=\"font-weight: 400;\">Joignez-vous \u00e0 nous et l\u2019\u00e9quipe d\u2019HSI Canada le 16 avril de 12h \u00e0 13h (PST) \/ 15h \u00e0 16h (EST) lors de notre <\/span><b>Webinaire sur le verdissement des caf\u00e9t\u00e9rias : l\u2019int\u00e9gration des aliments d\u2019origine v\u00e9g\u00e9tale dans les \u00e9coles, de la garderie \u00e0 la 12e ann\u00e9e<\/b><span style=\"font-weight: 400;\"> pour en apprendre davantage sur : <\/span><\/p>\n<ul>\n<li style=\"font-weight: 400;\" aria-level=\"1\"><span style=\"font-weight: 400;\">Les avantages environnementaux des aliments d\u2019origine v\u00e9g\u00e9tale<\/span><\/li>\n<li style=\"font-weight: 400;\" aria-level=\"1\"><span style=\"font-weight: 400;\">Des moyens pratiques et amusants pour incorporer des programmes promouvant les aliments d\u2019origine v\u00e9g\u00e9tale dans les milieux de la petite enfance et \u00e0 l\u2019\u00e9cole de fa\u00e7on inclusive.<\/span><\/li>\n<li style=\"font-weight: 400;\" aria-level=\"1\"><span style=\"font-weight: 400;\">Le programme Forward Food de HSI\/Canada et comment acc\u00e9der \u00e0 leurs ressources gratuitement.<\/span><\/li>\n<\/ul>\n<p style=\"text-align: center;\"><a class=\"gdlr-core-button gdlr-core-button-shortcode  gdlr-core-button-gradient gdlr-core-button-no-border\" href=\"https:\/\/form-can.keela.co\/plant-powered-foods-webinar-registration-form\" target=\"_blank\"  style=\"margin-right: 20px;\"  ><span class=\"gdlr-core-content\"  >Inscrivez-vous maintenant<\/span><\/a><\/p>\n","protected":false},"excerpt":{"rendered":"<p>Souhaitez-vous conna\u00eetre des fa\u00e7ons amusantes afin de stimuler l\u2019int\u00e9r\u00eat de vos \u00e9l\u00e8ves envers les aliments d\u2019origine v\u00e9g\u00e9tale? En avril, on c\u00e9l\u00e8bre le mois de la Terre! Nous sommes donc ravis de collaborer avec la Humane Society International\/Canada (HSI\/Canada) cette ann\u00e9e afin d\u2019en apprendre davantage sur le programme Forward Food. De l\u2019inspiration et des ressources pour [&hellip;]<\/p>\n","protected":false},"author":3,"featured_media":43136,"comment_status":"closed","ping_status":"closed","sticky":false,"template":"","format":"standard","meta":{"_acf_changed":false,"_exactmetrics_skip_tracking":false,"_exactmetrics_sitenote_active":false,"_exactmetrics_sitenote_note":"","_exactmetrics_sitenote_category":0,"footnotes":""},"categories":[254],"tags":[327,193,322,331,323],"class_list":["post-43156","post","type-post","status-publish","format-standard","has-post-thumbnail","hentry","category-blogue-de-page-daccueil","tag-apprentissage-pratique","tag-canada-fr","tag-cuisiner","tag-environnement","tag-manger"],"acf":[],"yoast_head":"<!-- This site is optimized with the Yoast SEO plugin v26.7 - https:\/\/yoast.com\/wordpress\/plugins\/seo\/ -->\n<title>Les aliments d\u2019origine v\u00e9g\u00e9tale pour le Mois de la Terre! - Farm to Cafeteria Canada<\/title>\n<meta name=\"robots\" content=\"index, follow, max-snippet:-1, max-image-preview:large, max-video-preview:-1\" \/>\n<link rel=\"canonical\" href=\"https:\/\/www.farmtocafeteriacanada.ca\/fr\/2024\/03\/les-aliments-dorigine-vegetale-pour-le-mois-de-la-terre\/\" \/>\n<meta property=\"og:locale\" content=\"fr_FR\" \/>\n<meta property=\"og:type\" content=\"article\" \/>\n<meta property=\"og:title\" content=\"Les aliments d\u2019origine v\u00e9g\u00e9tale pour le Mois de la Terre! - Farm to Cafeteria Canada\" \/>\n<meta property=\"og:description\" content=\"Souhaitez-vous conna\u00eetre des fa\u00e7ons amusantes afin de stimuler l\u2019int\u00e9r\u00eat de vos \u00e9l\u00e8ves envers les aliments d\u2019origine v\u00e9g\u00e9tale? En avril, on c\u00e9l\u00e8bre le mois de la Terre! Nous sommes donc ravis de collaborer avec la Humane Society International\/Canada (HSI\/Canada) cette ann\u00e9e afin d\u2019en apprendre davantage sur le programme Forward Food. De l\u2019inspiration et des ressources pour [&hellip;]\" \/>\n<meta property=\"og:url\" content=\"https:\/\/www.farmtocafeteriacanada.ca\/fr\/2024\/03\/les-aliments-dorigine-vegetale-pour-le-mois-de-la-terre\/\" \/>\n<meta property=\"og:site_name\" content=\"Farm to Cafeteria Canada\" \/>\n<meta property=\"article:publisher\" content=\"https:\/\/www.facebook.com\/groups\/FarmtocafeteriaCanada\/\" \/>\n<meta property=\"article:published_time\" content=\"2024-03-26T11:15:30+00:00\" \/>\n<meta property=\"article:modified_time\" content=\"2024-03-27T18:15:06+00:00\" \/>\n<meta property=\"og:image\" content=\"https:\/\/www.farmtocafeteriacanada.ca\/wp-content\/uploads\/Forward-Food-Webinar-Banner-F2CC.png\" \/>\n\t<meta property=\"og:image:width\" content=\"2000\" \/>\n\t<meta property=\"og:image:height\" content=\"1125\" \/>\n\t<meta property=\"og:image:type\" content=\"image\/png\" \/>\n<meta name=\"author\" content=\"F2CC admin\" \/>\n<meta name=\"twitter:card\" content=\"summary_large_image\" \/>\n<meta name=\"twitter:creator\" content=\"@Farm2Cafeteria\" \/>\n<meta name=\"twitter:site\" content=\"@Farm2Cafeteria\" \/>\n<meta name=\"twitter:label1\" content=\"\u00c9crit par\" \/>\n\t<meta name=\"twitter:data1\" content=\"F2CC admin\" \/>\n\t<meta name=\"twitter:label2\" content=\"Dur\u00e9e de lecture estim\u00e9e\" \/>\n\t<meta name=\"twitter:data2\" content=\"1 minute\" \/>\n<script type=\"application\/ld+json\" class=\"yoast-schema-graph\">{\"@context\":\"https:\/\/schema.org\",\"@graph\":[{\"@type\":\"Article\",\"@id\":\"https:\/\/www.farmtocafeteriacanada.ca\/fr\/2024\/03\/les-aliments-dorigine-vegetale-pour-le-mois-de-la-terre\/#article\",\"isPartOf\":{\"@id\":\"https:\/\/www.farmtocafeteriacanada.ca\/fr\/2024\/03\/les-aliments-dorigine-vegetale-pour-le-mois-de-la-terre\/\"},\"author\":{\"name\":\"F2CC admin\",\"@id\":\"https:\/\/www.farmtocafeteriacanada.ca\/#\/schema\/person\/03c2a359a7f0c99b895e08c1e7056708\"},\"headline\":\"Les aliments d\u2019origine v\u00e9g\u00e9tale pour le Mois de la Terre!\",\"datePublished\":\"2024-03-26T11:15:30+00:00\",\"dateModified\":\"2024-03-27T18:15:06+00:00\",\"mainEntityOfPage\":{\"@id\":\"https:\/\/www.farmtocafeteriacanada.ca\/fr\/2024\/03\/les-aliments-dorigine-vegetale-pour-le-mois-de-la-terre\/\"},\"wordCount\":231,\"publisher\":{\"@id\":\"https:\/\/www.farmtocafeteriacanada.ca\/#organization\"},\"image\":{\"@id\":\"https:\/\/www.farmtocafeteriacanada.ca\/fr\/2024\/03\/les-aliments-dorigine-vegetale-pour-le-mois-de-la-terre\/#primaryimage\"},\"thumbnailUrl\":\"https:\/\/www.farmtocafeteriacanada.ca\/wp-content\/uploads\/Forward-Food-Webinar-Banner-F2CC.png\",\"keywords\":[\"Apprentissage pratique\",\"Canada\",\"Cuisiner\",\"Environnement\",\"Manger\"],\"articleSection\":[\"Blogue de page d'accueil\"],\"inLanguage\":\"fr-FR\"},{\"@type\":\"WebPage\",\"@id\":\"https:\/\/www.farmtocafeteriacanada.ca\/fr\/2024\/03\/les-aliments-dorigine-vegetale-pour-le-mois-de-la-terre\/\",\"url\":\"https:\/\/www.farmtocafeteriacanada.ca\/fr\/2024\/03\/les-aliments-dorigine-vegetale-pour-le-mois-de-la-terre\/\",\"name\":\"Les aliments d\u2019origine v\u00e9g\u00e9tale pour le Mois de la Terre! - Farm to Cafeteria Canada\",\"isPartOf\":{\"@id\":\"https:\/\/www.farmtocafeteriacanada.ca\/#website\"},\"primaryImageOfPage\":{\"@id\":\"https:\/\/www.farmtocafeteriacanada.ca\/fr\/2024\/03\/les-aliments-dorigine-vegetale-pour-le-mois-de-la-terre\/#primaryimage\"},\"image\":{\"@id\":\"https:\/\/www.farmtocafeteriacanada.ca\/fr\/2024\/03\/les-aliments-dorigine-vegetale-pour-le-mois-de-la-terre\/#primaryimage\"},\"thumbnailUrl\":\"https:\/\/www.farmtocafeteriacanada.ca\/wp-content\/uploads\/Forward-Food-Webinar-Banner-F2CC.png\",\"datePublished\":\"2024-03-26T11:15:30+00:00\",\"dateModified\":\"2024-03-27T18:15:06+00:00\",\"breadcrumb\":{\"@id\":\"https:\/\/www.farmtocafeteriacanada.ca\/fr\/2024\/03\/les-aliments-dorigine-vegetale-pour-le-mois-de-la-terre\/#breadcrumb\"},\"inLanguage\":\"fr-FR\",\"potentialAction\":[{\"@type\":\"ReadAction\",\"target\":[\"https:\/\/www.farmtocafeteriacanada.ca\/fr\/2024\/03\/les-aliments-dorigine-vegetale-pour-le-mois-de-la-terre\/\"]}]},{\"@type\":\"ImageObject\",\"inLanguage\":\"fr-FR\",\"@id\":\"https:\/\/www.farmtocafeteriacanada.ca\/fr\/2024\/03\/les-aliments-dorigine-vegetale-pour-le-mois-de-la-terre\/#primaryimage\",\"url\":\"https:\/\/www.farmtocafeteriacanada.ca\/wp-content\/uploads\/Forward-Food-Webinar-Banner-F2CC.png\",\"contentUrl\":\"https:\/\/www.farmtocafeteriacanada.ca\/wp-content\/uploads\/Forward-Food-Webinar-Banner-F2CC.png\",\"width\":2000,\"height\":1125},{\"@type\":\"BreadcrumbList\",\"@id\":\"https:\/\/www.farmtocafeteriacanada.ca\/fr\/2024\/03\/les-aliments-dorigine-vegetale-pour-le-mois-de-la-terre\/#breadcrumb\",\"itemListElement\":[{\"@type\":\"ListItem\",\"position\":1,\"name\":\"Home\",\"item\":\"https:\/\/www.farmtocafeteriacanada.ca\/fr\/accueil\/\"},{\"@type\":\"ListItem\",\"position\":2,\"name\":\"Les aliments d\u2019origine v\u00e9g\u00e9tale pour le Mois de la Terre!\"}]},{\"@type\":\"WebSite\",\"@id\":\"https:\/\/www.farmtocafeteriacanada.ca\/#website\",\"url\":\"https:\/\/www.farmtocafeteriacanada.ca\/\",\"name\":\"Farm to Cafeteria Canada\",\"description\":\"\",\"publisher\":{\"@id\":\"https:\/\/www.farmtocafeteriacanada.ca\/#organization\"},\"potentialAction\":[{\"@type\":\"SearchAction\",\"target\":{\"@type\":\"EntryPoint\",\"urlTemplate\":\"https:\/\/www.farmtocafeteriacanada.ca\/?s={search_term_string}\"},\"query-input\":{\"@type\":\"PropertyValueSpecification\",\"valueRequired\":true,\"valueName\":\"search_term_string\"}}],\"inLanguage\":\"fr-FR\"},{\"@type\":\"Organization\",\"@id\":\"https:\/\/www.farmtocafeteriacanada.ca\/#organization\",\"name\":\"Farm to Cafeteria Canada\",\"url\":\"https:\/\/www.farmtocafeteriacanada.ca\/\",\"logo\":{\"@type\":\"ImageObject\",\"inLanguage\":\"fr-FR\",\"@id\":\"https:\/\/www.farmtocafeteriacanada.ca\/#\/schema\/logo\/image\/\",\"url\":\"http:\/\/www.farmtocafeteriacanada.ca\/wp-content\/uploads\/2015\/03\/f2cc_logo_en2.png\",\"contentUrl\":\"http:\/\/www.farmtocafeteriacanada.ca\/wp-content\/uploads\/2015\/03\/f2cc_logo_en2.png\",\"width\":3000,\"height\":476,\"caption\":\"Farm to Cafeteria Canada\"},\"image\":{\"@id\":\"https:\/\/www.farmtocafeteriacanada.ca\/#\/schema\/logo\/image\/\"},\"sameAs\":[\"https:\/\/www.facebook.com\/groups\/FarmtocafeteriaCanada\/\",\"https:\/\/x.com\/Farm2Cafeteria\",\"https:\/\/www.youtube.com\/channel\/UCQjcYiICtAygShD3IwNsewQ\"]},{\"@type\":\"Person\",\"@id\":\"https:\/\/www.farmtocafeteriacanada.ca\/#\/schema\/person\/03c2a359a7f0c99b895e08c1e7056708\",\"name\":\"F2CC admin\",\"image\":{\"@type\":\"ImageObject\",\"inLanguage\":\"fr-FR\",\"@id\":\"https:\/\/www.farmtocafeteriacanada.ca\/#\/schema\/person\/image\/\",\"url\":\"https:\/\/secure.gravatar.com\/avatar\/c1ddaee9a55673d852314381577bb8198996fbef53c8e2320536bf543b7712b4?s=96&d=mm&r=g\",\"contentUrl\":\"https:\/\/secure.gravatar.com\/avatar\/c1ddaee9a55673d852314381577bb8198996fbef53c8e2320536bf543b7712b4?s=96&d=mm&r=g\",\"caption\":\"F2CC admin\"},\"url\":\"https:\/\/www.farmtocafeteriacanada.ca\/fr\/author\/tracey\/\"}]}<\/script>\n<!-- \/ Yoast SEO plugin. -->","yoast_head_json":{"title":"Les aliments d\u2019origine v\u00e9g\u00e9tale pour le Mois de la Terre! - Farm to Cafeteria Canada","robots":{"index":"index","follow":"follow","max-snippet":"max-snippet:-1","max-image-preview":"max-image-preview:large","max-video-preview":"max-video-preview:-1"},"canonical":"https:\/\/www.farmtocafeteriacanada.ca\/fr\/2024\/03\/les-aliments-dorigine-vegetale-pour-le-mois-de-la-terre\/","og_locale":"fr_FR","og_type":"article","og_title":"Les aliments d\u2019origine v\u00e9g\u00e9tale pour le Mois de la Terre! - Farm to Cafeteria Canada","og_description":"Souhaitez-vous conna\u00eetre des fa\u00e7ons amusantes afin de stimuler l\u2019int\u00e9r\u00eat de vos \u00e9l\u00e8ves envers les aliments d\u2019origine v\u00e9g\u00e9tale? En avril, on c\u00e9l\u00e8bre le mois de la Terre! Nous sommes donc ravis de collaborer avec la Humane Society International\/Canada (HSI\/Canada) cette ann\u00e9e afin d\u2019en apprendre davantage sur le programme Forward Food. De l\u2019inspiration et des ressources pour [&hellip;]","og_url":"https:\/\/www.farmtocafeteriacanada.ca\/fr\/2024\/03\/les-aliments-dorigine-vegetale-pour-le-mois-de-la-terre\/","og_site_name":"Farm to Cafeteria Canada","article_publisher":"https:\/\/www.facebook.com\/groups\/FarmtocafeteriaCanada\/","article_published_time":"2024-03-26T11:15:30+00:00","article_modified_time":"2024-03-27T18:15:06+00:00","og_image":[{"url":"https:\/\/www.farmtocafeteriacanada.ca\/wp-content\/uploads\/Forward-Food-Webinar-Banner-F2CC.png","width":2000,"height":1125,"type":"image\/png"}],"author":"F2CC admin","twitter_card":"summary_large_image","twitter_creator":"@Farm2Cafeteria","twitter_site":"@Farm2Cafeteria","twitter_misc":{"\u00c9crit par":"F2CC admin","Dur\u00e9e de lecture estim\u00e9e":"1 minute"},"schema":{"@context":"https:\/\/schema.org","@graph":[{"@type":"Article","@id":"https:\/\/www.farmtocafeteriacanada.ca\/fr\/2024\/03\/les-aliments-dorigine-vegetale-pour-le-mois-de-la-terre\/#article","isPartOf":{"@id":"https:\/\/www.farmtocafeteriacanada.ca\/fr\/2024\/03\/les-aliments-dorigine-vegetale-pour-le-mois-de-la-terre\/"},"author":{"name":"F2CC admin","@id":"https:\/\/www.farmtocafeteriacanada.ca\/#\/schema\/person\/03c2a359a7f0c99b895e08c1e7056708"},"headline":"Les aliments d\u2019origine v\u00e9g\u00e9tale pour le Mois de la Terre!","datePublished":"2024-03-26T11:15:30+00:00","dateModified":"2024-03-27T18:15:06+00:00","mainEntityOfPage":{"@id":"https:\/\/www.farmtocafeteriacanada.ca\/fr\/2024\/03\/les-aliments-dorigine-vegetale-pour-le-mois-de-la-terre\/"},"wordCount":231,"publisher":{"@id":"https:\/\/www.farmtocafeteriacanada.ca\/#organization"},"image":{"@id":"https:\/\/www.farmtocafeteriacanada.ca\/fr\/2024\/03\/les-aliments-dorigine-vegetale-pour-le-mois-de-la-terre\/#primaryimage"},"thumbnailUrl":"https:\/\/www.farmtocafeteriacanada.ca\/wp-content\/uploads\/Forward-Food-Webinar-Banner-F2CC.png","keywords":["Apprentissage pratique","Canada","Cuisiner","Environnement","Manger"],"articleSection":["Blogue de page d'accueil"],"inLanguage":"fr-FR"},{"@type":"WebPage","@id":"https:\/\/www.farmtocafeteriacanada.ca\/fr\/2024\/03\/les-aliments-dorigine-vegetale-pour-le-mois-de-la-terre\/","url":"https:\/\/www.farmtocafeteriacanada.ca\/fr\/2024\/03\/les-aliments-dorigine-vegetale-pour-le-mois-de-la-terre\/","name":"Les aliments d\u2019origine v\u00e9g\u00e9tale pour le Mois de la Terre! - Farm to Cafeteria Canada","isPartOf":{"@id":"https:\/\/www.farmtocafeteriacanada.ca\/#website"},"primaryImageOfPage":{"@id":"https:\/\/www.farmtocafeteriacanada.ca\/fr\/2024\/03\/les-aliments-dorigine-vegetale-pour-le-mois-de-la-terre\/#primaryimage"},"image":{"@id":"https:\/\/www.farmtocafeteriacanada.ca\/fr\/2024\/03\/les-aliments-dorigine-vegetale-pour-le-mois-de-la-terre\/#primaryimage"},"thumbnailUrl":"https:\/\/www.farmtocafeteriacanada.ca\/wp-content\/uploads\/Forward-Food-Webinar-Banner-F2CC.png","datePublished":"2024-03-26T11:15:30+00:00","dateModified":"2024-03-27T18:15:06+00:00","breadcrumb":{"@id":"https:\/\/www.farmtocafeteriacanada.ca\/fr\/2024\/03\/les-aliments-dorigine-vegetale-pour-le-mois-de-la-terre\/#breadcrumb"},"inLanguage":"fr-FR","potentialAction":[{"@type":"ReadAction","target":["https:\/\/www.farmtocafeteriacanada.ca\/fr\/2024\/03\/les-aliments-dorigine-vegetale-pour-le-mois-de-la-terre\/"]}]},{"@type":"ImageObject","inLanguage":"fr-FR","@id":"https:\/\/www.farmtocafeteriacanada.ca\/fr\/2024\/03\/les-aliments-dorigine-vegetale-pour-le-mois-de-la-terre\/#primaryimage","url":"https:\/\/www.farmtocafeteriacanada.ca\/wp-content\/uploads\/Forward-Food-Webinar-Banner-F2CC.png","contentUrl":"https:\/\/www.farmtocafeteriacanada.ca\/wp-content\/uploads\/Forward-Food-Webinar-Banner-F2CC.png","width":2000,"height":1125},{"@type":"BreadcrumbList","@id":"https:\/\/www.farmtocafeteriacanada.ca\/fr\/2024\/03\/les-aliments-dorigine-vegetale-pour-le-mois-de-la-terre\/#breadcrumb","itemListElement":[{"@type":"ListItem","position":1,"name":"Home","item":"https:\/\/www.farmtocafeteriacanada.ca\/fr\/accueil\/"},{"@type":"ListItem","position":2,"name":"Les aliments d\u2019origine v\u00e9g\u00e9tale pour le Mois de la Terre!"}]},{"@type":"WebSite","@id":"https:\/\/www.farmtocafeteriacanada.ca\/#website","url":"https:\/\/www.farmtocafeteriacanada.ca\/","name":"Farm to Cafeteria Canada","description":"","publisher":{"@id":"https:\/\/www.farmtocafeteriacanada.ca\/#organization"},"potentialAction":[{"@type":"SearchAction","target":{"@type":"EntryPoint","urlTemplate":"https:\/\/www.farmtocafeteriacanada.ca\/?s={search_term_string}"},"query-input":{"@type":"PropertyValueSpecification","valueRequired":true,"valueName":"search_term_string"}}],"inLanguage":"fr-FR"},{"@type":"Organization","@id":"https:\/\/www.farmtocafeteriacanada.ca\/#organization","name":"Farm to Cafeteria Canada","url":"https:\/\/www.farmtocafeteriacanada.ca\/","logo":{"@type":"ImageObject","inLanguage":"fr-FR","@id":"https:\/\/www.farmtocafeteriacanada.ca\/#\/schema\/logo\/image\/","url":"http:\/\/www.farmtocafeteriacanada.ca\/wp-content\/uploads\/2015\/03\/f2cc_logo_en2.png","contentUrl":"http:\/\/www.farmtocafeteriacanada.ca\/wp-content\/uploads\/2015\/03\/f2cc_logo_en2.png","width":3000,"height":476,"caption":"Farm to Cafeteria Canada"},"image":{"@id":"https:\/\/www.farmtocafeteriacanada.ca\/#\/schema\/logo\/image\/"},"sameAs":["https:\/\/www.facebook.com\/groups\/FarmtocafeteriaCanada\/","https:\/\/x.com\/Farm2Cafeteria","https:\/\/www.youtube.com\/channel\/UCQjcYiICtAygShD3IwNsewQ"]},{"@type":"Person","@id":"https:\/\/www.farmtocafeteriacanada.ca\/#\/schema\/person\/03c2a359a7f0c99b895e08c1e7056708","name":"F2CC admin","image":{"@type":"ImageObject","inLanguage":"fr-FR","@id":"https:\/\/www.farmtocafeteriacanada.ca\/#\/schema\/person\/image\/","url":"https:\/\/secure.gravatar.com\/avatar\/c1ddaee9a55673d852314381577bb8198996fbef53c8e2320536bf543b7712b4?s=96&d=mm&r=g","contentUrl":"https:\/\/secure.gravatar.com\/avatar\/c1ddaee9a55673d852314381577bb8198996fbef53c8e2320536bf543b7712b4?s=96&d=mm&r=g","caption":"F2CC admin"},"url":"https:\/\/www.farmtocafeteriacanada.ca\/fr\/author\/tracey\/"}]}},"_links":{"self":[{"href":"https:\/\/www.farmtocafeteriacanada.ca\/fr\/wp-json\/wp\/v2\/posts\/43156","targetHints":{"allow":["GET"]}}],"collection":[{"href":"https:\/\/www.farmtocafeteriacanada.ca\/fr\/wp-json\/wp\/v2\/posts"}],"about":[{"href":"https:\/\/www.farmtocafeteriacanada.ca\/fr\/wp-json\/wp\/v2\/types\/post"}],"author":[{"embeddable":true,"href":"https:\/\/www.farmtocafeteriacanada.ca\/fr\/wp-json\/wp\/v2\/users\/3"}],"replies":[{"embeddable":true,"href":"https:\/\/www.farmtocafeteriacanada.ca\/fr\/wp-json\/wp\/v2\/comments?post=43156"}],"version-history":[{"count":5,"href":"https:\/\/www.farmtocafeteriacanada.ca\/fr\/wp-json\/wp\/v2\/posts\/43156\/revisions"}],"predecessor-version":[{"id":43164,"href":"https:\/\/www.farmtocafeteriacanada.ca\/fr\/wp-json\/wp\/v2\/posts\/43156\/revisions\/43164"}],"wp:featuredmedia":[{"embeddable":true,"href":"https:\/\/www.farmtocafeteriacanada.ca\/fr\/wp-json\/wp\/v2\/media\/43136"}],"wp:attachment":[{"href":"https:\/\/www.farmtocafeteriacanada.ca\/fr\/wp-json\/wp\/v2\/media?parent=43156"}],"wp:term":[{"taxonomy":"category","embeddable":true,"href":"https:\/\/www.farmtocafeteriacanada.ca\/fr\/wp-json\/wp\/v2\/categories?post=43156"},{"taxonomy":"post_tag","embeddable":true,"href":"https:\/\/www.farmtocafeteriacanada.ca\/fr\/wp-json\/wp\/v2\/tags?post=43156"}],"curies":[{"name":"wp","href":"https:\/\/api.w.org\/{rel}","templated":true}]}}