
{"id":32418,"date":"2022-05-19T14:57:25","date_gmt":"2022-05-19T19:57:25","guid":{"rendered":"https:\/\/www.farmtocafeteriacanada.ca\/?p=32418"},"modified":"2022-09-26T15:32:39","modified_gmt":"2022-09-26T20:32:39","slug":"de-la-semence-a-la-recolte-langue-et-pratiques-traditionnelles-serie-de-videos-sur-la-souverainete-alimentaire-autochtone-de-la-qwemtsin-health-society","status":"publish","type":"post","link":"https:\/\/www.farmtocafeteriacanada.ca\/fr\/2022\/05\/de-la-semence-a-la-recolte-langue-et-pratiques-traditionnelles-serie-de-videos-sur-la-souverainete-alimentaire-autochtone-de-la-qwemtsin-health-society\/","title":{"rendered":"De la semence \u00e0 la r\u00e9colte, langue et pratiques traditionnelles : S\u00e9rie de vid\u00e9os sur la souverainet\u00e9 alimentaire autochtone de la Q&#8217;wemts\u00edn Health Society"},"content":{"rendered":"<h5><strong>En collaboration avec trois communaut\u00e9s : la bande indienne de Skeetchestn, Tk&#8217;eml\u00faps te Secw\u00e9pemc et la bande indienne de Whispering Pines\/Clinton, la<i> Q&#8217;wemts\u00edn Health Society <\/i>(QHS) a cr\u00e9\u00e9 une s\u00e9rie de vid\u00e9os pour promouvoir la culture et le partage de la nourriture dans leurs communaut\u00e9s. En collaboration avec des \u00e9tudiant(e)s, des enseignant(e)s, des A\u00een\u00e9(e)s et des gardien(ne)s du savoir, chaque vid\u00e9o enseigne des comp\u00e9tences sur les modes d&#8217;alimentation afin d&#8217;encourager le partage des connaissances et l&#8217;apaisement (gu\u00e9rison morale). <\/strong><\/h5>\n<p><span style=\"font-weight: 400;\">Ces vid\u00e9os encouragent une alimentation locale saine \u00e0 l&#8217;\u00e9cole et ont \u00e9t\u00e9 r\u00e9alis\u00e9es pour les \u00e9l\u00e8ves, les enseignant(e)s et l&#8217;ensemble de la communaut\u00e9. Les vid\u00e9os fournissent des informations sur diff\u00e9rents aspects du jardinage et des enseignements de la langue Secwepemcts\u00edn. Avec 9 vid\u00e9os au total, une vari\u00e9t\u00e9 de sujets sont couverts dans la s\u00e9rie.<\/span><\/p>\n<p><strong>Nous avons le plaisir de partager ces vid\u00e9os de la s\u00e9rie :<\/strong><\/p>\n<p><i><span style=\"font-weight: 400;\">Veuillez noter que les vid\u00e9os ne sont disponibles qu&#8217;en anglais pour le moment.<\/span><\/i><\/p>\n<h6><span style=\"font-weight: 400; color: #00938b;\">Vid\u00e9o d&#8217;introduction : Elkstw\u00e9cw ne tmicw &#8211; Travailler ensemble sur la terre (5:11 mins)<\/span><\/h6>\n<p><span style=\"font-weight: 400;\">Cette vid\u00e9o fournit une introduction aux sujets de la s\u00e9rie de vid\u00e9os. Les sujets abord\u00e9s comprennent la place accord\u00e9e aux jeunes, la transplantation, la germination, la r\u00e9colte, la plantation d&#8217;accompagnement, la r\u00e9colte d&#8217;un orignal et l&#8217;enseignement de la langue Secwepemcts\u00edn.<\/span><\/p>\n<p><iframe loading=\"lazy\" title=\"QHS Video Series: Introduction\" width=\"1150\" height=\"647\" src=\"https:\/\/www.youtube.com\/embed\/DySQpKGj9F0?feature=oembed\" frameborder=\"0\" allow=\"accelerometer; autoplay; clipboard-write; encrypted-media; gyroscope; picture-in-picture\" allowfullscreen><\/iframe><\/p>\n<hr \/>\n<h6><strong><span style=\"color: #00938b;\">Vid\u00e9o 1 sur le jardinage de la QHS &#8211; Le d\u00e9marrage des semences (15:30 mins)<\/span><\/strong><\/h6>\n<p><span style=\"font-weight: 400;\">Avec l&#8217;aide des \u00e9l\u00e8ves et du personnel, cette vid\u00e9o partage des informations sur la germination, l\u2019assortiment de graines pour commencer, la lecture d&#8217;une courbe de croissance, et plus encore. <\/span><\/p>\n<p><iframe loading=\"lazy\" title=\"QHS Video Series: Starting Seeds\" width=\"1150\" height=\"647\" src=\"https:\/\/www.youtube.com\/embed\/60qyhjB_j0I?feature=oembed\" frameborder=\"0\" allow=\"accelerometer; autoplay; clipboard-write; encrypted-media; gyroscope; picture-in-picture\" allowfullscreen><\/iframe><\/p>\n<hr \/>\n<h6><strong><span style=\"color: #00938b;\">Vid\u00e9o 2 sur le jardinage de la QHS \u2013 La pr\u00e9paration du jardin (5:17 mins)<\/span><\/strong><\/h6>\n<p><span style=\"font-weight: 400;\">Les \u00e9l\u00e8ves et l&#8217;enseignant pr\u00e9sentent ce qu&#8217;ils ont appris sur les planteurs de bouteilles d&#8217;eau, le repiquage, le semis direct, etc.<\/span><\/p>\n<p><iframe loading=\"lazy\" title=\"QHS Video Series: Preparing the Garden\" width=\"1150\" height=\"647\" src=\"https:\/\/www.youtube.com\/embed\/4wwYswceALQ?feature=oembed\" frameborder=\"0\" allow=\"accelerometer; autoplay; clipboard-write; encrypted-media; gyroscope; picture-in-picture\" allowfullscreen><\/iframe><\/p>\n<hr \/>\n<h6><strong><span style=\"color: #00938b;\">Vid\u00e9o 3 sur le jardinage de la QHS \u2013 La transplantation et conseils de jardinage (11:07 mins)<\/span><\/strong><\/h6>\n<p><span style=\"font-weight: 400;\">Le personnel aide les \u00e9l\u00e8ves \u00e0 se familiariser avec l&#8217;organisation bas\u00e9e sur la lumi\u00e8re du soleil, le repiquage, comment attirer des pollinisateurs et \u00e9viter des parasites, le repiquage des moiti\u00e9s de pommes de terre et plus encore. <\/span><\/p>\n<p><iframe loading=\"lazy\" title=\"QHS Video Series: Transplanting in the Garden Tips\" width=\"1150\" height=\"647\" src=\"https:\/\/www.youtube.com\/embed\/CuYnDhJtunY?feature=oembed\" frameborder=\"0\" allow=\"accelerometer; autoplay; clipboard-write; encrypted-media; gyroscope; picture-in-picture\" allowfullscreen><\/iframe><\/p>\n<hr \/>\n<h6><strong><span style=\"color: #00938b;\">Vid\u00e9o 4 sur le jardinage de la QHS \u2013 Le compagnonnage des plantes et les trois s\u0153urs (10:53 mins)<\/span><\/strong><\/h6>\n<p><span style=\"font-weight: 400;\">Les \u00e9l\u00e8ves apprennent quelles plantes peuvent \u00eatre plant\u00e9es ensemble et comment le compagnonnage peut aider \u00e0 attirer les pollinisateurs n\u00e9cessaires et favoriser la croissance des plantes dans le jardin.<\/span><\/p>\n<p><iframe loading=\"lazy\" title=\"QHS Video Series: Companion Planting and the Three Sisters\" width=\"1150\" height=\"647\" src=\"https:\/\/www.youtube.com\/embed\/Fa-PfpI-Iyk?feature=oembed\" frameborder=\"0\" allow=\"accelerometer; autoplay; clipboard-write; encrypted-media; gyroscope; picture-in-picture\" allowfullscreen><\/iframe><\/p>\n<hr \/>\n<h6><strong><span style=\"color: #00938b;\">Vid\u00e9o 5 sur le jardinage de la QHS &#8211; Le compostage (22:23 mins)<\/span><\/strong><\/h6>\n<p><span style=\"font-weight: 400;\">La personne chercheuse en souverainet\u00e9 alimentaire de LA QHS pr\u00e9sente diverses m\u00e9thodes pour cr\u00e9er un tas de compostage et explique les avantages et les inconv\u00e9nients de chaque m\u00e9thode. Parmi les m\u00e9thodes qu&#8217;elle met en avant, on retrouve la m\u00e9thode des trois bacs, le compostage \u00e0 chaud et le compostage \u00e0 froid.<\/span><\/p>\n<p><iframe loading=\"lazy\" title=\"QHS Video Series: Composting\" width=\"1150\" height=\"647\" src=\"https:\/\/www.youtube.com\/embed\/ggsxtogDPWI?feature=oembed\" frameborder=\"0\" allow=\"accelerometer; autoplay; clipboard-write; encrypted-media; gyroscope; picture-in-picture\" allowfullscreen><\/iframe><\/p>\n<hr \/>\n<h6><strong><span style=\"color: #00938b;\">Vid\u00e9o 6 sur le jardinage de la QHS &#8211; L\u2019entretien du jardin (13:29 mins)<\/span><\/strong><\/h6>\n<p><span style=\"font-weight: 400;\">Cette vid\u00e9o illustre comment identifier et traiter les parasites dans le jardin pour maintenir un jardin sain.<\/span><\/p>\n<p><iframe loading=\"lazy\" title=\"QHS Video Series: Caring for the Garden\" width=\"1150\" height=\"647\" src=\"https:\/\/www.youtube.com\/embed\/PFBRmih68UI?feature=oembed\" frameborder=\"0\" allow=\"accelerometer; autoplay; clipboard-write; encrypted-media; gyroscope; picture-in-picture\" allowfullscreen><\/iframe><\/p>\n<hr \/>\n<h6><strong><span style=\"color: #00938b;\">Vid\u00e9o 7 sur le jardinage de la QHS &#8211; La r\u00e9colte (5:34 mins)<\/span><\/strong><\/h6>\n<p><span style=\"font-weight: 400;\">Le personnel aide \u00e0 identifier quand les l\u00e9gumes verts sont pr\u00eats \u00e0 \u00eatre r\u00e9colt\u00e9s et explique qu&#8217;en laissant un peu de feuillage, on peut aider les plantes \u00e0 se r\u00e9tablir.<\/span><\/p>\n<p><iframe loading=\"lazy\" title=\"QHS Video Series: Harvesting\" width=\"1150\" height=\"647\" src=\"https:\/\/www.youtube.com\/embed\/QXQ6Boofx1c?feature=oembed\" frameborder=\"0\" allow=\"accelerometer; autoplay; clipboard-write; encrypted-media; gyroscope; picture-in-picture\" allowfullscreen><\/iframe><\/p>\n<hr \/>\n<h4><strong><span style=\"color: #00938b;\">Vid\u00e9o bonus: Pexp&#8217;ixem ne Secwepemc\u00fal&#8217;ecw &#8211; La chasse au sein de Secwepemc\u00falecw<\/span><\/strong><\/h4>\n<p><span style=\"font-weight: 400;\">Lors de la r\u00e9alisation des vid\u00e9os sur le jardinage mentionn\u00e9es ci-dessus, la communaut\u00e9 s&#8217;est montr\u00e9e tr\u00e8s int\u00e9ress\u00e9e par la r\u00e9alisation d&#8217;une autre vid\u00e9o qui comprendrait des moments pass\u00e9s dans un camp de chasse. Dans cette vid\u00e9o, des A\u00een\u00e9s et d&#8217;autres membres de la communaut\u00e9 partagent leurs connaissances avec des jeunes qui font partie du camp de chasse et qui apprennent d&#8217;importantes comp\u00e9tences culturelles comme la chasse, la transformation d\u2019aliments et l&#8217;autosuffisance. <\/span><\/p>\n<p><iframe loading=\"lazy\" title=\"QHS Video Series: Pexp\u00edxem ne Secwepemcu\u0301l\u0313ecw - Hunting in Secwepemcu\u0301l\u0313ecw\" width=\"1150\" height=\"647\" src=\"https:\/\/www.youtube.com\/embed\/4EM_TKX-HJc?feature=oembed\" frameborder=\"0\" allow=\"accelerometer; autoplay; clipboard-write; encrypted-media; gyroscope; picture-in-picture\" allowfullscreen><\/iframe><\/p>\n<p style=\"text-align: center;\"><strong>Nous esp\u00e9rons que vous appr\u00e9cierez ces vid\u00e9os autant que nous !\u00a0<\/strong><\/p>\n<p style=\"text-align: center;\"><strong>Veuillez partager les vid\u00e9os avec votre r\u00e9seau ! <\/strong><\/p>\n<hr \/>\n<p><i><span style=\"font-weight: 400;\">En 2019, la QHS a re\u00e7u une subvention du <\/span><\/i><a href=\"https:\/\/www.farmtocafeteriacanada.ca\/fr\/demarrer\/les-cercles-dapprentissage-de-la-ferme-a-lecole\/\" target=\"_blank\" rel=\"noopener\"><i><span style=\"font-weight: 400;\">cercle d&#8217;apprentissage<\/span><\/i><\/a><i><span style=\"font-weight: 400;\"> De la ferme \u00e0 la caf\u00e9t\u00e9ria qui a suscit\u00e9 un int\u00e9r\u00eat profond pour l&#8217;\u00e9laboration d&#8217;un plan de souverainet\u00e9 alimentaire autochtone local pour les communaut\u00e9s. Apprenez-en davantage sur leur cercle d&#8217;apprentissage ici.<\/span><\/i><\/p>\n<p><i><span style=\"font-weight: 400;\">L&#8217;\u00e9cole communautaire Skeetchestn et l&#8217;\u00e9cole d&#8217;excellence Sk&#8217;elep ont \u00e9galement re\u00e7u des <\/span><\/i><a href=\"https:\/\/www.farmtocafeteriacanada.ca\/fr\/nos-initiatives\/bourse-de-la-ferme-a-lecole-canada\/\" target=\"_blank\" rel=\"noopener\"><i><span style=\"font-weight: 400;\">bourse De la ferme \u00e0 l\u2019\u00e9cole Canada<\/span><\/i><\/a><i><span style=\"font-weight: 400;\"> (2020) et leurs \u00e9l\u00e8ves sont some dans cette s\u00e9rie de vid\u00e9os, qui fait partie de l&#8217;\u00e9lan croissant visant \u00e0 r\u00e9aliser le plan de souverainet\u00e9 alimentaire autochtone de la communaut\u00e9. <\/span><\/i><\/p>\n<p style=\"text-align: center;\"><strong><i>Kukwsts\u00e9tsem.\u00a0<\/i><\/strong><\/p>\n<p style=\"text-align: center;\"><strong><i>Nous sommes reconnaissants d\u2019avoir la possibilit\u00e9 de travailler avec la QHS et les communaut\u00e9s, et de pouvoir rendre ces ressources disponibles.<br \/>\n<\/i><\/strong><\/p>\n<p style=\"text-align: center;\"><a class=\"gdlr-core-button gdlr-core-button-shortcode  gdlr-core-button-gradient gdlr-core-button-no-border\" href=\"https:\/\/www.farmtocafeteriacanada.ca\/fr\/nos-initiatives\/bourse-de-la-ferme-a-lecole-canada\/#grant-stories-fr\" target=\"_blank\"  style=\"margin-right: 20px;\"  ><span class=\"gdlr-core-content\"  >Vior d'autres histories de bourse de la ferme \u00e0 l'ecole !<\/span><\/a><\/p>\n","protected":false},"excerpt":{"rendered":"<p>En collaboration avec trois communaut\u00e9s : la bande indienne de Skeetchestn, Tk&#8217;eml\u00faps te Secw\u00e9pemc et la bande indienne de Whispering Pines\/Clinton, la Q&#8217;wemts\u00edn Health Society (QHS) a cr\u00e9\u00e9 une s\u00e9rie de vid\u00e9os pour promouvoir la culture et le partage de la nourriture dans leurs communaut\u00e9s. En collaboration avec des \u00e9tudiant(e)s, des enseignant(e)s, des A\u00een\u00e9(e)s et [&hellip;]<\/p>\n","protected":false},"author":3,"featured_media":30243,"comment_status":"closed","ping_status":"open","sticky":false,"template":"","format":"standard","meta":{"_acf_changed":false,"_exactmetrics_skip_tracking":false,"_exactmetrics_sitenote_active":false,"_exactmetrics_sitenote_note":"","_exactmetrics_sitenote_category":0,"footnotes":""},"categories":[254,451,397,246],"tags":[325,327,453,66,322,332,333,323,26],"class_list":["post-32418","post","type-post","status-publish","format-standard","has-post-thumbnail","hentry","category-blogue-de-page-daccueil","category-histoire-ecole-autochtone","category-rc-communautes-autochtones","category-ressources-en-vedette","tag-aliments-locaux","tag-apprentissage-pratique","tag-autochtone-videos","tag-colombie-britannique","tag-cuisiner","tag-indigenous-culture","tag-liens-avec-la-communaute","tag-manger","tag-video-fr"],"acf":[],"yoast_head":"<!-- This site is optimized with the Yoast SEO plugin v26.7 - https:\/\/yoast.com\/wordpress\/plugins\/seo\/ -->\n<title>De la semence \u00e0 la r\u00e9colte, langue et pratiques traditionnelles : S\u00e9rie de vid\u00e9os sur la souverainet\u00e9 alimentaire autochtone de la Q&#039;wemts\u00edn Health Society - Farm to Cafeteria Canada<\/title>\n<meta name=\"robots\" content=\"index, follow, max-snippet:-1, max-image-preview:large, max-video-preview:-1\" \/>\n<link rel=\"canonical\" href=\"https:\/\/www.farmtocafeteriacanada.ca\/fr\/2022\/05\/de-la-semence-a-la-recolte-langue-et-pratiques-traditionnelles-serie-de-videos-sur-la-souverainete-alimentaire-autochtone-de-la-qwemtsin-health-society\/\" \/>\n<meta property=\"og:locale\" content=\"fr_FR\" \/>\n<meta property=\"og:type\" content=\"article\" \/>\n<meta property=\"og:title\" content=\"De la semence \u00e0 la r\u00e9colte, langue et pratiques traditionnelles : S\u00e9rie de vid\u00e9os sur la souverainet\u00e9 alimentaire autochtone de la Q&#039;wemts\u00edn Health Society - Farm to Cafeteria Canada\" \/>\n<meta property=\"og:description\" content=\"En collaboration avec trois communaut\u00e9s : la bande indienne de Skeetchestn, Tk&#8217;eml\u00faps te Secw\u00e9pemc et la bande indienne de Whispering Pines\/Clinton, la Q&#8217;wemts\u00edn Health Society (QHS) a cr\u00e9\u00e9 une s\u00e9rie de vid\u00e9os pour promouvoir la culture et le partage de la nourriture dans leurs communaut\u00e9s. En collaboration avec des \u00e9tudiant(e)s, des enseignant(e)s, des A\u00een\u00e9(e)s et [&hellip;]\" \/>\n<meta property=\"og:url\" content=\"https:\/\/www.farmtocafeteriacanada.ca\/fr\/2022\/05\/de-la-semence-a-la-recolte-langue-et-pratiques-traditionnelles-serie-de-videos-sur-la-souverainete-alimentaire-autochtone-de-la-qwemtsin-health-society\/\" \/>\n<meta property=\"og:site_name\" content=\"Farm to Cafeteria Canada\" \/>\n<meta property=\"article:publisher\" content=\"https:\/\/www.facebook.com\/groups\/FarmtocafeteriaCanada\/\" \/>\n<meta property=\"article:published_time\" content=\"2022-05-19T19:57:25+00:00\" \/>\n<meta property=\"article:modified_time\" content=\"2022-09-26T20:32:39+00:00\" \/>\n<meta property=\"og:image\" content=\"https:\/\/www.farmtocafeteriacanada.ca\/wp-content\/uploads\/QHS-Video-Series_Intro.png\" \/>\n\t<meta property=\"og:image:width\" content=\"1674\" \/>\n\t<meta property=\"og:image:height\" content=\"878\" \/>\n\t<meta property=\"og:image:type\" content=\"image\/png\" \/>\n<meta name=\"author\" content=\"F2CC admin\" \/>\n<meta name=\"twitter:card\" content=\"summary_large_image\" \/>\n<meta name=\"twitter:creator\" content=\"@Farm2Cafeteria\" \/>\n<meta name=\"twitter:site\" content=\"@Farm2Cafeteria\" \/>\n<meta name=\"twitter:label1\" content=\"\u00c9crit par\" \/>\n\t<meta name=\"twitter:data1\" content=\"F2CC admin\" \/>\n\t<meta name=\"twitter:label2\" content=\"Dur\u00e9e de lecture estim\u00e9e\" \/>\n\t<meta name=\"twitter:data2\" content=\"4 minutes\" \/>\n<script type=\"application\/ld+json\" class=\"yoast-schema-graph\">{\"@context\":\"https:\/\/schema.org\",\"@graph\":[{\"@type\":\"Article\",\"@id\":\"https:\/\/www.farmtocafeteriacanada.ca\/fr\/2022\/05\/de-la-semence-a-la-recolte-langue-et-pratiques-traditionnelles-serie-de-videos-sur-la-souverainete-alimentaire-autochtone-de-la-qwemtsin-health-society\/#article\",\"isPartOf\":{\"@id\":\"https:\/\/www.farmtocafeteriacanada.ca\/fr\/2022\/05\/de-la-semence-a-la-recolte-langue-et-pratiques-traditionnelles-serie-de-videos-sur-la-souverainete-alimentaire-autochtone-de-la-qwemtsin-health-society\/\"},\"author\":{\"name\":\"F2CC admin\",\"@id\":\"https:\/\/www.farmtocafeteriacanada.ca\/#\/schema\/person\/03c2a359a7f0c99b895e08c1e7056708\"},\"headline\":\"De la semence \u00e0 la r\u00e9colte, langue et pratiques traditionnelles : S\u00e9rie de vid\u00e9os sur la souverainet\u00e9 alimentaire autochtone de la Q&#8217;wemts\u00edn Health Society\",\"datePublished\":\"2022-05-19T19:57:25+00:00\",\"dateModified\":\"2022-09-26T20:32:39+00:00\",\"mainEntityOfPage\":{\"@id\":\"https:\/\/www.farmtocafeteriacanada.ca\/fr\/2022\/05\/de-la-semence-a-la-recolte-langue-et-pratiques-traditionnelles-serie-de-videos-sur-la-souverainete-alimentaire-autochtone-de-la-qwemtsin-health-society\/\"},\"wordCount\":961,\"publisher\":{\"@id\":\"https:\/\/www.farmtocafeteriacanada.ca\/#organization\"},\"image\":{\"@id\":\"https:\/\/www.farmtocafeteriacanada.ca\/fr\/2022\/05\/de-la-semence-a-la-recolte-langue-et-pratiques-traditionnelles-serie-de-videos-sur-la-souverainete-alimentaire-autochtone-de-la-qwemtsin-health-society\/#primaryimage\"},\"thumbnailUrl\":\"https:\/\/www.farmtocafeteriacanada.ca\/wp-content\/uploads\/QHS-Video-Series_Intro.png\",\"keywords\":[\"Aliments locaux\",\"Apprentissage pratique\",\"Autochtone - Vid\u00e9os\",\"Colombie-Britannique\",\"Cuisiner\",\"Indigenous Culture\",\"Liens avec la communaut\u00e9\",\"Manger\",\"Vid\u00e9o\"],\"articleSection\":[\"Blogue de page d'accueil\",\"L'histoire d'une \u00e9cole autochtone\",\"RC: Les communaut\u00e9s autochtones\",\"Ressources en Vedette\"],\"inLanguage\":\"fr-FR\"},{\"@type\":\"WebPage\",\"@id\":\"https:\/\/www.farmtocafeteriacanada.ca\/fr\/2022\/05\/de-la-semence-a-la-recolte-langue-et-pratiques-traditionnelles-serie-de-videos-sur-la-souverainete-alimentaire-autochtone-de-la-qwemtsin-health-society\/\",\"url\":\"https:\/\/www.farmtocafeteriacanada.ca\/fr\/2022\/05\/de-la-semence-a-la-recolte-langue-et-pratiques-traditionnelles-serie-de-videos-sur-la-souverainete-alimentaire-autochtone-de-la-qwemtsin-health-society\/\",\"name\":\"De la semence \u00e0 la r\u00e9colte, langue et pratiques traditionnelles : S\u00e9rie de vid\u00e9os sur la souverainet\u00e9 alimentaire autochtone de la Q'wemts\u00edn Health Society - Farm to Cafeteria Canada\",\"isPartOf\":{\"@id\":\"https:\/\/www.farmtocafeteriacanada.ca\/#website\"},\"primaryImageOfPage\":{\"@id\":\"https:\/\/www.farmtocafeteriacanada.ca\/fr\/2022\/05\/de-la-semence-a-la-recolte-langue-et-pratiques-traditionnelles-serie-de-videos-sur-la-souverainete-alimentaire-autochtone-de-la-qwemtsin-health-society\/#primaryimage\"},\"image\":{\"@id\":\"https:\/\/www.farmtocafeteriacanada.ca\/fr\/2022\/05\/de-la-semence-a-la-recolte-langue-et-pratiques-traditionnelles-serie-de-videos-sur-la-souverainete-alimentaire-autochtone-de-la-qwemtsin-health-society\/#primaryimage\"},\"thumbnailUrl\":\"https:\/\/www.farmtocafeteriacanada.ca\/wp-content\/uploads\/QHS-Video-Series_Intro.png\",\"datePublished\":\"2022-05-19T19:57:25+00:00\",\"dateModified\":\"2022-09-26T20:32:39+00:00\",\"breadcrumb\":{\"@id\":\"https:\/\/www.farmtocafeteriacanada.ca\/fr\/2022\/05\/de-la-semence-a-la-recolte-langue-et-pratiques-traditionnelles-serie-de-videos-sur-la-souverainete-alimentaire-autochtone-de-la-qwemtsin-health-society\/#breadcrumb\"},\"inLanguage\":\"fr-FR\",\"potentialAction\":[{\"@type\":\"ReadAction\",\"target\":[\"https:\/\/www.farmtocafeteriacanada.ca\/fr\/2022\/05\/de-la-semence-a-la-recolte-langue-et-pratiques-traditionnelles-serie-de-videos-sur-la-souverainete-alimentaire-autochtone-de-la-qwemtsin-health-society\/\"]}]},{\"@type\":\"ImageObject\",\"inLanguage\":\"fr-FR\",\"@id\":\"https:\/\/www.farmtocafeteriacanada.ca\/fr\/2022\/05\/de-la-semence-a-la-recolte-langue-et-pratiques-traditionnelles-serie-de-videos-sur-la-souverainete-alimentaire-autochtone-de-la-qwemtsin-health-society\/#primaryimage\",\"url\":\"https:\/\/www.farmtocafeteriacanada.ca\/wp-content\/uploads\/QHS-Video-Series_Intro.png\",\"contentUrl\":\"https:\/\/www.farmtocafeteriacanada.ca\/wp-content\/uploads\/QHS-Video-Series_Intro.png\",\"width\":1674,\"height\":878},{\"@type\":\"BreadcrumbList\",\"@id\":\"https:\/\/www.farmtocafeteriacanada.ca\/fr\/2022\/05\/de-la-semence-a-la-recolte-langue-et-pratiques-traditionnelles-serie-de-videos-sur-la-souverainete-alimentaire-autochtone-de-la-qwemtsin-health-society\/#breadcrumb\",\"itemListElement\":[{\"@type\":\"ListItem\",\"position\":1,\"name\":\"Home\",\"item\":\"https:\/\/www.farmtocafeteriacanada.ca\/fr\/accueil\/\"},{\"@type\":\"ListItem\",\"position\":2,\"name\":\"De la semence \u00e0 la r\u00e9colte, langue et pratiques traditionnelles : S\u00e9rie de vid\u00e9os sur la souverainet\u00e9 alimentaire autochtone de la Q&#8217;wemts\u00edn Health Society\"}]},{\"@type\":\"WebSite\",\"@id\":\"https:\/\/www.farmtocafeteriacanada.ca\/#website\",\"url\":\"https:\/\/www.farmtocafeteriacanada.ca\/\",\"name\":\"Farm to Cafeteria Canada\",\"description\":\"\",\"publisher\":{\"@id\":\"https:\/\/www.farmtocafeteriacanada.ca\/#organization\"},\"potentialAction\":[{\"@type\":\"SearchAction\",\"target\":{\"@type\":\"EntryPoint\",\"urlTemplate\":\"https:\/\/www.farmtocafeteriacanada.ca\/?s={search_term_string}\"},\"query-input\":{\"@type\":\"PropertyValueSpecification\",\"valueRequired\":true,\"valueName\":\"search_term_string\"}}],\"inLanguage\":\"fr-FR\"},{\"@type\":\"Organization\",\"@id\":\"https:\/\/www.farmtocafeteriacanada.ca\/#organization\",\"name\":\"Farm to Cafeteria Canada\",\"url\":\"https:\/\/www.farmtocafeteriacanada.ca\/\",\"logo\":{\"@type\":\"ImageObject\",\"inLanguage\":\"fr-FR\",\"@id\":\"https:\/\/www.farmtocafeteriacanada.ca\/#\/schema\/logo\/image\/\",\"url\":\"http:\/\/www.farmtocafeteriacanada.ca\/wp-content\/uploads\/2015\/03\/f2cc_logo_en2.png\",\"contentUrl\":\"http:\/\/www.farmtocafeteriacanada.ca\/wp-content\/uploads\/2015\/03\/f2cc_logo_en2.png\",\"width\":3000,\"height\":476,\"caption\":\"Farm to Cafeteria Canada\"},\"image\":{\"@id\":\"https:\/\/www.farmtocafeteriacanada.ca\/#\/schema\/logo\/image\/\"},\"sameAs\":[\"https:\/\/www.facebook.com\/groups\/FarmtocafeteriaCanada\/\",\"https:\/\/x.com\/Farm2Cafeteria\",\"https:\/\/www.youtube.com\/channel\/UCQjcYiICtAygShD3IwNsewQ\"]},{\"@type\":\"Person\",\"@id\":\"https:\/\/www.farmtocafeteriacanada.ca\/#\/schema\/person\/03c2a359a7f0c99b895e08c1e7056708\",\"name\":\"F2CC admin\",\"image\":{\"@type\":\"ImageObject\",\"inLanguage\":\"fr-FR\",\"@id\":\"https:\/\/www.farmtocafeteriacanada.ca\/#\/schema\/person\/image\/\",\"url\":\"https:\/\/secure.gravatar.com\/avatar\/c1ddaee9a55673d852314381577bb8198996fbef53c8e2320536bf543b7712b4?s=96&d=mm&r=g\",\"contentUrl\":\"https:\/\/secure.gravatar.com\/avatar\/c1ddaee9a55673d852314381577bb8198996fbef53c8e2320536bf543b7712b4?s=96&d=mm&r=g\",\"caption\":\"F2CC admin\"},\"url\":\"https:\/\/www.farmtocafeteriacanada.ca\/fr\/author\/tracey\/\"}]}<\/script>\n<!-- \/ Yoast SEO plugin. -->","yoast_head_json":{"title":"De la semence \u00e0 la r\u00e9colte, langue et pratiques traditionnelles : S\u00e9rie de vid\u00e9os sur la souverainet\u00e9 alimentaire autochtone de la Q'wemts\u00edn Health Society - Farm to Cafeteria Canada","robots":{"index":"index","follow":"follow","max-snippet":"max-snippet:-1","max-image-preview":"max-image-preview:large","max-video-preview":"max-video-preview:-1"},"canonical":"https:\/\/www.farmtocafeteriacanada.ca\/fr\/2022\/05\/de-la-semence-a-la-recolte-langue-et-pratiques-traditionnelles-serie-de-videos-sur-la-souverainete-alimentaire-autochtone-de-la-qwemtsin-health-society\/","og_locale":"fr_FR","og_type":"article","og_title":"De la semence \u00e0 la r\u00e9colte, langue et pratiques traditionnelles : S\u00e9rie de vid\u00e9os sur la souverainet\u00e9 alimentaire autochtone de la Q'wemts\u00edn Health Society - Farm to Cafeteria Canada","og_description":"En collaboration avec trois communaut\u00e9s : la bande indienne de Skeetchestn, Tk&#8217;eml\u00faps te Secw\u00e9pemc et la bande indienne de Whispering Pines\/Clinton, la Q&#8217;wemts\u00edn Health Society (QHS) a cr\u00e9\u00e9 une s\u00e9rie de vid\u00e9os pour promouvoir la culture et le partage de la nourriture dans leurs communaut\u00e9s. En collaboration avec des \u00e9tudiant(e)s, des enseignant(e)s, des A\u00een\u00e9(e)s et [&hellip;]","og_url":"https:\/\/www.farmtocafeteriacanada.ca\/fr\/2022\/05\/de-la-semence-a-la-recolte-langue-et-pratiques-traditionnelles-serie-de-videos-sur-la-souverainete-alimentaire-autochtone-de-la-qwemtsin-health-society\/","og_site_name":"Farm to Cafeteria Canada","article_publisher":"https:\/\/www.facebook.com\/groups\/FarmtocafeteriaCanada\/","article_published_time":"2022-05-19T19:57:25+00:00","article_modified_time":"2022-09-26T20:32:39+00:00","og_image":[{"width":1674,"height":878,"url":"https:\/\/www.farmtocafeteriacanada.ca\/wp-content\/uploads\/QHS-Video-Series_Intro.png","type":"image\/png"}],"author":"F2CC admin","twitter_card":"summary_large_image","twitter_creator":"@Farm2Cafeteria","twitter_site":"@Farm2Cafeteria","twitter_misc":{"\u00c9crit par":"F2CC admin","Dur\u00e9e de lecture estim\u00e9e":"4 minutes"},"schema":{"@context":"https:\/\/schema.org","@graph":[{"@type":"Article","@id":"https:\/\/www.farmtocafeteriacanada.ca\/fr\/2022\/05\/de-la-semence-a-la-recolte-langue-et-pratiques-traditionnelles-serie-de-videos-sur-la-souverainete-alimentaire-autochtone-de-la-qwemtsin-health-society\/#article","isPartOf":{"@id":"https:\/\/www.farmtocafeteriacanada.ca\/fr\/2022\/05\/de-la-semence-a-la-recolte-langue-et-pratiques-traditionnelles-serie-de-videos-sur-la-souverainete-alimentaire-autochtone-de-la-qwemtsin-health-society\/"},"author":{"name":"F2CC admin","@id":"https:\/\/www.farmtocafeteriacanada.ca\/#\/schema\/person\/03c2a359a7f0c99b895e08c1e7056708"},"headline":"De la semence \u00e0 la r\u00e9colte, langue et pratiques traditionnelles : S\u00e9rie de vid\u00e9os sur la souverainet\u00e9 alimentaire autochtone de la Q&#8217;wemts\u00edn Health Society","datePublished":"2022-05-19T19:57:25+00:00","dateModified":"2022-09-26T20:32:39+00:00","mainEntityOfPage":{"@id":"https:\/\/www.farmtocafeteriacanada.ca\/fr\/2022\/05\/de-la-semence-a-la-recolte-langue-et-pratiques-traditionnelles-serie-de-videos-sur-la-souverainete-alimentaire-autochtone-de-la-qwemtsin-health-society\/"},"wordCount":961,"publisher":{"@id":"https:\/\/www.farmtocafeteriacanada.ca\/#organization"},"image":{"@id":"https:\/\/www.farmtocafeteriacanada.ca\/fr\/2022\/05\/de-la-semence-a-la-recolte-langue-et-pratiques-traditionnelles-serie-de-videos-sur-la-souverainete-alimentaire-autochtone-de-la-qwemtsin-health-society\/#primaryimage"},"thumbnailUrl":"https:\/\/www.farmtocafeteriacanada.ca\/wp-content\/uploads\/QHS-Video-Series_Intro.png","keywords":["Aliments locaux","Apprentissage pratique","Autochtone - Vid\u00e9os","Colombie-Britannique","Cuisiner","Indigenous Culture","Liens avec la communaut\u00e9","Manger","Vid\u00e9o"],"articleSection":["Blogue de page d'accueil","L'histoire d'une \u00e9cole autochtone","RC: Les communaut\u00e9s autochtones","Ressources en Vedette"],"inLanguage":"fr-FR"},{"@type":"WebPage","@id":"https:\/\/www.farmtocafeteriacanada.ca\/fr\/2022\/05\/de-la-semence-a-la-recolte-langue-et-pratiques-traditionnelles-serie-de-videos-sur-la-souverainete-alimentaire-autochtone-de-la-qwemtsin-health-society\/","url":"https:\/\/www.farmtocafeteriacanada.ca\/fr\/2022\/05\/de-la-semence-a-la-recolte-langue-et-pratiques-traditionnelles-serie-de-videos-sur-la-souverainete-alimentaire-autochtone-de-la-qwemtsin-health-society\/","name":"De la semence \u00e0 la r\u00e9colte, langue et pratiques traditionnelles : S\u00e9rie de vid\u00e9os sur la souverainet\u00e9 alimentaire autochtone de la Q'wemts\u00edn Health Society - Farm to Cafeteria Canada","isPartOf":{"@id":"https:\/\/www.farmtocafeteriacanada.ca\/#website"},"primaryImageOfPage":{"@id":"https:\/\/www.farmtocafeteriacanada.ca\/fr\/2022\/05\/de-la-semence-a-la-recolte-langue-et-pratiques-traditionnelles-serie-de-videos-sur-la-souverainete-alimentaire-autochtone-de-la-qwemtsin-health-society\/#primaryimage"},"image":{"@id":"https:\/\/www.farmtocafeteriacanada.ca\/fr\/2022\/05\/de-la-semence-a-la-recolte-langue-et-pratiques-traditionnelles-serie-de-videos-sur-la-souverainete-alimentaire-autochtone-de-la-qwemtsin-health-society\/#primaryimage"},"thumbnailUrl":"https:\/\/www.farmtocafeteriacanada.ca\/wp-content\/uploads\/QHS-Video-Series_Intro.png","datePublished":"2022-05-19T19:57:25+00:00","dateModified":"2022-09-26T20:32:39+00:00","breadcrumb":{"@id":"https:\/\/www.farmtocafeteriacanada.ca\/fr\/2022\/05\/de-la-semence-a-la-recolte-langue-et-pratiques-traditionnelles-serie-de-videos-sur-la-souverainete-alimentaire-autochtone-de-la-qwemtsin-health-society\/#breadcrumb"},"inLanguage":"fr-FR","potentialAction":[{"@type":"ReadAction","target":["https:\/\/www.farmtocafeteriacanada.ca\/fr\/2022\/05\/de-la-semence-a-la-recolte-langue-et-pratiques-traditionnelles-serie-de-videos-sur-la-souverainete-alimentaire-autochtone-de-la-qwemtsin-health-society\/"]}]},{"@type":"ImageObject","inLanguage":"fr-FR","@id":"https:\/\/www.farmtocafeteriacanada.ca\/fr\/2022\/05\/de-la-semence-a-la-recolte-langue-et-pratiques-traditionnelles-serie-de-videos-sur-la-souverainete-alimentaire-autochtone-de-la-qwemtsin-health-society\/#primaryimage","url":"https:\/\/www.farmtocafeteriacanada.ca\/wp-content\/uploads\/QHS-Video-Series_Intro.png","contentUrl":"https:\/\/www.farmtocafeteriacanada.ca\/wp-content\/uploads\/QHS-Video-Series_Intro.png","width":1674,"height":878},{"@type":"BreadcrumbList","@id":"https:\/\/www.farmtocafeteriacanada.ca\/fr\/2022\/05\/de-la-semence-a-la-recolte-langue-et-pratiques-traditionnelles-serie-de-videos-sur-la-souverainete-alimentaire-autochtone-de-la-qwemtsin-health-society\/#breadcrumb","itemListElement":[{"@type":"ListItem","position":1,"name":"Home","item":"https:\/\/www.farmtocafeteriacanada.ca\/fr\/accueil\/"},{"@type":"ListItem","position":2,"name":"De la semence \u00e0 la r\u00e9colte, langue et pratiques traditionnelles : S\u00e9rie de vid\u00e9os sur la souverainet\u00e9 alimentaire autochtone de la Q&#8217;wemts\u00edn Health Society"}]},{"@type":"WebSite","@id":"https:\/\/www.farmtocafeteriacanada.ca\/#website","url":"https:\/\/www.farmtocafeteriacanada.ca\/","name":"Farm to Cafeteria Canada","description":"","publisher":{"@id":"https:\/\/www.farmtocafeteriacanada.ca\/#organization"},"potentialAction":[{"@type":"SearchAction","target":{"@type":"EntryPoint","urlTemplate":"https:\/\/www.farmtocafeteriacanada.ca\/?s={search_term_string}"},"query-input":{"@type":"PropertyValueSpecification","valueRequired":true,"valueName":"search_term_string"}}],"inLanguage":"fr-FR"},{"@type":"Organization","@id":"https:\/\/www.farmtocafeteriacanada.ca\/#organization","name":"Farm to Cafeteria Canada","url":"https:\/\/www.farmtocafeteriacanada.ca\/","logo":{"@type":"ImageObject","inLanguage":"fr-FR","@id":"https:\/\/www.farmtocafeteriacanada.ca\/#\/schema\/logo\/image\/","url":"http:\/\/www.farmtocafeteriacanada.ca\/wp-content\/uploads\/2015\/03\/f2cc_logo_en2.png","contentUrl":"http:\/\/www.farmtocafeteriacanada.ca\/wp-content\/uploads\/2015\/03\/f2cc_logo_en2.png","width":3000,"height":476,"caption":"Farm to Cafeteria Canada"},"image":{"@id":"https:\/\/www.farmtocafeteriacanada.ca\/#\/schema\/logo\/image\/"},"sameAs":["https:\/\/www.facebook.com\/groups\/FarmtocafeteriaCanada\/","https:\/\/x.com\/Farm2Cafeteria","https:\/\/www.youtube.com\/channel\/UCQjcYiICtAygShD3IwNsewQ"]},{"@type":"Person","@id":"https:\/\/www.farmtocafeteriacanada.ca\/#\/schema\/person\/03c2a359a7f0c99b895e08c1e7056708","name":"F2CC admin","image":{"@type":"ImageObject","inLanguage":"fr-FR","@id":"https:\/\/www.farmtocafeteriacanada.ca\/#\/schema\/person\/image\/","url":"https:\/\/secure.gravatar.com\/avatar\/c1ddaee9a55673d852314381577bb8198996fbef53c8e2320536bf543b7712b4?s=96&d=mm&r=g","contentUrl":"https:\/\/secure.gravatar.com\/avatar\/c1ddaee9a55673d852314381577bb8198996fbef53c8e2320536bf543b7712b4?s=96&d=mm&r=g","caption":"F2CC admin"},"url":"https:\/\/www.farmtocafeteriacanada.ca\/fr\/author\/tracey\/"}]}},"_links":{"self":[{"href":"https:\/\/www.farmtocafeteriacanada.ca\/fr\/wp-json\/wp\/v2\/posts\/32418","targetHints":{"allow":["GET"]}}],"collection":[{"href":"https:\/\/www.farmtocafeteriacanada.ca\/fr\/wp-json\/wp\/v2\/posts"}],"about":[{"href":"https:\/\/www.farmtocafeteriacanada.ca\/fr\/wp-json\/wp\/v2\/types\/post"}],"author":[{"embeddable":true,"href":"https:\/\/www.farmtocafeteriacanada.ca\/fr\/wp-json\/wp\/v2\/users\/3"}],"replies":[{"embeddable":true,"href":"https:\/\/www.farmtocafeteriacanada.ca\/fr\/wp-json\/wp\/v2\/comments?post=32418"}],"version-history":[{"count":1,"href":"https:\/\/www.farmtocafeteriacanada.ca\/fr\/wp-json\/wp\/v2\/posts\/32418\/revisions"}],"predecessor-version":[{"id":32419,"href":"https:\/\/www.farmtocafeteriacanada.ca\/fr\/wp-json\/wp\/v2\/posts\/32418\/revisions\/32419"}],"wp:featuredmedia":[{"embeddable":true,"href":"https:\/\/www.farmtocafeteriacanada.ca\/fr\/wp-json\/wp\/v2\/media\/30243"}],"wp:attachment":[{"href":"https:\/\/www.farmtocafeteriacanada.ca\/fr\/wp-json\/wp\/v2\/media?parent=32418"}],"wp:term":[{"taxonomy":"category","embeddable":true,"href":"https:\/\/www.farmtocafeteriacanada.ca\/fr\/wp-json\/wp\/v2\/categories?post=32418"},{"taxonomy":"post_tag","embeddable":true,"href":"https:\/\/www.farmtocafeteriacanada.ca\/fr\/wp-json\/wp\/v2\/tags?post=32418"}],"curies":[{"name":"wp","href":"https:\/\/api.w.org\/{rel}","templated":true}]}}