
{"id":25377,"date":"2021-08-31T06:00:36","date_gmt":"2021-08-31T11:00:36","guid":{"rendered":"http:\/\/www.farmtocafeteriacanada.ca\/?p=25377"},"modified":"2021-08-31T12:25:41","modified_gmt":"2021-08-31T17:25:41","slug":"un-cadre-devaluation-de-la-ferme-a-lecole-au-canada","status":"publish","type":"post","link":"https:\/\/www.farmtocafeteriacanada.ca\/fr\/2021\/08\/un-cadre-devaluation-de-la-ferme-a-lecole-au-canada\/","title":{"rendered":"Un cadre d&#8217;\u00e9valuation De la ferme \u00e0 l&#8217;\u00e9cole au Canada"},"content":{"rendered":"<h5><strong>Les \u00e9valuations sont importantes. Elles nous aident \u00e0 comprendre les effets de notre travail, \u00e0 am\u00e9liorer nos programmes et \u00e0 communiquer nos histoires d\u2019incidence.<\/strong><strong><a href=\"http:\/\/www.farmtocafeteriacanada.ca\/wp-content\/uploads\/Evaluation-Framework-2021_FR_online-2.pdf\" target=\"_blank\" rel=\"noopener\"><img loading=\"lazy\" decoding=\"async\" class=\"alignright wp-image-25283\" src=\"http:\/\/www.farmtocafeteriacanada.ca\/wp-content\/uploads\/Evaluation-Framework-2021_FR_cover.png\" alt=\"\" width=\"326\" height=\"422\" srcset=\"https:\/\/www.farmtocafeteriacanada.ca\/wp-content\/uploads\/Evaluation-Framework-2021_FR_cover.png 996w, https:\/\/www.farmtocafeteriacanada.ca\/wp-content\/uploads\/Evaluation-Framework-2021_FR_cover-768x995.png 768w\" sizes=\"auto, (max-width: 326px) 100vw, 326px\" \/><\/a><\/strong><\/h5>\n<p>Mais il peut aussi \u00eatre difficile de savoir par o\u00f9 commencer. F2CC, avec l&#8217;apport de plus de 140 personnes de divers secteurs \u00e0 travers le pays, a \u00e9labor\u00e9 <a href=\"https:\/\/www.farmtocafeteriacanada.ca\/fr\/demarrer\/cadre-devaluation\/\" target=\"_blank\" rel=\"noopener\">ce cadre<\/a> pour documenter notre propre travail d\u2019\u00e9valuation et pour offrir aux communaut\u00e9s scolaires ainsi qu\u2019aux membres de la recherche et aux responsables politiques des conseils sur la fa\u00e7on de mesurer ce qui est essentiel.<\/p>\n<p><span style=\"font-weight: 400;\">Ce document s\u2019articule autour de 18 r\u00e9sultats, 9 indicateurs politiques ou communautaires de grande importance et 11 indicateurs de haute priorit\u00e9 que nous souhaitons tous et toutes voir mesur\u00e9s au niveau scolaire dans 4 domaines d\u2019incidence : la sant\u00e9 publique, l\u2019\u00e9ducation, le d\u00e9veloppement \u00e9conomique communautaire et l\u2019environnement. Il offre ensuite une liste compl\u00e8te de 45 indicateurs prioritaires et d\u2019autres id\u00e9es d\u2019indicateurs parmi lesquelles les personnes souhaitant \u00e9valuer leurs programmes peuvent choisir.<\/span><\/p>\n<p><span style=\"font-weight: 400;\">Nous consid\u00e9rons qu&#8217;il s&#8217;agit de la premi\u00e8re \u00e9tape vers une approche commune pour mesurer et rendre compte de l\u2019incidence de De la ferme \u00e0 l\u2019\u00e9cole au Canada.<\/span><\/p>\n<p style=\"text-align: center;\"><a class=\"gdlr-core-button gdlr-core-button-shortcode  gdlr-core-button-gradient gdlr-core-button-no-border\" href=\"http:\/\/www.farmtocafeteriacanada.ca\/wp-content\/uploads\/Evaluation-Framework-2021_FR_online-2.pdf\" target=\"_blank\"  style=\"margin-right: 20px;\"  ><span class=\"gdlr-core-content\"  >T\u00c9L\u00c9CHARGEZ LE CADRE D'\u00c9VALUATION ICI<\/span><\/a><\/p>\n","protected":false},"excerpt":{"rendered":"<p>Les \u00e9valuations sont importantes. Elles nous aident \u00e0 comprendre les effets de notre travail, \u00e0 am\u00e9liorer nos programmes et \u00e0 communiquer nos histoires d\u2019incidence. Mais il peut aussi \u00eatre difficile de savoir par o\u00f9 commencer. F2CC, avec l&#8217;apport de plus de 140 personnes de divers secteurs \u00e0 travers le pays, a \u00e9labor\u00e9 ce cadre pour [&hellip;]<\/p>\n","protected":false},"author":3,"featured_media":25299,"comment_status":"closed","ping_status":"open","sticky":false,"template":"","format":"standard","meta":{"_acf_changed":false,"_exactmetrics_skip_tracking":false,"_exactmetrics_sitenote_active":false,"_exactmetrics_sitenote_note":"","_exactmetrics_sitenote_category":0,"footnotes":""},"categories":[254,246],"tags":[327,193,322,321,337,330,323,329],"class_list":["post-25377","post","type-post","status-publish","format-standard","has-post-thumbnail","hentry","category-blogue-de-page-daccueil","category-ressources-en-vedette","tag-apprentissage-pratique","tag-canada-fr","tag-cuisiner","tag-cultiver","tag-evaluation-fr","tag-justice-alimentaire","tag-manger","tag-securite-alimentaire"],"acf":[],"yoast_head":"<!-- This site is optimized with the Yoast SEO plugin v26.7 - https:\/\/yoast.com\/wordpress\/plugins\/seo\/ -->\n<title>Un cadre d&#039;\u00e9valuation De la ferme \u00e0 l&#039;\u00e9cole au Canada - Farm to Cafeteria Canada<\/title>\n<meta name=\"robots\" content=\"index, follow, max-snippet:-1, max-image-preview:large, max-video-preview:-1\" \/>\n<link rel=\"canonical\" href=\"https:\/\/www.farmtocafeteriacanada.ca\/fr\/2021\/08\/un-cadre-devaluation-de-la-ferme-a-lecole-au-canada\/\" \/>\n<meta property=\"og:locale\" content=\"fr_FR\" \/>\n<meta property=\"og:type\" content=\"article\" \/>\n<meta property=\"og:title\" content=\"Un cadre d&#039;\u00e9valuation De la ferme \u00e0 l&#039;\u00e9cole au Canada - Farm to Cafeteria Canada\" \/>\n<meta property=\"og:description\" content=\"Les \u00e9valuations sont importantes. Elles nous aident \u00e0 comprendre les effets de notre travail, \u00e0 am\u00e9liorer nos programmes et \u00e0 communiquer nos histoires d\u2019incidence. Mais il peut aussi \u00eatre difficile de savoir par o\u00f9 commencer. F2CC, avec l&#8217;apport de plus de 140 personnes de divers secteurs \u00e0 travers le pays, a \u00e9labor\u00e9 ce cadre pour [&hellip;]\" \/>\n<meta property=\"og:url\" content=\"https:\/\/www.farmtocafeteriacanada.ca\/fr\/2021\/08\/un-cadre-devaluation-de-la-ferme-a-lecole-au-canada\/\" \/>\n<meta property=\"og:site_name\" content=\"Farm to Cafeteria Canada\" \/>\n<meta property=\"article:publisher\" content=\"https:\/\/www.facebook.com\/groups\/FarmtocafeteriaCanada\/\" \/>\n<meta property=\"article:published_time\" content=\"2021-08-31T11:00:36+00:00\" \/>\n<meta property=\"article:modified_time\" content=\"2021-08-31T17:25:41+00:00\" \/>\n<meta property=\"og:image\" content=\"https:\/\/www.farmtocafeteriacanada.ca\/wp-content\/uploads\/Centreville-Community-School_Centreville_NB.png\" \/>\n\t<meta property=\"og:image:width\" content=\"1186\" \/>\n\t<meta property=\"og:image:height\" content=\"477\" \/>\n\t<meta property=\"og:image:type\" content=\"image\/png\" \/>\n<meta name=\"author\" content=\"F2CC admin\" \/>\n<meta name=\"twitter:card\" content=\"summary_large_image\" \/>\n<meta name=\"twitter:creator\" content=\"@Farm2Cafeteria\" \/>\n<meta name=\"twitter:site\" content=\"@Farm2Cafeteria\" \/>\n<meta name=\"twitter:label1\" content=\"\u00c9crit par\" \/>\n\t<meta name=\"twitter:data1\" content=\"F2CC admin\" \/>\n\t<meta name=\"twitter:label2\" content=\"Dur\u00e9e de lecture estim\u00e9e\" \/>\n\t<meta name=\"twitter:data2\" content=\"2 minutes\" \/>\n<script type=\"application\/ld+json\" class=\"yoast-schema-graph\">{\"@context\":\"https:\/\/schema.org\",\"@graph\":[{\"@type\":\"Article\",\"@id\":\"https:\/\/www.farmtocafeteriacanada.ca\/fr\/2021\/08\/un-cadre-devaluation-de-la-ferme-a-lecole-au-canada\/#article\",\"isPartOf\":{\"@id\":\"https:\/\/www.farmtocafeteriacanada.ca\/fr\/2021\/08\/un-cadre-devaluation-de-la-ferme-a-lecole-au-canada\/\"},\"author\":{\"name\":\"F2CC admin\",\"@id\":\"https:\/\/www.farmtocafeteriacanada.ca\/#\/schema\/person\/03c2a359a7f0c99b895e08c1e7056708\"},\"headline\":\"Un cadre d&#8217;\u00e9valuation De la ferme \u00e0 l&#8217;\u00e9cole au Canada\",\"datePublished\":\"2021-08-31T11:00:36+00:00\",\"dateModified\":\"2021-08-31T17:25:41+00:00\",\"mainEntityOfPage\":{\"@id\":\"https:\/\/www.farmtocafeteriacanada.ca\/fr\/2021\/08\/un-cadre-devaluation-de-la-ferme-a-lecole-au-canada\/\"},\"wordCount\":236,\"publisher\":{\"@id\":\"https:\/\/www.farmtocafeteriacanada.ca\/#organization\"},\"image\":{\"@id\":\"https:\/\/www.farmtocafeteriacanada.ca\/fr\/2021\/08\/un-cadre-devaluation-de-la-ferme-a-lecole-au-canada\/#primaryimage\"},\"thumbnailUrl\":\"https:\/\/www.farmtocafeteriacanada.ca\/wp-content\/uploads\/Centreville-Community-School_Centreville_NB.png\",\"keywords\":[\"Apprentissage pratique\",\"Canada\",\"Cuisiner\",\"Cultiver\",\"\u00c9valuation\",\"Justice alimentaire\",\"Manger\",\"S\u00e9curit\u00e9 alimentaire\"],\"articleSection\":[\"Blogue de page d'accueil\",\"Ressources en Vedette\"],\"inLanguage\":\"fr-FR\"},{\"@type\":\"WebPage\",\"@id\":\"https:\/\/www.farmtocafeteriacanada.ca\/fr\/2021\/08\/un-cadre-devaluation-de-la-ferme-a-lecole-au-canada\/\",\"url\":\"https:\/\/www.farmtocafeteriacanada.ca\/fr\/2021\/08\/un-cadre-devaluation-de-la-ferme-a-lecole-au-canada\/\",\"name\":\"Un cadre d'\u00e9valuation De la ferme \u00e0 l'\u00e9cole au Canada - Farm to Cafeteria Canada\",\"isPartOf\":{\"@id\":\"https:\/\/www.farmtocafeteriacanada.ca\/#website\"},\"primaryImageOfPage\":{\"@id\":\"https:\/\/www.farmtocafeteriacanada.ca\/fr\/2021\/08\/un-cadre-devaluation-de-la-ferme-a-lecole-au-canada\/#primaryimage\"},\"image\":{\"@id\":\"https:\/\/www.farmtocafeteriacanada.ca\/fr\/2021\/08\/un-cadre-devaluation-de-la-ferme-a-lecole-au-canada\/#primaryimage\"},\"thumbnailUrl\":\"https:\/\/www.farmtocafeteriacanada.ca\/wp-content\/uploads\/Centreville-Community-School_Centreville_NB.png\",\"datePublished\":\"2021-08-31T11:00:36+00:00\",\"dateModified\":\"2021-08-31T17:25:41+00:00\",\"breadcrumb\":{\"@id\":\"https:\/\/www.farmtocafeteriacanada.ca\/fr\/2021\/08\/un-cadre-devaluation-de-la-ferme-a-lecole-au-canada\/#breadcrumb\"},\"inLanguage\":\"fr-FR\",\"potentialAction\":[{\"@type\":\"ReadAction\",\"target\":[\"https:\/\/www.farmtocafeteriacanada.ca\/fr\/2021\/08\/un-cadre-devaluation-de-la-ferme-a-lecole-au-canada\/\"]}]},{\"@type\":\"ImageObject\",\"inLanguage\":\"fr-FR\",\"@id\":\"https:\/\/www.farmtocafeteriacanada.ca\/fr\/2021\/08\/un-cadre-devaluation-de-la-ferme-a-lecole-au-canada\/#primaryimage\",\"url\":\"https:\/\/www.farmtocafeteriacanada.ca\/wp-content\/uploads\/Centreville-Community-School_Centreville_NB.png\",\"contentUrl\":\"https:\/\/www.farmtocafeteriacanada.ca\/wp-content\/uploads\/Centreville-Community-School_Centreville_NB.png\",\"width\":1186,\"height\":477},{\"@type\":\"BreadcrumbList\",\"@id\":\"https:\/\/www.farmtocafeteriacanada.ca\/fr\/2021\/08\/un-cadre-devaluation-de-la-ferme-a-lecole-au-canada\/#breadcrumb\",\"itemListElement\":[{\"@type\":\"ListItem\",\"position\":1,\"name\":\"Home\",\"item\":\"https:\/\/www.farmtocafeteriacanada.ca\/fr\/accueil\/\"},{\"@type\":\"ListItem\",\"position\":2,\"name\":\"Un cadre d&#8217;\u00e9valuation De la ferme \u00e0 l&#8217;\u00e9cole au Canada\"}]},{\"@type\":\"WebSite\",\"@id\":\"https:\/\/www.farmtocafeteriacanada.ca\/#website\",\"url\":\"https:\/\/www.farmtocafeteriacanada.ca\/\",\"name\":\"Farm to Cafeteria Canada\",\"description\":\"\",\"publisher\":{\"@id\":\"https:\/\/www.farmtocafeteriacanada.ca\/#organization\"},\"potentialAction\":[{\"@type\":\"SearchAction\",\"target\":{\"@type\":\"EntryPoint\",\"urlTemplate\":\"https:\/\/www.farmtocafeteriacanada.ca\/?s={search_term_string}\"},\"query-input\":{\"@type\":\"PropertyValueSpecification\",\"valueRequired\":true,\"valueName\":\"search_term_string\"}}],\"inLanguage\":\"fr-FR\"},{\"@type\":\"Organization\",\"@id\":\"https:\/\/www.farmtocafeteriacanada.ca\/#organization\",\"name\":\"Farm to Cafeteria Canada\",\"url\":\"https:\/\/www.farmtocafeteriacanada.ca\/\",\"logo\":{\"@type\":\"ImageObject\",\"inLanguage\":\"fr-FR\",\"@id\":\"https:\/\/www.farmtocafeteriacanada.ca\/#\/schema\/logo\/image\/\",\"url\":\"http:\/\/www.farmtocafeteriacanada.ca\/wp-content\/uploads\/2015\/03\/f2cc_logo_en2.png\",\"contentUrl\":\"http:\/\/www.farmtocafeteriacanada.ca\/wp-content\/uploads\/2015\/03\/f2cc_logo_en2.png\",\"width\":3000,\"height\":476,\"caption\":\"Farm to Cafeteria Canada\"},\"image\":{\"@id\":\"https:\/\/www.farmtocafeteriacanada.ca\/#\/schema\/logo\/image\/\"},\"sameAs\":[\"https:\/\/www.facebook.com\/groups\/FarmtocafeteriaCanada\/\",\"https:\/\/x.com\/Farm2Cafeteria\",\"https:\/\/www.youtube.com\/channel\/UCQjcYiICtAygShD3IwNsewQ\"]},{\"@type\":\"Person\",\"@id\":\"https:\/\/www.farmtocafeteriacanada.ca\/#\/schema\/person\/03c2a359a7f0c99b895e08c1e7056708\",\"name\":\"F2CC admin\",\"image\":{\"@type\":\"ImageObject\",\"inLanguage\":\"fr-FR\",\"@id\":\"https:\/\/www.farmtocafeteriacanada.ca\/#\/schema\/person\/image\/\",\"url\":\"https:\/\/secure.gravatar.com\/avatar\/c1ddaee9a55673d852314381577bb8198996fbef53c8e2320536bf543b7712b4?s=96&d=mm&r=g\",\"contentUrl\":\"https:\/\/secure.gravatar.com\/avatar\/c1ddaee9a55673d852314381577bb8198996fbef53c8e2320536bf543b7712b4?s=96&d=mm&r=g\",\"caption\":\"F2CC admin\"},\"url\":\"https:\/\/www.farmtocafeteriacanada.ca\/fr\/author\/tracey\/\"}]}<\/script>\n<!-- \/ Yoast SEO plugin. -->","yoast_head_json":{"title":"Un cadre d'\u00e9valuation De la ferme \u00e0 l'\u00e9cole au Canada - Farm to Cafeteria Canada","robots":{"index":"index","follow":"follow","max-snippet":"max-snippet:-1","max-image-preview":"max-image-preview:large","max-video-preview":"max-video-preview:-1"},"canonical":"https:\/\/www.farmtocafeteriacanada.ca\/fr\/2021\/08\/un-cadre-devaluation-de-la-ferme-a-lecole-au-canada\/","og_locale":"fr_FR","og_type":"article","og_title":"Un cadre d'\u00e9valuation De la ferme \u00e0 l'\u00e9cole au Canada - Farm to Cafeteria Canada","og_description":"Les \u00e9valuations sont importantes. Elles nous aident \u00e0 comprendre les effets de notre travail, \u00e0 am\u00e9liorer nos programmes et \u00e0 communiquer nos histoires d\u2019incidence. Mais il peut aussi \u00eatre difficile de savoir par o\u00f9 commencer. F2CC, avec l&#8217;apport de plus de 140 personnes de divers secteurs \u00e0 travers le pays, a \u00e9labor\u00e9 ce cadre pour [&hellip;]","og_url":"https:\/\/www.farmtocafeteriacanada.ca\/fr\/2021\/08\/un-cadre-devaluation-de-la-ferme-a-lecole-au-canada\/","og_site_name":"Farm to Cafeteria Canada","article_publisher":"https:\/\/www.facebook.com\/groups\/FarmtocafeteriaCanada\/","article_published_time":"2021-08-31T11:00:36+00:00","article_modified_time":"2021-08-31T17:25:41+00:00","og_image":[{"width":1186,"height":477,"url":"https:\/\/www.farmtocafeteriacanada.ca\/wp-content\/uploads\/Centreville-Community-School_Centreville_NB.png","type":"image\/png"}],"author":"F2CC admin","twitter_card":"summary_large_image","twitter_creator":"@Farm2Cafeteria","twitter_site":"@Farm2Cafeteria","twitter_misc":{"\u00c9crit par":"F2CC admin","Dur\u00e9e de lecture estim\u00e9e":"2 minutes"},"schema":{"@context":"https:\/\/schema.org","@graph":[{"@type":"Article","@id":"https:\/\/www.farmtocafeteriacanada.ca\/fr\/2021\/08\/un-cadre-devaluation-de-la-ferme-a-lecole-au-canada\/#article","isPartOf":{"@id":"https:\/\/www.farmtocafeteriacanada.ca\/fr\/2021\/08\/un-cadre-devaluation-de-la-ferme-a-lecole-au-canada\/"},"author":{"name":"F2CC admin","@id":"https:\/\/www.farmtocafeteriacanada.ca\/#\/schema\/person\/03c2a359a7f0c99b895e08c1e7056708"},"headline":"Un cadre d&#8217;\u00e9valuation De la ferme \u00e0 l&#8217;\u00e9cole au Canada","datePublished":"2021-08-31T11:00:36+00:00","dateModified":"2021-08-31T17:25:41+00:00","mainEntityOfPage":{"@id":"https:\/\/www.farmtocafeteriacanada.ca\/fr\/2021\/08\/un-cadre-devaluation-de-la-ferme-a-lecole-au-canada\/"},"wordCount":236,"publisher":{"@id":"https:\/\/www.farmtocafeteriacanada.ca\/#organization"},"image":{"@id":"https:\/\/www.farmtocafeteriacanada.ca\/fr\/2021\/08\/un-cadre-devaluation-de-la-ferme-a-lecole-au-canada\/#primaryimage"},"thumbnailUrl":"https:\/\/www.farmtocafeteriacanada.ca\/wp-content\/uploads\/Centreville-Community-School_Centreville_NB.png","keywords":["Apprentissage pratique","Canada","Cuisiner","Cultiver","\u00c9valuation","Justice alimentaire","Manger","S\u00e9curit\u00e9 alimentaire"],"articleSection":["Blogue de page d'accueil","Ressources en Vedette"],"inLanguage":"fr-FR"},{"@type":"WebPage","@id":"https:\/\/www.farmtocafeteriacanada.ca\/fr\/2021\/08\/un-cadre-devaluation-de-la-ferme-a-lecole-au-canada\/","url":"https:\/\/www.farmtocafeteriacanada.ca\/fr\/2021\/08\/un-cadre-devaluation-de-la-ferme-a-lecole-au-canada\/","name":"Un cadre d'\u00e9valuation De la ferme \u00e0 l'\u00e9cole au Canada - Farm to Cafeteria Canada","isPartOf":{"@id":"https:\/\/www.farmtocafeteriacanada.ca\/#website"},"primaryImageOfPage":{"@id":"https:\/\/www.farmtocafeteriacanada.ca\/fr\/2021\/08\/un-cadre-devaluation-de-la-ferme-a-lecole-au-canada\/#primaryimage"},"image":{"@id":"https:\/\/www.farmtocafeteriacanada.ca\/fr\/2021\/08\/un-cadre-devaluation-de-la-ferme-a-lecole-au-canada\/#primaryimage"},"thumbnailUrl":"https:\/\/www.farmtocafeteriacanada.ca\/wp-content\/uploads\/Centreville-Community-School_Centreville_NB.png","datePublished":"2021-08-31T11:00:36+00:00","dateModified":"2021-08-31T17:25:41+00:00","breadcrumb":{"@id":"https:\/\/www.farmtocafeteriacanada.ca\/fr\/2021\/08\/un-cadre-devaluation-de-la-ferme-a-lecole-au-canada\/#breadcrumb"},"inLanguage":"fr-FR","potentialAction":[{"@type":"ReadAction","target":["https:\/\/www.farmtocafeteriacanada.ca\/fr\/2021\/08\/un-cadre-devaluation-de-la-ferme-a-lecole-au-canada\/"]}]},{"@type":"ImageObject","inLanguage":"fr-FR","@id":"https:\/\/www.farmtocafeteriacanada.ca\/fr\/2021\/08\/un-cadre-devaluation-de-la-ferme-a-lecole-au-canada\/#primaryimage","url":"https:\/\/www.farmtocafeteriacanada.ca\/wp-content\/uploads\/Centreville-Community-School_Centreville_NB.png","contentUrl":"https:\/\/www.farmtocafeteriacanada.ca\/wp-content\/uploads\/Centreville-Community-School_Centreville_NB.png","width":1186,"height":477},{"@type":"BreadcrumbList","@id":"https:\/\/www.farmtocafeteriacanada.ca\/fr\/2021\/08\/un-cadre-devaluation-de-la-ferme-a-lecole-au-canada\/#breadcrumb","itemListElement":[{"@type":"ListItem","position":1,"name":"Home","item":"https:\/\/www.farmtocafeteriacanada.ca\/fr\/accueil\/"},{"@type":"ListItem","position":2,"name":"Un cadre d&#8217;\u00e9valuation De la ferme \u00e0 l&#8217;\u00e9cole au Canada"}]},{"@type":"WebSite","@id":"https:\/\/www.farmtocafeteriacanada.ca\/#website","url":"https:\/\/www.farmtocafeteriacanada.ca\/","name":"Farm to Cafeteria Canada","description":"","publisher":{"@id":"https:\/\/www.farmtocafeteriacanada.ca\/#organization"},"potentialAction":[{"@type":"SearchAction","target":{"@type":"EntryPoint","urlTemplate":"https:\/\/www.farmtocafeteriacanada.ca\/?s={search_term_string}"},"query-input":{"@type":"PropertyValueSpecification","valueRequired":true,"valueName":"search_term_string"}}],"inLanguage":"fr-FR"},{"@type":"Organization","@id":"https:\/\/www.farmtocafeteriacanada.ca\/#organization","name":"Farm to Cafeteria Canada","url":"https:\/\/www.farmtocafeteriacanada.ca\/","logo":{"@type":"ImageObject","inLanguage":"fr-FR","@id":"https:\/\/www.farmtocafeteriacanada.ca\/#\/schema\/logo\/image\/","url":"http:\/\/www.farmtocafeteriacanada.ca\/wp-content\/uploads\/2015\/03\/f2cc_logo_en2.png","contentUrl":"http:\/\/www.farmtocafeteriacanada.ca\/wp-content\/uploads\/2015\/03\/f2cc_logo_en2.png","width":3000,"height":476,"caption":"Farm to Cafeteria Canada"},"image":{"@id":"https:\/\/www.farmtocafeteriacanada.ca\/#\/schema\/logo\/image\/"},"sameAs":["https:\/\/www.facebook.com\/groups\/FarmtocafeteriaCanada\/","https:\/\/x.com\/Farm2Cafeteria","https:\/\/www.youtube.com\/channel\/UCQjcYiICtAygShD3IwNsewQ"]},{"@type":"Person","@id":"https:\/\/www.farmtocafeteriacanada.ca\/#\/schema\/person\/03c2a359a7f0c99b895e08c1e7056708","name":"F2CC admin","image":{"@type":"ImageObject","inLanguage":"fr-FR","@id":"https:\/\/www.farmtocafeteriacanada.ca\/#\/schema\/person\/image\/","url":"https:\/\/secure.gravatar.com\/avatar\/c1ddaee9a55673d852314381577bb8198996fbef53c8e2320536bf543b7712b4?s=96&d=mm&r=g","contentUrl":"https:\/\/secure.gravatar.com\/avatar\/c1ddaee9a55673d852314381577bb8198996fbef53c8e2320536bf543b7712b4?s=96&d=mm&r=g","caption":"F2CC admin"},"url":"https:\/\/www.farmtocafeteriacanada.ca\/fr\/author\/tracey\/"}]}},"_links":{"self":[{"href":"https:\/\/www.farmtocafeteriacanada.ca\/fr\/wp-json\/wp\/v2\/posts\/25377","targetHints":{"allow":["GET"]}}],"collection":[{"href":"https:\/\/www.farmtocafeteriacanada.ca\/fr\/wp-json\/wp\/v2\/posts"}],"about":[{"href":"https:\/\/www.farmtocafeteriacanada.ca\/fr\/wp-json\/wp\/v2\/types\/post"}],"author":[{"embeddable":true,"href":"https:\/\/www.farmtocafeteriacanada.ca\/fr\/wp-json\/wp\/v2\/users\/3"}],"replies":[{"embeddable":true,"href":"https:\/\/www.farmtocafeteriacanada.ca\/fr\/wp-json\/wp\/v2\/comments?post=25377"}],"version-history":[{"count":3,"href":"https:\/\/www.farmtocafeteriacanada.ca\/fr\/wp-json\/wp\/v2\/posts\/25377\/revisions"}],"predecessor-version":[{"id":25399,"href":"https:\/\/www.farmtocafeteriacanada.ca\/fr\/wp-json\/wp\/v2\/posts\/25377\/revisions\/25399"}],"wp:featuredmedia":[{"embeddable":true,"href":"https:\/\/www.farmtocafeteriacanada.ca\/fr\/wp-json\/wp\/v2\/media\/25299"}],"wp:attachment":[{"href":"https:\/\/www.farmtocafeteriacanada.ca\/fr\/wp-json\/wp\/v2\/media?parent=25377"}],"wp:term":[{"taxonomy":"category","embeddable":true,"href":"https:\/\/www.farmtocafeteriacanada.ca\/fr\/wp-json\/wp\/v2\/categories?post=25377"},{"taxonomy":"post_tag","embeddable":true,"href":"https:\/\/www.farmtocafeteriacanada.ca\/fr\/wp-json\/wp\/v2\/tags?post=25377"}],"curies":[{"name":"wp","href":"https:\/\/api.w.org\/{rel}","templated":true}]}}