
{"id":23022,"date":"2021-03-17T16:59:15","date_gmt":"2021-03-17T21:59:15","guid":{"rendered":"http:\/\/www.farmtocafeteriacanada.ca\/?p=23022"},"modified":"2021-03-17T17:00:17","modified_gmt":"2021-03-17T22:00:17","slug":"les-inscriptions-sont-lancees-pour-la-campagne-de-financement-ecoles-enracinees-coordonnee-par-equiterre","status":"publish","type":"post","link":"https:\/\/www.farmtocafeteriacanada.ca\/fr\/2021\/03\/les-inscriptions-sont-lancees-pour-la-campagne-de-financement-ecoles-enracinees-coordonnee-par-equiterre\/","title":{"rendered":"Les inscriptions sont lanc\u00e9es pour la campagne de financement \u00c9coles enracin\u00e9es, coordonn\u00e9e par \u00c9quiterre!"},"content":{"rendered":"<h5><b>Les \u00e9coles, les services de garde \u00e9ducatifs \u00e0 l\u2019enfance et les organismes communautaires du Qu\u00e9bec ont jusqu\u2019au 30 juin pour <\/b><a href=\"https:\/\/www.equiterre.org\/projet\/ecoles-enracinees\/campagne-de-financement-ecoles-enracinees\" target=\"_blank\" rel=\"noopener\"><b>s\u2019inscrire<\/b><\/a><b> \u00e0 la campagne de financement \u00c9coles enracin\u00e9es. L\u2019objectif : collecter des fonds pour financer des projets \u00e0 vocation \u00e9ducative ou communautaire en vendant des l\u00e9gumes locaux et savoureux, livr\u00e9s par une <\/b><a href=\"https:\/\/www.fermierdefamille.org\/reseau\" target=\"_blank\" rel=\"noopener\"><b>fermi\u00e8re ou un fermier de sa r\u00e9gion<\/b><\/a><b>.<\/b><\/h5>\n<p><span style=\"font-weight: 400;\">\u00c9coles enracin\u00e9es est une campagne de financement De la ferme \u00e0 l\u2019\u00e9cole d\u00e9ploy\u00e9e au Qu\u00e9bec par l\u2019organisme <\/span><a href=\"https:\/\/www.equiterre.org\/\" target=\"_blank\" rel=\"noopener\"><span style=\"font-weight: 400;\">\u00c9quiterre<\/span><\/a><span style=\"font-weight: 400;\">. \u00c0 l\u2019intention des \u00e9coles, des services de garde \u00e9ducatifs \u00e0 l\u2019enfance et des organismes communautaires, elle vise \u00e0 leur permettre de collecter des fonds gr\u00e2ce \u00e0 la vente de fruits et l\u00e9gumes sains, locaux, biologiques et \u00e9coresponsables. Ces activit\u00e9s sont d\u00e9ploy\u00e9es dans plusieurs provinces au Canada : en Colombie-Britannique par <\/span><a href=\"https:\/\/www.bcaitc.ca\/fresh-you-fundraiser\" target=\"_blank\" rel=\"noopener\"><span style=\"font-weight: 400;\">Fresh to You Fundraiser<\/span><\/a><span style=\"font-weight: 400;\">, en Ontario par <\/span><a href=\"https:\/\/www.freshfromfarm.ca\/growers.aspx?lang=fr-CA\" target=\"_blank\" rel=\"noopener\"><span style=\"font-weight: 400;\">Fraicheur de la ferme<\/span><\/a><span style=\"font-weight: 400;\">, au Manitoba par <\/span><a href=\"https:\/\/farmtoschoolmanitoba.ca\/fundraisers\/\" target=\"_blank\" rel=\"noopener\"><span style=\"font-weight: 400;\">The Farm to School Manitoba Healthy Choice Fundraiser<\/span><\/a><span style=\"font-weight: 400;\">, au Nouveau-Brunswick par <\/span><a href=\"https:\/\/www2.gnb.ca\/content\/dam\/gnb\/Departments\/10\/pdf\/MarketingTrade-MarketingCommerce\/ActivitesFinancementLorsdesRecoltes.pdf\" target=\"_blank\" rel=\"noopener\"><span style=\"font-weight: 400;\">Le minist\u00e8re de l\u2019Agriculture, de l\u2019Aquaculture et des P\u00eaches<\/span><\/a><span style=\"font-weight: 400;\">, en Nouvelle-\u00c9cosse par <\/span><a href=\"https:\/\/www.nourishns.ca\/nourish-your-roots\" target=\"_blank\" rel=\"noopener\"><span style=\"font-weight: 400;\">Nourish your Roots<\/span><\/a><span style=\"font-weight: 400;\"> et au Yukon par <\/span><a href=\"https:\/\/yukon.ca\/fr\/yukonfromthegroundup-fr\" target=\"_blank\" rel=\"noopener\"><span style=\"font-weight: 400;\">Du champ \u00e0 la table<\/span><\/a><span style=\"font-weight: 400;\">. Elles ont g\u00e9n\u00e9ralement lieu \u00e0 l\u2019automne, au d\u00e9but de l\u2019ann\u00e9e scolaire, en pleine saison des r\u00e9coltes dans la plupart des r\u00e9gions. Ces activit\u00e9s de financement s\u2019inscrivent dans la <\/span><a href=\"https:\/\/www.farmtocafeteriacanada.ca\/fr\/demarrer\/de-la-ferme-a-lecole-canada\/\" target=\"_blank\" rel=\"noopener\"><span style=\"font-weight: 400;\">d\u00e9marche De la ferme \u00e0 l\u2019\u00e9cole<\/span><\/a><span style=\"font-weight: 400;\"> en offrant une activit\u00e9 de financement plus saine, locale et \u00e9coresponsable que les autres activit\u00e9s de financement classiques par la vente de nourriture.<\/span><\/p>\n<p><span style=\"font-weight: 400;\">Depuis 2016, cette formule a permis le d\u00e9ploiement de plus de 250 campagnes dans les \u00e9coles, les services de garde \u00e9ducatifs \u00e0 l\u2019enfance et les organismes communautaires de 12 r\u00e9gions administratives du Qu\u00e9bec.\u00a0<\/span><\/p>\n<h6><span style=\"color: #00938b;\"><b>Un projet en pleine expansion au Qu\u00e9bec, malgr\u00e9 la pand\u00e9mie<\/b><\/span><\/h6>\n<p><span style=\"font-weight: 400;\">Le nombre d&#8217;\u00e9tablissements participants \u00e0 \u00c9coles enracin\u00e9es au Qu\u00e9bec est pass\u00e9 de 20 en 2017 \u00e0 75 en 2018, puis \u00e0 115 en 2019, soit un taux de croissance de 475 % entre 2017 et 2019! En 2020, malgr\u00e9 la logistique suppl\u00e9mentaire que les mesures de sant\u00e9 publique ont impos\u00e9 aux \u00e9tablissements et aux familles ainsi que l\u2019incertitude qui a accompagn\u00e9 cette situation, plus de 4 000 paniers de l\u00e9gumes ont \u00e9t\u00e9 distribu\u00e9s par 17 fermes du R\u00e9seau des fermiers de famille \u00e0 <\/span><a href=\"https:\/\/www.equiterre.org\/projet\/approvisionnement-local\/campagne-de-financement-ecoles-enracinees-2020\" target=\"_blank\" rel=\"noopener\"><span style=\"font-weight: 400;\">43 \u00e9tablissements<\/span><\/a><span style=\"font-weight: 400;\"> motiv\u00e9s dans 10 r\u00e9gions administratives du Qu\u00e9bec.\u00a0<\/span><\/p>\n<figure id=\"attachment_23027\" aria-describedby=\"caption-attachment-23027\" style=\"width: 2500px\" class=\"wp-caption aligncenter\"><img loading=\"lazy\" decoding=\"async\" class=\"wp-image-23027 size-full\" src=\"http:\/\/www.farmtocafeteriacanada.ca\/wp-content\/uploads\/Equiterre2.png\" alt=\"\" width=\"2500\" height=\"1102\" srcset=\"https:\/\/www.farmtocafeteriacanada.ca\/wp-content\/uploads\/Equiterre2.png 2500w, https:\/\/www.farmtocafeteriacanada.ca\/wp-content\/uploads\/Equiterre2-768x339.png 768w, https:\/\/www.farmtocafeteriacanada.ca\/wp-content\/uploads\/Equiterre2-1536x677.png 1536w, https:\/\/www.farmtocafeteriacanada.ca\/wp-content\/uploads\/Equiterre2-2048x903.png 2048w\" sizes=\"auto, (max-width: 2500px) 100vw, 2500px\" \/><figcaption id=\"caption-attachment-23027\" class=\"wp-caption-text\">Retrouvez l&#8217;\u00e9volution du projet \u00c9coles enracin\u00e9es dans cette <i><span style=\"font-weight: 400;\"><a href=\"https:\/\/www.equiterre.org\/publication\/bilan2016-2020-ee-infographie\" target=\"_blank\" rel=\"noopener\">infographie<\/a><\/span><\/i><\/figcaption><\/figure>\n<h6><span style=\"color: #00938b;\"><b>Une formidable occasion d\u2019\u00e9ducation!<\/b><\/span><\/h6>\n<p><span style=\"font-weight: 400;\">Ces campagnes de financement De la ferme \u00e0 l\u2019\u00e9cole sont l\u2019occasion d\u2019aborder les th\u00e8mes de l\u2019agriculture locale et biologique, de la saisonnalit\u00e9, du gaspillage alimentaire, et plus largement, de l\u2019environnement et de la r\u00e9duction des gaz \u00e0 effet de serre. Autant d\u2019activit\u00e9s r\u00e9alis\u00e9es par les jeunes (dessins, bricolages, kiosques, expos\u00e9s oraux, etc.) que des projets initi\u00e9s par l\u2019\u00e9tablissement (ateliers culinaires et de jardinage, d\u00e9gustations, jeux, visites \u00e0 la ferme) sont encourag\u00e9s. Ils permettent d\u2019animer l\u2019\u00e9v\u00e9nement et de sensibiliser les jeunes \u00e0 l\u2019importance de l\u2019alimentation saine, biologique, locale et respectueuse de l\u2019environnement.\u00a0<\/span><\/p>\n<p><span style=\"font-weight: 400;\">Une chose est s\u00fbre, en regardant les <\/span><a href=\"https:\/\/www.facebook.com\/pg\/equiterre\/photos\/?tab=album&amp;album_id=2917098764968361\" target=\"_blank\" rel=\"noopener\"><span style=\"font-weight: 400;\">photos des campagnes pr\u00e9c\u00e9dentes<\/span><\/a><span style=\"font-weight: 400;\"> on voit bien que les livraisons des paniers de l\u00e9gumes ravissent tout autant les enfants et leurs familles, que les enseignants-es et les fermiers-\u00e8res!<\/span><\/p>\n<figure id=\"attachment_23031\" aria-describedby=\"caption-attachment-23031\" style=\"width: 536px\" class=\"wp-caption alignnone\"><img loading=\"lazy\" decoding=\"async\" class=\"size-full wp-image-23031\" src=\"http:\/\/www.farmtocafeteriacanada.ca\/wp-content\/uploads\/equiterre3.png\" alt=\"\" width=\"536\" height=\"403\" \/><figcaption id=\"caption-attachment-23031\" class=\"wp-caption-text\">Cr\u00e9dit : \u00c9cole de la Broquerie, Boucherville<\/figcaption><\/figure>\n<h6><span style=\"color: #00938b;\"><b>Un projet qui soutient l\u2019agriculture locale et biologique pour contribuer \u00e0 la sant\u00e9 des jeunes et celle de la plan\u00e8te!<\/b><\/span><\/h6>\n<p><span style=\"font-weight: 400;\">Les campagnes de financement De la ferme \u00e0 l\u2019\u00e9cole soutiennent les circuits courts et favorisent la sensibilisation \u00e0 une alimentation locale et biologique ainsi que la r\u00e9duction de l&#8217;emballage et de l&#8217;utilisation des pesticides, des fertilisants de synth\u00e8se et des OGM. De plus, elles encouragent les jeunes et leur famille \u00e0 consommer davantage de fruits et l\u00e9gumes et \u00e0 cuisiner \u00e0 partir d\u2019aliments de base. Le projet \u00c9coles enracin\u00e9es a \u00e9galement une vis\u00e9e z\u00e9ro d\u00e9chet. En ce sens, c\u2019est un projet qui a des b\u00e9n\u00e9fices sur la sant\u00e9 des citoyens.nes et celle de la plan\u00e8te!<\/span><\/p>\n<figure id=\"attachment_23029\" aria-describedby=\"caption-attachment-23029\" style=\"width: 651px\" class=\"wp-caption alignnone\"><img loading=\"lazy\" decoding=\"async\" class=\"size-full wp-image-23029\" src=\"http:\/\/www.farmtocafeteriacanada.ca\/wp-content\/uploads\/equiterre4.png\" alt=\"\" width=\"651\" height=\"432\" \/><figcaption id=\"caption-attachment-23029\" class=\"wp-caption-text\">Cr\u00e9dit : \u00c9cole Albatros, Montr\u00e9al<\/figcaption><\/figure>\n<h6><span style=\"color: #00938b;\"><b>Comment fonctionne le projet?<\/b><\/span><\/h6>\n<p><span style=\"font-weight: 400;\">La campagne de financement \u00c9coles enracin\u00e9es se d\u00e9roule en 4 grandes \u00e9tapes :\u00a0<\/span><\/p>\n<ul>\n<li style=\"font-weight: 400;\" aria-level=\"1\"><span style=\"font-weight: 400;\">Inscription (mars \u00e0 juin)<\/span><\/li>\n<li style=\"font-weight: 400;\" aria-level=\"1\"><span style=\"font-weight: 400;\">Promotion et logistique (septembre, lors de la rentr\u00e9e scolaire)<\/span><\/li>\n<li style=\"font-weight: 400;\" aria-level=\"1\"><span style=\"font-weight: 400;\">Livraison des paniers (octobre \u00e0 d\u00e9cembre)<\/span><\/li>\n<li style=\"font-weight: 400;\" aria-level=\"1\"><span style=\"font-weight: 400;\">\u00c9valuation de la campagne (d\u00e9cembre)<\/span><\/li>\n<\/ul>\n<p><span style=\"font-weight: 400;\">\u00c9quiterre a d\u00e9velopp\u00e9 de nombreux documents pour accompagner les \u00e9tablissements \u00e0 chaque \u00e9tape. Pour s\u2019inscrire, la <\/span><a href=\"http:\/\/equiterre.org\/sites\/fichiers\/divers\/ee2018_marcheasuivre.pdf\" target=\"_blank\" rel=\"noopener\"><span style=\"font-weight: 400;\">marche \u00e0 suivre<\/span><\/a><span style=\"font-weight: 400;\"> d\u00e9taill\u00e9e, le <\/span><a href=\"https:\/\/www.equiterre.org\/sites\/fichiers\/divers\/ee2018_sommaireetapes.pdf\" target=\"_blank\" rel=\"noopener\"><span style=\"font-weight: 400;\">sommaire des principales \u00e9tapes<\/span><\/a><span style=\"font-weight: 400;\"> ainsi que le <\/span><a href=\"https:\/\/www.equiterre.org\/sites\/fichiers\/divers\/ee2018_feuillet_etablissement.pdf\" target=\"_blank\" rel=\"noopener\"><span style=\"font-weight: 400;\">feuillet d\u2019\u00e9tablissement<\/span><\/a><span style=\"font-weight: 400;\"> sont les outils cl\u00e9s pour obtenir l\u2019appui de la direction, inscrire son milieu et pr\u00e9parer le lancement de la campagne \u00e0 la rentr\u00e9e scolaire!<\/span><\/p>\n<figure id=\"attachment_23025\" aria-describedby=\"caption-attachment-23025\" style=\"width: 2500px\" class=\"wp-caption aligncenter\"><img loading=\"lazy\" decoding=\"async\" class=\"wp-image-23025 size-full\" src=\"http:\/\/www.farmtocafeteriacanada.ca\/wp-content\/uploads\/Equiterre5.jpg\" alt=\"\" width=\"2500\" height=\"1407\" srcset=\"https:\/\/www.farmtocafeteriacanada.ca\/wp-content\/uploads\/Equiterre5.jpg 2500w, https:\/\/www.farmtocafeteriacanada.ca\/wp-content\/uploads\/Equiterre5-768x432.jpg 768w, https:\/\/www.farmtocafeteriacanada.ca\/wp-content\/uploads\/Equiterre5-1536x864.jpg 1536w, https:\/\/www.farmtocafeteriacanada.ca\/wp-content\/uploads\/Equiterre5-2048x1153.jpg 2048w\" sizes=\"auto, (max-width: 2500px) 100vw, 2500px\" \/><figcaption id=\"caption-attachment-23025\" class=\"wp-caption-text\">Cr\u00e9dit : \u00c9cole Notre-Dame-de-la-Garde, Montr\u00e9al<\/figcaption><\/figure>\n<h6><span style=\"color: #00938b;\"><b>Pour plus d\u2019informations<\/b><\/span><\/h6>\n<ul>\n<li style=\"font-weight: 400;\" aria-level=\"1\"><span style=\"font-weight: 400;\">Visionnez la <\/span><a href=\"https:\/\/youtu.be\/FDhIa8NMdzo\" target=\"_blank\" rel=\"noopener\"><span style=\"font-weight: 400;\">capsule vid\u00e9o<\/span><\/a><span style=\"font-weight: 400;\"> de l\u2019\u00e9dition 2020<\/span><\/li>\n<li style=\"font-weight: 400;\" aria-level=\"1\"><span style=\"font-weight: 400;\">Consultez la page Internet d\u2019<\/span><a href=\"https:\/\/www.equiterre.org\/projet\/ecoles-enracinees\/campagne-de-financement-ecoles-enracinees\" target=\"_blank\" rel=\"noopener\"><span style=\"font-weight: 400;\">\u00c9coles enracin\u00e9es<\/span><\/a><span style=\"font-weight: 400;\"> ainsi que la <\/span><a href=\"https:\/\/www.equiterre.org\/projet\/ecoles-enracinees\/foire-aux-questions\" target=\"_blank\" rel=\"noopener\"><span style=\"font-weight: 400;\">foire aux questions<\/span><\/a><\/li>\n<li style=\"font-weight: 400;\" aria-level=\"1\"><span style=\"font-weight: 400;\">Contactez <\/span><a href=\"mailto:ecolesenracinees@equiterre.org\"><span style=\"font-weight: 400;\">ecolesenracinees@equiterre.org<\/span><\/a><span style=\"font-weight: 400;\">\u00a0<\/span><\/li>\n<\/ul>\n","protected":false},"excerpt":{"rendered":"<p>Les \u00e9coles, les services de garde \u00e9ducatifs \u00e0 l\u2019enfance et les organismes communautaires du Qu\u00e9bec ont jusqu\u2019au 30 juin pour s\u2019inscrire \u00e0 la campagne de financement \u00c9coles enracin\u00e9es. L\u2019objectif : collecter des fonds pour financer des projets \u00e0 vocation \u00e9ducative ou communautaire en vendant des l\u00e9gumes locaux et savoureux, livr\u00e9s par une fermi\u00e8re ou un [&hellip;]<\/p>\n","protected":false},"author":3,"featured_media":23023,"comment_status":"closed","ping_status":"open","sticky":false,"template":"","format":"standard","meta":{"_acf_changed":false,"_exactmetrics_skip_tracking":false,"_exactmetrics_sitenote_active":false,"_exactmetrics_sitenote_note":"","_exactmetrics_sitenote_category":0,"footnotes":""},"categories":[254],"tags":[325,324,339,358,338,101],"class_list":["post-23022","post","type-post","status-publish","format-standard","has-post-thumbnail","hentry","category-blogue-de-page-daccueil","tag-aliments-locaux","tag-bar-a-salades","tag-ecole-primaire-m-a-6","tag-financement","tag-prescolaire","tag-quebec-fr"],"acf":[],"yoast_head":"<!-- This site is optimized with the Yoast SEO plugin v26.7 - https:\/\/yoast.com\/wordpress\/plugins\/seo\/ -->\n<title>Les inscriptions sont lanc\u00e9es pour la campagne de financement \u00c9coles enracin\u00e9es, coordonn\u00e9e par \u00c9quiterre! - Farm to Cafeteria Canada<\/title>\n<meta name=\"robots\" content=\"index, follow, max-snippet:-1, max-image-preview:large, max-video-preview:-1\" \/>\n<link rel=\"canonical\" href=\"https:\/\/www.farmtocafeteriacanada.ca\/fr\/2021\/03\/les-inscriptions-sont-lancees-pour-la-campagne-de-financement-ecoles-enracinees-coordonnee-par-equiterre\/\" \/>\n<meta property=\"og:locale\" content=\"fr_FR\" \/>\n<meta property=\"og:type\" content=\"article\" \/>\n<meta property=\"og:title\" content=\"Les inscriptions sont lanc\u00e9es pour la campagne de financement \u00c9coles enracin\u00e9es, coordonn\u00e9e par \u00c9quiterre! - Farm to Cafeteria Canada\" \/>\n<meta property=\"og:description\" content=\"Les \u00e9coles, les services de garde \u00e9ducatifs \u00e0 l\u2019enfance et les organismes communautaires du Qu\u00e9bec ont jusqu\u2019au 30 juin pour s\u2019inscrire \u00e0 la campagne de financement \u00c9coles enracin\u00e9es. L\u2019objectif : collecter des fonds pour financer des projets \u00e0 vocation \u00e9ducative ou communautaire en vendant des l\u00e9gumes locaux et savoureux, livr\u00e9s par une fermi\u00e8re ou un [&hellip;]\" \/>\n<meta property=\"og:url\" content=\"https:\/\/www.farmtocafeteriacanada.ca\/fr\/2021\/03\/les-inscriptions-sont-lancees-pour-la-campagne-de-financement-ecoles-enracinees-coordonnee-par-equiterre\/\" \/>\n<meta property=\"og:site_name\" content=\"Farm to Cafeteria Canada\" \/>\n<meta property=\"article:publisher\" content=\"https:\/\/www.facebook.com\/groups\/FarmtocafeteriaCanada\/\" \/>\n<meta property=\"article:published_time\" content=\"2021-03-17T21:59:15+00:00\" \/>\n<meta property=\"article:modified_time\" content=\"2021-03-17T22:00:17+00:00\" \/>\n<meta property=\"og:image\" content=\"https:\/\/www.farmtocafeteriacanada.ca\/wp-content\/uploads\/Equiterre1.jpg\" \/>\n\t<meta property=\"og:image:width\" content=\"2500\" \/>\n\t<meta property=\"og:image:height\" content=\"956\" \/>\n\t<meta property=\"og:image:type\" content=\"image\/jpeg\" \/>\n<meta name=\"author\" content=\"F2CC admin\" \/>\n<meta name=\"twitter:card\" content=\"summary_large_image\" \/>\n<meta name=\"twitter:creator\" content=\"@Farm2Cafeteria\" \/>\n<meta name=\"twitter:site\" content=\"@Farm2Cafeteria\" \/>\n<meta name=\"twitter:label1\" content=\"\u00c9crit par\" \/>\n\t<meta name=\"twitter:data1\" content=\"F2CC admin\" \/>\n\t<meta name=\"twitter:label2\" content=\"Dur\u00e9e de lecture estim\u00e9e\" \/>\n\t<meta name=\"twitter:data2\" content=\"5 minutes\" \/>\n<script type=\"application\/ld+json\" class=\"yoast-schema-graph\">{\"@context\":\"https:\/\/schema.org\",\"@graph\":[{\"@type\":\"Article\",\"@id\":\"https:\/\/www.farmtocafeteriacanada.ca\/fr\/2021\/03\/les-inscriptions-sont-lancees-pour-la-campagne-de-financement-ecoles-enracinees-coordonnee-par-equiterre\/#article\",\"isPartOf\":{\"@id\":\"https:\/\/www.farmtocafeteriacanada.ca\/fr\/2021\/03\/les-inscriptions-sont-lancees-pour-la-campagne-de-financement-ecoles-enracinees-coordonnee-par-equiterre\/\"},\"author\":{\"name\":\"F2CC admin\",\"@id\":\"https:\/\/www.farmtocafeteriacanada.ca\/#\/schema\/person\/03c2a359a7f0c99b895e08c1e7056708\"},\"headline\":\"Les inscriptions sont lanc\u00e9es pour la campagne de financement \u00c9coles enracin\u00e9es, coordonn\u00e9e par \u00c9quiterre!\",\"datePublished\":\"2021-03-17T21:59:15+00:00\",\"dateModified\":\"2021-03-17T22:00:17+00:00\",\"mainEntityOfPage\":{\"@id\":\"https:\/\/www.farmtocafeteriacanada.ca\/fr\/2021\/03\/les-inscriptions-sont-lancees-pour-la-campagne-de-financement-ecoles-enracinees-coordonnee-par-equiterre\/\"},\"wordCount\":876,\"publisher\":{\"@id\":\"https:\/\/www.farmtocafeteriacanada.ca\/#organization\"},\"image\":{\"@id\":\"https:\/\/www.farmtocafeteriacanada.ca\/fr\/2021\/03\/les-inscriptions-sont-lancees-pour-la-campagne-de-financement-ecoles-enracinees-coordonnee-par-equiterre\/#primaryimage\"},\"thumbnailUrl\":\"https:\/\/www.farmtocafeteriacanada.ca\/wp-content\/uploads\/Equiterre1.jpg\",\"keywords\":[\"Aliments locaux\",\"Bar \u00e0 salades\",\"\u00c9cole primaire (M \u00e0 6)\",\"financement\",\"Pr\u00e9scolaire\",\"Qu\u00e9bec\"],\"articleSection\":[\"Blogue de page d'accueil\"],\"inLanguage\":\"fr-FR\"},{\"@type\":\"WebPage\",\"@id\":\"https:\/\/www.farmtocafeteriacanada.ca\/fr\/2021\/03\/les-inscriptions-sont-lancees-pour-la-campagne-de-financement-ecoles-enracinees-coordonnee-par-equiterre\/\",\"url\":\"https:\/\/www.farmtocafeteriacanada.ca\/fr\/2021\/03\/les-inscriptions-sont-lancees-pour-la-campagne-de-financement-ecoles-enracinees-coordonnee-par-equiterre\/\",\"name\":\"Les inscriptions sont lanc\u00e9es pour la campagne de financement \u00c9coles enracin\u00e9es, coordonn\u00e9e par \u00c9quiterre! - Farm to Cafeteria Canada\",\"isPartOf\":{\"@id\":\"https:\/\/www.farmtocafeteriacanada.ca\/#website\"},\"primaryImageOfPage\":{\"@id\":\"https:\/\/www.farmtocafeteriacanada.ca\/fr\/2021\/03\/les-inscriptions-sont-lancees-pour-la-campagne-de-financement-ecoles-enracinees-coordonnee-par-equiterre\/#primaryimage\"},\"image\":{\"@id\":\"https:\/\/www.farmtocafeteriacanada.ca\/fr\/2021\/03\/les-inscriptions-sont-lancees-pour-la-campagne-de-financement-ecoles-enracinees-coordonnee-par-equiterre\/#primaryimage\"},\"thumbnailUrl\":\"https:\/\/www.farmtocafeteriacanada.ca\/wp-content\/uploads\/Equiterre1.jpg\",\"datePublished\":\"2021-03-17T21:59:15+00:00\",\"dateModified\":\"2021-03-17T22:00:17+00:00\",\"breadcrumb\":{\"@id\":\"https:\/\/www.farmtocafeteriacanada.ca\/fr\/2021\/03\/les-inscriptions-sont-lancees-pour-la-campagne-de-financement-ecoles-enracinees-coordonnee-par-equiterre\/#breadcrumb\"},\"inLanguage\":\"fr-FR\",\"potentialAction\":[{\"@type\":\"ReadAction\",\"target\":[\"https:\/\/www.farmtocafeteriacanada.ca\/fr\/2021\/03\/les-inscriptions-sont-lancees-pour-la-campagne-de-financement-ecoles-enracinees-coordonnee-par-equiterre\/\"]}]},{\"@type\":\"ImageObject\",\"inLanguage\":\"fr-FR\",\"@id\":\"https:\/\/www.farmtocafeteriacanada.ca\/fr\/2021\/03\/les-inscriptions-sont-lancees-pour-la-campagne-de-financement-ecoles-enracinees-coordonnee-par-equiterre\/#primaryimage\",\"url\":\"https:\/\/www.farmtocafeteriacanada.ca\/wp-content\/uploads\/Equiterre1.jpg\",\"contentUrl\":\"https:\/\/www.farmtocafeteriacanada.ca\/wp-content\/uploads\/Equiterre1.jpg\",\"width\":2500,\"height\":956},{\"@type\":\"BreadcrumbList\",\"@id\":\"https:\/\/www.farmtocafeteriacanada.ca\/fr\/2021\/03\/les-inscriptions-sont-lancees-pour-la-campagne-de-financement-ecoles-enracinees-coordonnee-par-equiterre\/#breadcrumb\",\"itemListElement\":[{\"@type\":\"ListItem\",\"position\":1,\"name\":\"Home\",\"item\":\"https:\/\/www.farmtocafeteriacanada.ca\/fr\/accueil\/\"},{\"@type\":\"ListItem\",\"position\":2,\"name\":\"Les inscriptions sont lanc\u00e9es pour la campagne de financement \u00c9coles enracin\u00e9es, coordonn\u00e9e par \u00c9quiterre!\"}]},{\"@type\":\"WebSite\",\"@id\":\"https:\/\/www.farmtocafeteriacanada.ca\/#website\",\"url\":\"https:\/\/www.farmtocafeteriacanada.ca\/\",\"name\":\"Farm to Cafeteria Canada\",\"description\":\"\",\"publisher\":{\"@id\":\"https:\/\/www.farmtocafeteriacanada.ca\/#organization\"},\"potentialAction\":[{\"@type\":\"SearchAction\",\"target\":{\"@type\":\"EntryPoint\",\"urlTemplate\":\"https:\/\/www.farmtocafeteriacanada.ca\/?s={search_term_string}\"},\"query-input\":{\"@type\":\"PropertyValueSpecification\",\"valueRequired\":true,\"valueName\":\"search_term_string\"}}],\"inLanguage\":\"fr-FR\"},{\"@type\":\"Organization\",\"@id\":\"https:\/\/www.farmtocafeteriacanada.ca\/#organization\",\"name\":\"Farm to Cafeteria Canada\",\"url\":\"https:\/\/www.farmtocafeteriacanada.ca\/\",\"logo\":{\"@type\":\"ImageObject\",\"inLanguage\":\"fr-FR\",\"@id\":\"https:\/\/www.farmtocafeteriacanada.ca\/#\/schema\/logo\/image\/\",\"url\":\"http:\/\/www.farmtocafeteriacanada.ca\/wp-content\/uploads\/2015\/03\/f2cc_logo_en2.png\",\"contentUrl\":\"http:\/\/www.farmtocafeteriacanada.ca\/wp-content\/uploads\/2015\/03\/f2cc_logo_en2.png\",\"width\":3000,\"height\":476,\"caption\":\"Farm to Cafeteria Canada\"},\"image\":{\"@id\":\"https:\/\/www.farmtocafeteriacanada.ca\/#\/schema\/logo\/image\/\"},\"sameAs\":[\"https:\/\/www.facebook.com\/groups\/FarmtocafeteriaCanada\/\",\"https:\/\/x.com\/Farm2Cafeteria\",\"https:\/\/www.youtube.com\/channel\/UCQjcYiICtAygShD3IwNsewQ\"]},{\"@type\":\"Person\",\"@id\":\"https:\/\/www.farmtocafeteriacanada.ca\/#\/schema\/person\/03c2a359a7f0c99b895e08c1e7056708\",\"name\":\"F2CC admin\",\"image\":{\"@type\":\"ImageObject\",\"inLanguage\":\"fr-FR\",\"@id\":\"https:\/\/www.farmtocafeteriacanada.ca\/#\/schema\/person\/image\/\",\"url\":\"https:\/\/secure.gravatar.com\/avatar\/c1ddaee9a55673d852314381577bb8198996fbef53c8e2320536bf543b7712b4?s=96&d=mm&r=g\",\"contentUrl\":\"https:\/\/secure.gravatar.com\/avatar\/c1ddaee9a55673d852314381577bb8198996fbef53c8e2320536bf543b7712b4?s=96&d=mm&r=g\",\"caption\":\"F2CC admin\"},\"url\":\"https:\/\/www.farmtocafeteriacanada.ca\/fr\/author\/tracey\/\"}]}<\/script>\n<!-- \/ Yoast SEO plugin. -->","yoast_head_json":{"title":"Les inscriptions sont lanc\u00e9es pour la campagne de financement \u00c9coles enracin\u00e9es, coordonn\u00e9e par \u00c9quiterre! - Farm to Cafeteria Canada","robots":{"index":"index","follow":"follow","max-snippet":"max-snippet:-1","max-image-preview":"max-image-preview:large","max-video-preview":"max-video-preview:-1"},"canonical":"https:\/\/www.farmtocafeteriacanada.ca\/fr\/2021\/03\/les-inscriptions-sont-lancees-pour-la-campagne-de-financement-ecoles-enracinees-coordonnee-par-equiterre\/","og_locale":"fr_FR","og_type":"article","og_title":"Les inscriptions sont lanc\u00e9es pour la campagne de financement \u00c9coles enracin\u00e9es, coordonn\u00e9e par \u00c9quiterre! - Farm to Cafeteria Canada","og_description":"Les \u00e9coles, les services de garde \u00e9ducatifs \u00e0 l\u2019enfance et les organismes communautaires du Qu\u00e9bec ont jusqu\u2019au 30 juin pour s\u2019inscrire \u00e0 la campagne de financement \u00c9coles enracin\u00e9es. L\u2019objectif : collecter des fonds pour financer des projets \u00e0 vocation \u00e9ducative ou communautaire en vendant des l\u00e9gumes locaux et savoureux, livr\u00e9s par une fermi\u00e8re ou un [&hellip;]","og_url":"https:\/\/www.farmtocafeteriacanada.ca\/fr\/2021\/03\/les-inscriptions-sont-lancees-pour-la-campagne-de-financement-ecoles-enracinees-coordonnee-par-equiterre\/","og_site_name":"Farm to Cafeteria Canada","article_publisher":"https:\/\/www.facebook.com\/groups\/FarmtocafeteriaCanada\/","article_published_time":"2021-03-17T21:59:15+00:00","article_modified_time":"2021-03-17T22:00:17+00:00","og_image":[{"width":2500,"height":956,"url":"https:\/\/www.farmtocafeteriacanada.ca\/wp-content\/uploads\/Equiterre1.jpg","type":"image\/jpeg"}],"author":"F2CC admin","twitter_card":"summary_large_image","twitter_creator":"@Farm2Cafeteria","twitter_site":"@Farm2Cafeteria","twitter_misc":{"\u00c9crit par":"F2CC admin","Dur\u00e9e de lecture estim\u00e9e":"5 minutes"},"schema":{"@context":"https:\/\/schema.org","@graph":[{"@type":"Article","@id":"https:\/\/www.farmtocafeteriacanada.ca\/fr\/2021\/03\/les-inscriptions-sont-lancees-pour-la-campagne-de-financement-ecoles-enracinees-coordonnee-par-equiterre\/#article","isPartOf":{"@id":"https:\/\/www.farmtocafeteriacanada.ca\/fr\/2021\/03\/les-inscriptions-sont-lancees-pour-la-campagne-de-financement-ecoles-enracinees-coordonnee-par-equiterre\/"},"author":{"name":"F2CC admin","@id":"https:\/\/www.farmtocafeteriacanada.ca\/#\/schema\/person\/03c2a359a7f0c99b895e08c1e7056708"},"headline":"Les inscriptions sont lanc\u00e9es pour la campagne de financement \u00c9coles enracin\u00e9es, coordonn\u00e9e par \u00c9quiterre!","datePublished":"2021-03-17T21:59:15+00:00","dateModified":"2021-03-17T22:00:17+00:00","mainEntityOfPage":{"@id":"https:\/\/www.farmtocafeteriacanada.ca\/fr\/2021\/03\/les-inscriptions-sont-lancees-pour-la-campagne-de-financement-ecoles-enracinees-coordonnee-par-equiterre\/"},"wordCount":876,"publisher":{"@id":"https:\/\/www.farmtocafeteriacanada.ca\/#organization"},"image":{"@id":"https:\/\/www.farmtocafeteriacanada.ca\/fr\/2021\/03\/les-inscriptions-sont-lancees-pour-la-campagne-de-financement-ecoles-enracinees-coordonnee-par-equiterre\/#primaryimage"},"thumbnailUrl":"https:\/\/www.farmtocafeteriacanada.ca\/wp-content\/uploads\/Equiterre1.jpg","keywords":["Aliments locaux","Bar \u00e0 salades","\u00c9cole primaire (M \u00e0 6)","financement","Pr\u00e9scolaire","Qu\u00e9bec"],"articleSection":["Blogue de page d'accueil"],"inLanguage":"fr-FR"},{"@type":"WebPage","@id":"https:\/\/www.farmtocafeteriacanada.ca\/fr\/2021\/03\/les-inscriptions-sont-lancees-pour-la-campagne-de-financement-ecoles-enracinees-coordonnee-par-equiterre\/","url":"https:\/\/www.farmtocafeteriacanada.ca\/fr\/2021\/03\/les-inscriptions-sont-lancees-pour-la-campagne-de-financement-ecoles-enracinees-coordonnee-par-equiterre\/","name":"Les inscriptions sont lanc\u00e9es pour la campagne de financement \u00c9coles enracin\u00e9es, coordonn\u00e9e par \u00c9quiterre! - Farm to Cafeteria Canada","isPartOf":{"@id":"https:\/\/www.farmtocafeteriacanada.ca\/#website"},"primaryImageOfPage":{"@id":"https:\/\/www.farmtocafeteriacanada.ca\/fr\/2021\/03\/les-inscriptions-sont-lancees-pour-la-campagne-de-financement-ecoles-enracinees-coordonnee-par-equiterre\/#primaryimage"},"image":{"@id":"https:\/\/www.farmtocafeteriacanada.ca\/fr\/2021\/03\/les-inscriptions-sont-lancees-pour-la-campagne-de-financement-ecoles-enracinees-coordonnee-par-equiterre\/#primaryimage"},"thumbnailUrl":"https:\/\/www.farmtocafeteriacanada.ca\/wp-content\/uploads\/Equiterre1.jpg","datePublished":"2021-03-17T21:59:15+00:00","dateModified":"2021-03-17T22:00:17+00:00","breadcrumb":{"@id":"https:\/\/www.farmtocafeteriacanada.ca\/fr\/2021\/03\/les-inscriptions-sont-lancees-pour-la-campagne-de-financement-ecoles-enracinees-coordonnee-par-equiterre\/#breadcrumb"},"inLanguage":"fr-FR","potentialAction":[{"@type":"ReadAction","target":["https:\/\/www.farmtocafeteriacanada.ca\/fr\/2021\/03\/les-inscriptions-sont-lancees-pour-la-campagne-de-financement-ecoles-enracinees-coordonnee-par-equiterre\/"]}]},{"@type":"ImageObject","inLanguage":"fr-FR","@id":"https:\/\/www.farmtocafeteriacanada.ca\/fr\/2021\/03\/les-inscriptions-sont-lancees-pour-la-campagne-de-financement-ecoles-enracinees-coordonnee-par-equiterre\/#primaryimage","url":"https:\/\/www.farmtocafeteriacanada.ca\/wp-content\/uploads\/Equiterre1.jpg","contentUrl":"https:\/\/www.farmtocafeteriacanada.ca\/wp-content\/uploads\/Equiterre1.jpg","width":2500,"height":956},{"@type":"BreadcrumbList","@id":"https:\/\/www.farmtocafeteriacanada.ca\/fr\/2021\/03\/les-inscriptions-sont-lancees-pour-la-campagne-de-financement-ecoles-enracinees-coordonnee-par-equiterre\/#breadcrumb","itemListElement":[{"@type":"ListItem","position":1,"name":"Home","item":"https:\/\/www.farmtocafeteriacanada.ca\/fr\/accueil\/"},{"@type":"ListItem","position":2,"name":"Les inscriptions sont lanc\u00e9es pour la campagne de financement \u00c9coles enracin\u00e9es, coordonn\u00e9e par \u00c9quiterre!"}]},{"@type":"WebSite","@id":"https:\/\/www.farmtocafeteriacanada.ca\/#website","url":"https:\/\/www.farmtocafeteriacanada.ca\/","name":"Farm to Cafeteria Canada","description":"","publisher":{"@id":"https:\/\/www.farmtocafeteriacanada.ca\/#organization"},"potentialAction":[{"@type":"SearchAction","target":{"@type":"EntryPoint","urlTemplate":"https:\/\/www.farmtocafeteriacanada.ca\/?s={search_term_string}"},"query-input":{"@type":"PropertyValueSpecification","valueRequired":true,"valueName":"search_term_string"}}],"inLanguage":"fr-FR"},{"@type":"Organization","@id":"https:\/\/www.farmtocafeteriacanada.ca\/#organization","name":"Farm to Cafeteria Canada","url":"https:\/\/www.farmtocafeteriacanada.ca\/","logo":{"@type":"ImageObject","inLanguage":"fr-FR","@id":"https:\/\/www.farmtocafeteriacanada.ca\/#\/schema\/logo\/image\/","url":"http:\/\/www.farmtocafeteriacanada.ca\/wp-content\/uploads\/2015\/03\/f2cc_logo_en2.png","contentUrl":"http:\/\/www.farmtocafeteriacanada.ca\/wp-content\/uploads\/2015\/03\/f2cc_logo_en2.png","width":3000,"height":476,"caption":"Farm to Cafeteria Canada"},"image":{"@id":"https:\/\/www.farmtocafeteriacanada.ca\/#\/schema\/logo\/image\/"},"sameAs":["https:\/\/www.facebook.com\/groups\/FarmtocafeteriaCanada\/","https:\/\/x.com\/Farm2Cafeteria","https:\/\/www.youtube.com\/channel\/UCQjcYiICtAygShD3IwNsewQ"]},{"@type":"Person","@id":"https:\/\/www.farmtocafeteriacanada.ca\/#\/schema\/person\/03c2a359a7f0c99b895e08c1e7056708","name":"F2CC admin","image":{"@type":"ImageObject","inLanguage":"fr-FR","@id":"https:\/\/www.farmtocafeteriacanada.ca\/#\/schema\/person\/image\/","url":"https:\/\/secure.gravatar.com\/avatar\/c1ddaee9a55673d852314381577bb8198996fbef53c8e2320536bf543b7712b4?s=96&d=mm&r=g","contentUrl":"https:\/\/secure.gravatar.com\/avatar\/c1ddaee9a55673d852314381577bb8198996fbef53c8e2320536bf543b7712b4?s=96&d=mm&r=g","caption":"F2CC admin"},"url":"https:\/\/www.farmtocafeteriacanada.ca\/fr\/author\/tracey\/"}]}},"_links":{"self":[{"href":"https:\/\/www.farmtocafeteriacanada.ca\/fr\/wp-json\/wp\/v2\/posts\/23022","targetHints":{"allow":["GET"]}}],"collection":[{"href":"https:\/\/www.farmtocafeteriacanada.ca\/fr\/wp-json\/wp\/v2\/posts"}],"about":[{"href":"https:\/\/www.farmtocafeteriacanada.ca\/fr\/wp-json\/wp\/v2\/types\/post"}],"author":[{"embeddable":true,"href":"https:\/\/www.farmtocafeteriacanada.ca\/fr\/wp-json\/wp\/v2\/users\/3"}],"replies":[{"embeddable":true,"href":"https:\/\/www.farmtocafeteriacanada.ca\/fr\/wp-json\/wp\/v2\/comments?post=23022"}],"version-history":[{"count":2,"href":"https:\/\/www.farmtocafeteriacanada.ca\/fr\/wp-json\/wp\/v2\/posts\/23022\/revisions"}],"predecessor-version":[{"id":23034,"href":"https:\/\/www.farmtocafeteriacanada.ca\/fr\/wp-json\/wp\/v2\/posts\/23022\/revisions\/23034"}],"wp:featuredmedia":[{"embeddable":true,"href":"https:\/\/www.farmtocafeteriacanada.ca\/fr\/wp-json\/wp\/v2\/media\/23023"}],"wp:attachment":[{"href":"https:\/\/www.farmtocafeteriacanada.ca\/fr\/wp-json\/wp\/v2\/media?parent=23022"}],"wp:term":[{"taxonomy":"category","embeddable":true,"href":"https:\/\/www.farmtocafeteriacanada.ca\/fr\/wp-json\/wp\/v2\/categories?post=23022"},{"taxonomy":"post_tag","embeddable":true,"href":"https:\/\/www.farmtocafeteriacanada.ca\/fr\/wp-json\/wp\/v2\/tags?post=23022"}],"curies":[{"name":"wp","href":"https:\/\/api.w.org\/{rel}","templated":true}]}}