
{"id":21448,"date":"2020-10-01T06:00:27","date_gmt":"2020-10-01T11:00:27","guid":{"rendered":"http:\/\/www.farmtocafeteriacanada.ca\/?p=21448"},"modified":"2021-02-05T11:00:18","modified_gmt":"2021-02-05T17:00:18","slug":"rapport-2020-de-la-ferme-a-lecole-le-canada-une-terre-fertile","status":"publish","type":"post","link":"https:\/\/www.farmtocafeteriacanada.ca\/fr\/2020\/10\/rapport-2020-de-la-ferme-a-lecole-le-canada-une-terre-fertile\/","title":{"rendered":"Rapport 2020 De la ferme \u00e0 l\u2019\u00e9cole : le Canada, une terre fertile!"},"content":{"rendered":"<h4 class=\"p1\"><span class=\"s1\" style=\"color: #00938b;\"><b>Acc\u00e9dez aux histoires, ressources et retomb\u00e9es de l\u2019initiative<\/b><\/span><\/h4>\n<h5 class=\"p1\"><span class=\"s1\">Le Mois De la ferme \u00e0 l\u2019\u00e9cole a lieu en octobre et cette ann\u00e9e, nous c\u00e9l\u00e9brons les retomb\u00e9es du mouvement de la ferme \u00e0 l\u2019\u00e9cole \u00e0 la grandeur du pays.<\/span><\/h5>\n<p class=\"p1\"><span class=\"s1\">Nous savons que cette ann\u00e9e scolaire ne ressemble \u00e0 nulle autre et que les \u00e9coles font de leur mieux pour s\u2019adapter de bien des fa\u00e7ons. Nous profitons de l\u2019occasion pour souligner les r\u00e9ussites du mouvement de la ferme \u00e0 l\u2019\u00e9cole et vous proposer des pistes afin que vous puissiez poursuivre ce travail quand la situation le permettra.<\/span><\/p>\n<p class=\"p1\"><span class=\"s1\">En ce d\u00e9but d\u2019octobre, nous sommes incroyablement fiers de vous pr\u00e9senter le <i>Rapport 2020 De la ferme \u00e0 l\u2019\u00e9cole\u00a0: le Canada, une terre fertile!<\/i> <a href=\"https:\/\/www.farmtocafeteriacanada.ca\/fr\/notre-impact\/de-la-ferme-a-lecole-le-canada-une-terre-fertile-rapport-2020\/\" target=\"_blank\" rel=\"noopener noreferrer\">Ce rapport interactif<\/a><\/span><span class=\"s1\">\u00a0met en \u00e9vidence les retomb\u00e9es de la premi\u00e8re initiative nationale canadienne de la ferme \u00e0 l\u2019\u00e9cole pour les communaut\u00e9s scolaires, c\u00e9l\u00e8bre les champions gr\u00e2ce auxquels <i>Le Canada, une terre fertile!<\/i> a \u00e9t\u00e9 possible et raconte les fructueuses initiatives de la ferme \u00e0 l\u2019\u00e9cole en cours dans des communaut\u00e9s partout au Canada.<\/span><\/p>\n<p class=\"p1\"><span class=\"s1\">Nous savons qu\u2019en lisant ce rapport, vous aurez envie de continuer \u00e0 amplifier le mouvement de la ferme \u00e0 l\u2019\u00e9cole afin que les aliments sains locaux soient plus pr\u00e9sents dans l\u2019esprit et dans l\u2019assiette des \u00e9l\u00e8ves de votre communaut\u00e9.<\/span><\/p>\n<p class=\"p1\"><span class=\"s1\">De septembre 2016 \u00e0 juin 2020, 86 \u00e9coles et 10 campus ont particip\u00e9 \u00e0 l\u2019initiative <i>Le Canada, une terre fertile!<\/i> Les \u00e9coles ont re\u00e7u des bourses pouvant atteindre 10\u00a0000\u00a0$ pour ex\u00e9cuter des programmes de bar \u00e0 salades de la ferme \u00e0 l\u2019\u00e9cole. Les \u00e9l\u00e8ves ont mang\u00e9 des aliments sains et locaux, particip\u00e9 \u00e0 des activit\u00e9s pratiques de litt\u00e9ratie alimentaire et nou\u00e9 des liens avec des fournisseurs d\u2019aliments locaux, des agriculteurs, des chefs, des gardiens du savoir, des professionnels de la sant\u00e9 publique et de nombreux autres partenaires communautaires.<\/span><\/p>\n<p class=\"p1\"><span class=\"s1\">Dans le rapport, vous trouverez\u00a0: <\/span><\/p>\n<ul>\n<li>\n<p class=\"p1\"><span class=\"s1\">des liens menant \u00e0 <a href=\"\/?page_id=10832\" target=\"_blank\" rel=\"noopener noreferrer\">10 documents pratiques<\/a><\/span><span class=\"s1\">\u00a0que nous avons con\u00e7us pour appuyer les initiatives de la ferme \u00e0 l\u2019\u00e9cole, y compris le guide <a href=\"https:\/\/www.farmtocafeteriacanada.ca\/fr\/2019\/05\/les-cercles-dapprentissage-de-la-ferme-a-lecole\/\" target=\"_blank\" rel=\"noopener noreferrer\"><i>Cercles d\u2019apprentissage De la ferme \u00e0 l\u2019\u00e9cole<\/i><\/a><\/span><span class=\"s1\">\u00a0et l\u2019\u00e9tude de cas <a href=\"https:\/\/www.farmtocafeteriacanada.ca\/fr\/2020\/06\/les-bars-a-salades-pour-manger-local-a-lecole\/\" target=\"_blank\" rel=\"noopener noreferrer\"><i>La reconnaissance de l\u2019approvisionnement local dans neuf \u00e9coles du Qu\u00e9bec<\/i><\/a><\/span><span class=\"s1\">;<\/span><\/p>\n<\/li>\n<li>\n<p class=\"p1\"><span class=\"s1\">un aper\u00e7u des r\u00e9sultats de la toute premi\u00e8re \u00e9valuation compl\u00e8te des programmes de la ferme \u00e0 l\u2019\u00e9cole au Canada.<br \/>\nEn bref :<\/span><\/p>\n<ul>\n<li class=\"p1\"><strong>96 % des \u00e9coles<\/strong> indiquent avoir vu augmenter la consommation d\u2019aliments sains chez leurs \u00e9l\u00e8ves;<\/li>\n<li class=\"p1\"><strong>95 % des \u00e9coles<\/strong> indiquent que leurs \u00e9l\u00e8ves sont mieux sensibilis\u00e9s et en connaissent plus sur le jardinage, l\u2019agriculture et l\u2019environnement;<\/li>\n<li class=\"p1\"><strong>91 % des \u00e9coles<\/strong> se reconnaissent comme chefs de file, de pair avec d\u2019autres \u00e9tablissements, en mati\u00e8re d\u2019approvisionnement en aliments sains, locaux et durables; et<\/li>\n<li class=\"p1\"><strong>87 % des \u00e9coles<\/strong> indiquent que le bar \u00e0 salades a rehauss\u00e9 le sentiment de dynamisme et d\u2019enthousiasme \u00e0 l\u2019\u00e9cole;<\/li>\n<\/ul>\n<\/li>\n<li class=\"p2\">\n<p class=\"p1\"><span class=\"s1\">une s\u00e9rie de feuilles de renseignements <a href=\"https:\/\/www.farmtocafeteriacanada.ca\/fr\/2020\/10\/le-canada-une-terre-fertile-rapport-2020\/\" target=\"_blank\" rel=\"noopener noreferrer\">partageables<\/a><\/span><span class=\"s1\">\u00a0qui communiquent les retomb\u00e9es des programmes de la ferme \u00e0 l\u2019\u00e9cole et que vous pouvez utiliser afin d\u2019obtenir un soutien pour vos activit\u00e9s de la ferme \u00e0 l\u2019\u00e9cole.<\/span><\/p>\n<\/li>\n<\/ul>\n<blockquote>\n<p class=\"p1\"><span class=\"s1\"><i>\u00ab Nous savions d\u00e9j\u00e0 que le bar \u00e0 salades serait un excellent programme de repas \u00e0 offrir aux \u00e9l\u00e8ves et au personnel de l\u2019\u00e9cole Robb Road, mais ce qui nous a surpris, c\u2019est \u00e0 quel point les enfants \u00e9taient contents de remplir leur assiette de l\u00e9gumes!\u00a0\u00bb \u2013 coordonnateur du bar \u00e0 salades d\u2019une \u00e9cole primaire<\/i><\/span><\/p>\n<\/blockquote>\n<p class=\"p1\"><span class=\"s1\">Si le rapport c\u00e9l\u00e8bre bien les r\u00e9alisations de l\u2019initiative <i>Le Canada, une terre fertile!<\/i>, ce sont les membres des \u00e9quipes-\u00e9coles qui expriment le mieux son incidence. <a href=\"https:\/\/www.youtube.com\/watch?v=g1BZr4O8bpc&amp;feature=youtu.be\" target=\"_blank\" rel=\"noopener noreferrer\"><span class=\"s2\">Ici<\/span><\/a>, V\u00e9ronique Saint-Germain, technicienne responsable du service de garde \u00e0 l\u2019\u00e9cole Saint-Denis, \u00e0 Saint-Denis-sur-Richelieu, parle des aspects positifs du bar \u00e0 salades, notamment de l\u2019enthousiasme, de l\u2019engagement et du sentiment d\u2019appartenance qu\u2019il a g\u00e9n\u00e9r\u00e9s.<\/span><\/p>\n<p class=\"p2\"><span class=\"s1\">Le rapport <i>Le Canada, une terre fertile!<\/i> est beaucoup plus qu\u2019une r\u00e9trospective. Il raconte l\u2019effort concert\u00e9 men\u00e9 pour amplifier le mouvement de la ferme \u00e0 l\u2019\u00e9cole au Canada au cours des trois derni\u00e8res ann\u00e9es et les nombreux jalons d\u00e9cisifs franchis en cours de route. Nous sommes heureux de vous faire part de cette histoire et de faciliter l\u2019acc\u00e8s des champions du mouvement de la ferme \u00e0 l\u2019\u00e9cole aux ressources et aux r\u00e9sultats d\u2019\u00e9valuation. Nous savons que plus d\u2019\u00e9coles et de campus pourront ainsi joindre et amplifier le mouvement de la ferme \u00e0 l\u2019\u00e9cole.<\/span><\/p>\n<p class=\"p2\"><strong><span class=\"s1\">Nous esp\u00e9rons que vous aimerez le rapport. Veuillez le distribuer, ainsi que les ressources qui y sont d\u00e9crites, aux personnes et aux organismes qui sont aussi passionn\u00e9s que vous pour la cr\u00e9ation d\u2019un avenir o\u00f9 chaque enfant, chaque agriculteur et chaque communaut\u00e9 d\u00e9couvre les joies de la ferme \u00e0 l\u2019\u00e9cole.<\/span><\/strong><\/p>\n<p style=\"text-align: center;\"><a class=\"gdlr-core-button gdlr-core-button-shortcode  gdlr-core-button-gradient gdlr-core-button-no-border\" href=\"https:\/\/www.farmtocafeteriacanada.ca\/fr\/de-la-ferme-a-lecole-le-canada-une-terre-fertile-rapport-2020\/\" target=\"_blank\"  style=\"margin-right: 20px;\"  ><span class=\"gdlr-core-content\"  >De la ferme \u00e0 l'\u00e9cole : le Canada, une Terri fertile! Rapport 2020<\/span><\/a><\/p>\n","protected":false},"excerpt":{"rendered":"<p>Acc\u00e9dez aux histoires, ressources et retomb\u00e9es de l\u2019initiative Le Mois De la ferme \u00e0 l\u2019\u00e9cole a lieu en octobre et cette ann\u00e9e, nous c\u00e9l\u00e9brons les retomb\u00e9es du mouvement de la ferme \u00e0 l\u2019\u00e9cole \u00e0 la grandeur du pays. Nous savons que cette ann\u00e9e scolaire ne ressemble \u00e0 nulle autre et que les \u00e9coles font de [&hellip;]<\/p>\n","protected":false},"author":3,"featured_media":21438,"comment_status":"closed","ping_status":"open","sticky":false,"template":"","format":"standard","meta":{"_acf_changed":false,"_exactmetrics_skip_tracking":false,"_exactmetrics_sitenote_active":false,"_exactmetrics_sitenote_note":"","_exactmetrics_sitenote_category":0,"footnotes":""},"categories":[254,78,79,225,29,351,279,388],"tags":[327,193,337,342,258],"class_list":["post-21448","post","type-post","status-publish","format-standard","has-post-thumbnail","hentry","category-blogue-de-page-daccueil","category-de_la_ferme_a_lecole","category-de_la_ferme_aux_campus","category-f2s-subventions","category-francais","category-le-canada-une-terre-fertile","category-nouvelles-de-la-ferme-a-la-cafeteria-canada","category-resource-centre-evaluation-impacts","tag-apprentissage-pratique","tag-canada-fr","tag-evaluation-fr","tag-ressource-pratique","tag-salad-bar"],"acf":[],"yoast_head":"<!-- This site is optimized with the Yoast SEO plugin v26.7 - https:\/\/yoast.com\/wordpress\/plugins\/seo\/ -->\n<title>Rapport 2020 De la ferme \u00e0 l\u2019\u00e9cole : le Canada, une terre fertile! - Farm to Cafeteria Canada<\/title>\n<meta name=\"robots\" content=\"index, follow, max-snippet:-1, max-image-preview:large, max-video-preview:-1\" \/>\n<link rel=\"canonical\" href=\"https:\/\/www.farmtocafeteriacanada.ca\/fr\/2020\/10\/rapport-2020-de-la-ferme-a-lecole-le-canada-une-terre-fertile\/\" \/>\n<meta property=\"og:locale\" content=\"fr_FR\" \/>\n<meta property=\"og:type\" content=\"article\" \/>\n<meta property=\"og:title\" content=\"Rapport 2020 De la ferme \u00e0 l\u2019\u00e9cole : le Canada, une terre fertile! - Farm to Cafeteria Canada\" \/>\n<meta property=\"og:description\" content=\"Acc\u00e9dez aux histoires, ressources et retomb\u00e9es de l\u2019initiative Le Mois De la ferme \u00e0 l\u2019\u00e9cole a lieu en octobre et cette ann\u00e9e, nous c\u00e9l\u00e9brons les retomb\u00e9es du mouvement de la ferme \u00e0 l\u2019\u00e9cole \u00e0 la grandeur du pays. Nous savons que cette ann\u00e9e scolaire ne ressemble \u00e0 nulle autre et que les \u00e9coles font de [&hellip;]\" \/>\n<meta property=\"og:url\" content=\"https:\/\/www.farmtocafeteriacanada.ca\/fr\/2020\/10\/rapport-2020-de-la-ferme-a-lecole-le-canada-une-terre-fertile\/\" \/>\n<meta property=\"og:site_name\" content=\"Farm to Cafeteria Canada\" \/>\n<meta property=\"article:publisher\" content=\"https:\/\/www.facebook.com\/groups\/FarmtocafeteriaCanada\/\" \/>\n<meta property=\"article:published_time\" content=\"2020-10-01T11:00:27+00:00\" \/>\n<meta property=\"article:modified_time\" content=\"2021-02-05T17:00:18+00:00\" \/>\n<meta property=\"og:image\" content=\"https:\/\/www.farmtocafeteriacanada.ca\/wp-content\/uploads\/2020_f2scdi_report_cover_fr..png\" \/>\n\t<meta property=\"og:image:width\" content=\"1286\" \/>\n\t<meta property=\"og:image:height\" content=\"496\" \/>\n\t<meta property=\"og:image:type\" content=\"image\/png\" \/>\n<meta name=\"author\" content=\"F2CC admin\" \/>\n<meta name=\"twitter:card\" content=\"summary_large_image\" \/>\n<meta name=\"twitter:creator\" content=\"@Farm2Cafeteria\" \/>\n<meta name=\"twitter:site\" content=\"@Farm2Cafeteria\" \/>\n<meta name=\"twitter:label1\" content=\"\u00c9crit par\" \/>\n\t<meta name=\"twitter:data1\" content=\"F2CC admin\" \/>\n\t<meta name=\"twitter:label2\" content=\"Dur\u00e9e de lecture estim\u00e9e\" \/>\n\t<meta name=\"twitter:data2\" content=\"4 minutes\" \/>\n<script type=\"application\/ld+json\" class=\"yoast-schema-graph\">{\"@context\":\"https:\/\/schema.org\",\"@graph\":[{\"@type\":\"Article\",\"@id\":\"https:\/\/www.farmtocafeteriacanada.ca\/fr\/2020\/10\/rapport-2020-de-la-ferme-a-lecole-le-canada-une-terre-fertile\/#article\",\"isPartOf\":{\"@id\":\"https:\/\/www.farmtocafeteriacanada.ca\/fr\/2020\/10\/rapport-2020-de-la-ferme-a-lecole-le-canada-une-terre-fertile\/\"},\"author\":{\"name\":\"F2CC admin\",\"@id\":\"https:\/\/www.farmtocafeteriacanada.ca\/#\/schema\/person\/03c2a359a7f0c99b895e08c1e7056708\"},\"headline\":\"Rapport 2020 De la ferme \u00e0 l\u2019\u00e9cole : le Canada, une terre fertile!\",\"datePublished\":\"2020-10-01T11:00:27+00:00\",\"dateModified\":\"2021-02-05T17:00:18+00:00\",\"mainEntityOfPage\":{\"@id\":\"https:\/\/www.farmtocafeteriacanada.ca\/fr\/2020\/10\/rapport-2020-de-la-ferme-a-lecole-le-canada-une-terre-fertile\/\"},\"wordCount\":843,\"publisher\":{\"@id\":\"https:\/\/www.farmtocafeteriacanada.ca\/#organization\"},\"image\":{\"@id\":\"https:\/\/www.farmtocafeteriacanada.ca\/fr\/2020\/10\/rapport-2020-de-la-ferme-a-lecole-le-canada-une-terre-fertile\/#primaryimage\"},\"thumbnailUrl\":\"https:\/\/www.farmtocafeteriacanada.ca\/wp-content\/uploads\/2020_f2scdi_report_cover_fr..png\",\"keywords\":[\"Apprentissage pratique\",\"Canada\",\"\u00c9valuation\",\"Ressource pratique\",\"Salad Bar\"],\"articleSection\":[\"Blogue de page d'accueil\",\"De la ferme \u00e0 l\u2019\u00e9cole\",\"De la ferme aux campus\",\"F2S Subventions\",\"Fran\u00e7ais\",\"Le Canada une terre fertile\",\"Nouvelles De la ferme \u00e0 la caf\u00e9t\u00e9ria Canada\",\"Resource Centre: Evaluation and Impacts\"],\"inLanguage\":\"fr-FR\"},{\"@type\":\"WebPage\",\"@id\":\"https:\/\/www.farmtocafeteriacanada.ca\/fr\/2020\/10\/rapport-2020-de-la-ferme-a-lecole-le-canada-une-terre-fertile\/\",\"url\":\"https:\/\/www.farmtocafeteriacanada.ca\/fr\/2020\/10\/rapport-2020-de-la-ferme-a-lecole-le-canada-une-terre-fertile\/\",\"name\":\"Rapport 2020 De la ferme \u00e0 l\u2019\u00e9cole : le Canada, une terre fertile! - Farm to Cafeteria Canada\",\"isPartOf\":{\"@id\":\"https:\/\/www.farmtocafeteriacanada.ca\/#website\"},\"primaryImageOfPage\":{\"@id\":\"https:\/\/www.farmtocafeteriacanada.ca\/fr\/2020\/10\/rapport-2020-de-la-ferme-a-lecole-le-canada-une-terre-fertile\/#primaryimage\"},\"image\":{\"@id\":\"https:\/\/www.farmtocafeteriacanada.ca\/fr\/2020\/10\/rapport-2020-de-la-ferme-a-lecole-le-canada-une-terre-fertile\/#primaryimage\"},\"thumbnailUrl\":\"https:\/\/www.farmtocafeteriacanada.ca\/wp-content\/uploads\/2020_f2scdi_report_cover_fr..png\",\"datePublished\":\"2020-10-01T11:00:27+00:00\",\"dateModified\":\"2021-02-05T17:00:18+00:00\",\"breadcrumb\":{\"@id\":\"https:\/\/www.farmtocafeteriacanada.ca\/fr\/2020\/10\/rapport-2020-de-la-ferme-a-lecole-le-canada-une-terre-fertile\/#breadcrumb\"},\"inLanguage\":\"fr-FR\",\"potentialAction\":[{\"@type\":\"ReadAction\",\"target\":[\"https:\/\/www.farmtocafeteriacanada.ca\/fr\/2020\/10\/rapport-2020-de-la-ferme-a-lecole-le-canada-une-terre-fertile\/\"]}]},{\"@type\":\"ImageObject\",\"inLanguage\":\"fr-FR\",\"@id\":\"https:\/\/www.farmtocafeteriacanada.ca\/fr\/2020\/10\/rapport-2020-de-la-ferme-a-lecole-le-canada-une-terre-fertile\/#primaryimage\",\"url\":\"https:\/\/www.farmtocafeteriacanada.ca\/wp-content\/uploads\/2020_f2scdi_report_cover_fr..png\",\"contentUrl\":\"https:\/\/www.farmtocafeteriacanada.ca\/wp-content\/uploads\/2020_f2scdi_report_cover_fr..png\",\"width\":1286,\"height\":496},{\"@type\":\"BreadcrumbList\",\"@id\":\"https:\/\/www.farmtocafeteriacanada.ca\/fr\/2020\/10\/rapport-2020-de-la-ferme-a-lecole-le-canada-une-terre-fertile\/#breadcrumb\",\"itemListElement\":[{\"@type\":\"ListItem\",\"position\":1,\"name\":\"Home\",\"item\":\"https:\/\/www.farmtocafeteriacanada.ca\/fr\/accueil\/\"},{\"@type\":\"ListItem\",\"position\":2,\"name\":\"Rapport 2020 De la ferme \u00e0 l\u2019\u00e9cole : le Canada, une terre fertile!\"}]},{\"@type\":\"WebSite\",\"@id\":\"https:\/\/www.farmtocafeteriacanada.ca\/#website\",\"url\":\"https:\/\/www.farmtocafeteriacanada.ca\/\",\"name\":\"Farm to Cafeteria Canada\",\"description\":\"\",\"publisher\":{\"@id\":\"https:\/\/www.farmtocafeteriacanada.ca\/#organization\"},\"potentialAction\":[{\"@type\":\"SearchAction\",\"target\":{\"@type\":\"EntryPoint\",\"urlTemplate\":\"https:\/\/www.farmtocafeteriacanada.ca\/?s={search_term_string}\"},\"query-input\":{\"@type\":\"PropertyValueSpecification\",\"valueRequired\":true,\"valueName\":\"search_term_string\"}}],\"inLanguage\":\"fr-FR\"},{\"@type\":\"Organization\",\"@id\":\"https:\/\/www.farmtocafeteriacanada.ca\/#organization\",\"name\":\"Farm to Cafeteria Canada\",\"url\":\"https:\/\/www.farmtocafeteriacanada.ca\/\",\"logo\":{\"@type\":\"ImageObject\",\"inLanguage\":\"fr-FR\",\"@id\":\"https:\/\/www.farmtocafeteriacanada.ca\/#\/schema\/logo\/image\/\",\"url\":\"http:\/\/www.farmtocafeteriacanada.ca\/wp-content\/uploads\/2015\/03\/f2cc_logo_en2.png\",\"contentUrl\":\"http:\/\/www.farmtocafeteriacanada.ca\/wp-content\/uploads\/2015\/03\/f2cc_logo_en2.png\",\"width\":3000,\"height\":476,\"caption\":\"Farm to Cafeteria Canada\"},\"image\":{\"@id\":\"https:\/\/www.farmtocafeteriacanada.ca\/#\/schema\/logo\/image\/\"},\"sameAs\":[\"https:\/\/www.facebook.com\/groups\/FarmtocafeteriaCanada\/\",\"https:\/\/x.com\/Farm2Cafeteria\",\"https:\/\/www.youtube.com\/channel\/UCQjcYiICtAygShD3IwNsewQ\"]},{\"@type\":\"Person\",\"@id\":\"https:\/\/www.farmtocafeteriacanada.ca\/#\/schema\/person\/03c2a359a7f0c99b895e08c1e7056708\",\"name\":\"F2CC admin\",\"image\":{\"@type\":\"ImageObject\",\"inLanguage\":\"fr-FR\",\"@id\":\"https:\/\/www.farmtocafeteriacanada.ca\/#\/schema\/person\/image\/\",\"url\":\"https:\/\/secure.gravatar.com\/avatar\/c1ddaee9a55673d852314381577bb8198996fbef53c8e2320536bf543b7712b4?s=96&d=mm&r=g\",\"contentUrl\":\"https:\/\/secure.gravatar.com\/avatar\/c1ddaee9a55673d852314381577bb8198996fbef53c8e2320536bf543b7712b4?s=96&d=mm&r=g\",\"caption\":\"F2CC admin\"},\"url\":\"https:\/\/www.farmtocafeteriacanada.ca\/fr\/author\/tracey\/\"}]}<\/script>\n<!-- \/ Yoast SEO plugin. -->","yoast_head_json":{"title":"Rapport 2020 De la ferme \u00e0 l\u2019\u00e9cole : le Canada, une terre fertile! - Farm to Cafeteria Canada","robots":{"index":"index","follow":"follow","max-snippet":"max-snippet:-1","max-image-preview":"max-image-preview:large","max-video-preview":"max-video-preview:-1"},"canonical":"https:\/\/www.farmtocafeteriacanada.ca\/fr\/2020\/10\/rapport-2020-de-la-ferme-a-lecole-le-canada-une-terre-fertile\/","og_locale":"fr_FR","og_type":"article","og_title":"Rapport 2020 De la ferme \u00e0 l\u2019\u00e9cole : le Canada, une terre fertile! - Farm to Cafeteria Canada","og_description":"Acc\u00e9dez aux histoires, ressources et retomb\u00e9es de l\u2019initiative Le Mois De la ferme \u00e0 l\u2019\u00e9cole a lieu en octobre et cette ann\u00e9e, nous c\u00e9l\u00e9brons les retomb\u00e9es du mouvement de la ferme \u00e0 l\u2019\u00e9cole \u00e0 la grandeur du pays. Nous savons que cette ann\u00e9e scolaire ne ressemble \u00e0 nulle autre et que les \u00e9coles font de [&hellip;]","og_url":"https:\/\/www.farmtocafeteriacanada.ca\/fr\/2020\/10\/rapport-2020-de-la-ferme-a-lecole-le-canada-une-terre-fertile\/","og_site_name":"Farm to Cafeteria Canada","article_publisher":"https:\/\/www.facebook.com\/groups\/FarmtocafeteriaCanada\/","article_published_time":"2020-10-01T11:00:27+00:00","article_modified_time":"2021-02-05T17:00:18+00:00","og_image":[{"width":1286,"height":496,"url":"https:\/\/www.farmtocafeteriacanada.ca\/wp-content\/uploads\/2020_f2scdi_report_cover_fr..png","type":"image\/png"}],"author":"F2CC admin","twitter_card":"summary_large_image","twitter_creator":"@Farm2Cafeteria","twitter_site":"@Farm2Cafeteria","twitter_misc":{"\u00c9crit par":"F2CC admin","Dur\u00e9e de lecture estim\u00e9e":"4 minutes"},"schema":{"@context":"https:\/\/schema.org","@graph":[{"@type":"Article","@id":"https:\/\/www.farmtocafeteriacanada.ca\/fr\/2020\/10\/rapport-2020-de-la-ferme-a-lecole-le-canada-une-terre-fertile\/#article","isPartOf":{"@id":"https:\/\/www.farmtocafeteriacanada.ca\/fr\/2020\/10\/rapport-2020-de-la-ferme-a-lecole-le-canada-une-terre-fertile\/"},"author":{"name":"F2CC admin","@id":"https:\/\/www.farmtocafeteriacanada.ca\/#\/schema\/person\/03c2a359a7f0c99b895e08c1e7056708"},"headline":"Rapport 2020 De la ferme \u00e0 l\u2019\u00e9cole : le Canada, une terre fertile!","datePublished":"2020-10-01T11:00:27+00:00","dateModified":"2021-02-05T17:00:18+00:00","mainEntityOfPage":{"@id":"https:\/\/www.farmtocafeteriacanada.ca\/fr\/2020\/10\/rapport-2020-de-la-ferme-a-lecole-le-canada-une-terre-fertile\/"},"wordCount":843,"publisher":{"@id":"https:\/\/www.farmtocafeteriacanada.ca\/#organization"},"image":{"@id":"https:\/\/www.farmtocafeteriacanada.ca\/fr\/2020\/10\/rapport-2020-de-la-ferme-a-lecole-le-canada-une-terre-fertile\/#primaryimage"},"thumbnailUrl":"https:\/\/www.farmtocafeteriacanada.ca\/wp-content\/uploads\/2020_f2scdi_report_cover_fr..png","keywords":["Apprentissage pratique","Canada","\u00c9valuation","Ressource pratique","Salad Bar"],"articleSection":["Blogue de page d'accueil","De la ferme \u00e0 l\u2019\u00e9cole","De la ferme aux campus","F2S Subventions","Fran\u00e7ais","Le Canada une terre fertile","Nouvelles De la ferme \u00e0 la caf\u00e9t\u00e9ria Canada","Resource Centre: Evaluation and Impacts"],"inLanguage":"fr-FR"},{"@type":"WebPage","@id":"https:\/\/www.farmtocafeteriacanada.ca\/fr\/2020\/10\/rapport-2020-de-la-ferme-a-lecole-le-canada-une-terre-fertile\/","url":"https:\/\/www.farmtocafeteriacanada.ca\/fr\/2020\/10\/rapport-2020-de-la-ferme-a-lecole-le-canada-une-terre-fertile\/","name":"Rapport 2020 De la ferme \u00e0 l\u2019\u00e9cole : le Canada, une terre fertile! - Farm to Cafeteria Canada","isPartOf":{"@id":"https:\/\/www.farmtocafeteriacanada.ca\/#website"},"primaryImageOfPage":{"@id":"https:\/\/www.farmtocafeteriacanada.ca\/fr\/2020\/10\/rapport-2020-de-la-ferme-a-lecole-le-canada-une-terre-fertile\/#primaryimage"},"image":{"@id":"https:\/\/www.farmtocafeteriacanada.ca\/fr\/2020\/10\/rapport-2020-de-la-ferme-a-lecole-le-canada-une-terre-fertile\/#primaryimage"},"thumbnailUrl":"https:\/\/www.farmtocafeteriacanada.ca\/wp-content\/uploads\/2020_f2scdi_report_cover_fr..png","datePublished":"2020-10-01T11:00:27+00:00","dateModified":"2021-02-05T17:00:18+00:00","breadcrumb":{"@id":"https:\/\/www.farmtocafeteriacanada.ca\/fr\/2020\/10\/rapport-2020-de-la-ferme-a-lecole-le-canada-une-terre-fertile\/#breadcrumb"},"inLanguage":"fr-FR","potentialAction":[{"@type":"ReadAction","target":["https:\/\/www.farmtocafeteriacanada.ca\/fr\/2020\/10\/rapport-2020-de-la-ferme-a-lecole-le-canada-une-terre-fertile\/"]}]},{"@type":"ImageObject","inLanguage":"fr-FR","@id":"https:\/\/www.farmtocafeteriacanada.ca\/fr\/2020\/10\/rapport-2020-de-la-ferme-a-lecole-le-canada-une-terre-fertile\/#primaryimage","url":"https:\/\/www.farmtocafeteriacanada.ca\/wp-content\/uploads\/2020_f2scdi_report_cover_fr..png","contentUrl":"https:\/\/www.farmtocafeteriacanada.ca\/wp-content\/uploads\/2020_f2scdi_report_cover_fr..png","width":1286,"height":496},{"@type":"BreadcrumbList","@id":"https:\/\/www.farmtocafeteriacanada.ca\/fr\/2020\/10\/rapport-2020-de-la-ferme-a-lecole-le-canada-une-terre-fertile\/#breadcrumb","itemListElement":[{"@type":"ListItem","position":1,"name":"Home","item":"https:\/\/www.farmtocafeteriacanada.ca\/fr\/accueil\/"},{"@type":"ListItem","position":2,"name":"Rapport 2020 De la ferme \u00e0 l\u2019\u00e9cole : le Canada, une terre fertile!"}]},{"@type":"WebSite","@id":"https:\/\/www.farmtocafeteriacanada.ca\/#website","url":"https:\/\/www.farmtocafeteriacanada.ca\/","name":"Farm to Cafeteria Canada","description":"","publisher":{"@id":"https:\/\/www.farmtocafeteriacanada.ca\/#organization"},"potentialAction":[{"@type":"SearchAction","target":{"@type":"EntryPoint","urlTemplate":"https:\/\/www.farmtocafeteriacanada.ca\/?s={search_term_string}"},"query-input":{"@type":"PropertyValueSpecification","valueRequired":true,"valueName":"search_term_string"}}],"inLanguage":"fr-FR"},{"@type":"Organization","@id":"https:\/\/www.farmtocafeteriacanada.ca\/#organization","name":"Farm to Cafeteria Canada","url":"https:\/\/www.farmtocafeteriacanada.ca\/","logo":{"@type":"ImageObject","inLanguage":"fr-FR","@id":"https:\/\/www.farmtocafeteriacanada.ca\/#\/schema\/logo\/image\/","url":"http:\/\/www.farmtocafeteriacanada.ca\/wp-content\/uploads\/2015\/03\/f2cc_logo_en2.png","contentUrl":"http:\/\/www.farmtocafeteriacanada.ca\/wp-content\/uploads\/2015\/03\/f2cc_logo_en2.png","width":3000,"height":476,"caption":"Farm to Cafeteria Canada"},"image":{"@id":"https:\/\/www.farmtocafeteriacanada.ca\/#\/schema\/logo\/image\/"},"sameAs":["https:\/\/www.facebook.com\/groups\/FarmtocafeteriaCanada\/","https:\/\/x.com\/Farm2Cafeteria","https:\/\/www.youtube.com\/channel\/UCQjcYiICtAygShD3IwNsewQ"]},{"@type":"Person","@id":"https:\/\/www.farmtocafeteriacanada.ca\/#\/schema\/person\/03c2a359a7f0c99b895e08c1e7056708","name":"F2CC admin","image":{"@type":"ImageObject","inLanguage":"fr-FR","@id":"https:\/\/www.farmtocafeteriacanada.ca\/#\/schema\/person\/image\/","url":"https:\/\/secure.gravatar.com\/avatar\/c1ddaee9a55673d852314381577bb8198996fbef53c8e2320536bf543b7712b4?s=96&d=mm&r=g","contentUrl":"https:\/\/secure.gravatar.com\/avatar\/c1ddaee9a55673d852314381577bb8198996fbef53c8e2320536bf543b7712b4?s=96&d=mm&r=g","caption":"F2CC admin"},"url":"https:\/\/www.farmtocafeteriacanada.ca\/fr\/author\/tracey\/"}]}},"_links":{"self":[{"href":"https:\/\/www.farmtocafeteriacanada.ca\/fr\/wp-json\/wp\/v2\/posts\/21448","targetHints":{"allow":["GET"]}}],"collection":[{"href":"https:\/\/www.farmtocafeteriacanada.ca\/fr\/wp-json\/wp\/v2\/posts"}],"about":[{"href":"https:\/\/www.farmtocafeteriacanada.ca\/fr\/wp-json\/wp\/v2\/types\/post"}],"author":[{"embeddable":true,"href":"https:\/\/www.farmtocafeteriacanada.ca\/fr\/wp-json\/wp\/v2\/users\/3"}],"replies":[{"embeddable":true,"href":"https:\/\/www.farmtocafeteriacanada.ca\/fr\/wp-json\/wp\/v2\/comments?post=21448"}],"version-history":[{"count":5,"href":"https:\/\/www.farmtocafeteriacanada.ca\/fr\/wp-json\/wp\/v2\/posts\/21448\/revisions"}],"predecessor-version":[{"id":22337,"href":"https:\/\/www.farmtocafeteriacanada.ca\/fr\/wp-json\/wp\/v2\/posts\/21448\/revisions\/22337"}],"wp:featuredmedia":[{"embeddable":true,"href":"https:\/\/www.farmtocafeteriacanada.ca\/fr\/wp-json\/wp\/v2\/media\/21438"}],"wp:attachment":[{"href":"https:\/\/www.farmtocafeteriacanada.ca\/fr\/wp-json\/wp\/v2\/media?parent=21448"}],"wp:term":[{"taxonomy":"category","embeddable":true,"href":"https:\/\/www.farmtocafeteriacanada.ca\/fr\/wp-json\/wp\/v2\/categories?post=21448"},{"taxonomy":"post_tag","embeddable":true,"href":"https:\/\/www.farmtocafeteriacanada.ca\/fr\/wp-json\/wp\/v2\/tags?post=21448"}],"curies":[{"name":"wp","href":"https:\/\/api.w.org\/{rel}","templated":true}]}}