
{"id":20877,"date":"2017-09-01T10:09:03","date_gmt":"2017-09-01T15:09:03","guid":{"rendered":"http:\/\/www.farmtocafeteriacanada.ca\/?p=20877"},"modified":"2020-08-12T16:47:29","modified_gmt":"2020-08-12T21:47:29","slug":"we-are-growing-more-than-greens-in-our-garden","status":"publish","type":"post","link":"https:\/\/www.farmtocafeteriacanada.ca\/fr\/2017\/09\/we-are-growing-more-than-greens-in-our-garden\/","title":{"rendered":"We Are Growing More Than Greens in Our Garden&#8230;"},"content":{"rendered":"<h6><strong><em>Victoria High School, Victoria, BC<\/em><\/strong><\/h6>\n<p><strong>Victoria High School, in the heart of the Fernwood Community, is Victoria\u2019s oldest school.<\/strong> In fact, our school archives have a photograph of Vic High Students in the early 1900\u2019s working on plots of vegetable gardens.<\/p>\n<p>It is incredible now, as 4 years ago we started to create or rather re-create another school garden with the goal of providing outdoor education on food sustainability and food security for our community. A number of educators at our school supported this project and we work in a community that truly supports local agriculture and urban farming. We also wanted to start sharing with students skills to not only grow their own food but also know how to make healthy choices.<\/p>\n<p>This garden has really grown and developed because of the community and the partnerships that we have. The fence and installation was donated by Tower Fence, whose owner lived on Gladstone street as a child and he willingly donated towards a project that would provide healthy food for students. Then we made a connection with Aaren Topley with the Farm to School Network and our dream to get a salad greens production on site happening began to evolve. He connected us to our first grant with Farm to School BC, where we were able to start building irrigations systems, plantings, teaching about growing food. We connected with City Harvest Coop in Victoria and they were amazing farmers and shared their knowledge of the earth. They taught students how to build a greenhouse, to plant and process salad greens and to build a garden despite the decimating wire worms that we found in our soil! They kept the students positive and learning in practical ways about the day to day life of farming. We served our first salad last school year and from there , we wanted more!<\/p>\n<p>We applied for a grant from the Whole Kids Foundation to get additional supplies to actually create a garden that was much larger in size and one that could actually be a pilot for our school district to show that school grounds can be farms. We wanted to build a partnership with local city farmers and to really provide local food grown on site and serve it in our own salad bar program.<\/p>\n<p>In the fall, we connected with Mason Street Farms- and farmer\/coordinator, Jesse Brown. He has been an incredible champion for this project. He is leading the way into creating our space into a new space of greens!<\/p>\n<p>In the meantime, we purchase gorgeous fresh salad greens and have started serving salads regularly.<\/p>\n<p>Students are deeply involved in this project. In fact, the salad bar program is run by key students in Environmental leadership who work together with students in a Life Skills class to process and prepare the greens, grate, boil, cut and slice beets, carrots, peppers, cucumbers and more! As well as mix together garlic balsamic and olive oil salad dressings. Delicious!<\/p>\n<p>We have a dream to have fresh healthy eating a norm in our school. We also hope that our collaboration with community groups in building our school farm will initiate future building of school gardens and promote food security in our city.<\/p>\n<p>And guess what ? We just got official approval for the expansion of our garden! Vic High Farm is on its way!<\/p>\n","protected":false},"excerpt":{"rendered":"<p>Victoria High School, Victoria, BC Victoria High School, in the heart of the Fernwood Community, is Victoria\u2019s oldest school. In fact, our school archives have a photograph of Vic High Students in the early 1900\u2019s working on plots of vegetable gardens. It is incredible now, as 4 years ago we started to create or rather [&hellip;]<\/p>\n","protected":false},"author":3,"featured_media":20880,"comment_status":"open","ping_status":"open","sticky":false,"template":"","format":"audio","meta":{"_acf_changed":false,"_exactmetrics_skip_tracking":false,"_exactmetrics_sitenote_active":false,"_exactmetrics_sitenote_note":"","_exactmetrics_sitenote_category":0,"footnotes":""},"categories":[78,29,351,191],"tags":[327,324,66,322,321,341,344,323],"class_list":["post-20877","post","type-post","status-publish","format-audio","has-post-thumbnail","hentry","category-de_la_ferme_a_lecole","category-francais","category-le-canada-une-terre-fertile","category-stories_from_the_field-fr","tag-apprentissage-pratique","tag-bar-a-salades","tag-colombie-britannique","tag-cuisiner","tag-cultiver","tag-ecole-secondaire-9-12","tag-histoire","tag-manger","post_format-post-format-audio"],"acf":[],"yoast_head":"<!-- This site is optimized with the Yoast SEO plugin v26.7 - https:\/\/yoast.com\/wordpress\/plugins\/seo\/ -->\n<title>We Are Growing More Than Greens in Our Garden... - Farm to Cafeteria Canada<\/title>\n<meta name=\"robots\" content=\"index, follow, max-snippet:-1, max-image-preview:large, max-video-preview:-1\" \/>\n<link rel=\"canonical\" href=\"https:\/\/www.farmtocafeteriacanada.ca\/2017\/09\/we-are-growing-more-than-greens-in-our-garden\/\" \/>\n<meta property=\"og:locale\" content=\"fr_FR\" \/>\n<meta property=\"og:type\" content=\"article\" \/>\n<meta property=\"og:title\" content=\"We Are Growing More Than Greens in Our Garden... - Farm to Cafeteria Canada\" \/>\n<meta property=\"og:description\" content=\"Victoria High School, Victoria, BC Victoria High School, in the heart of the Fernwood Community, is Victoria\u2019s oldest school. In fact, our school archives have a photograph of Vic High Students in the early 1900\u2019s working on plots of vegetable gardens. It is incredible now, as 4 years ago we started to create or rather [&hellip;]\" \/>\n<meta property=\"og:url\" content=\"https:\/\/www.farmtocafeteriacanada.ca\/2017\/09\/we-are-growing-more-than-greens-in-our-garden\/\" \/>\n<meta property=\"og:site_name\" content=\"Farm to Cafeteria Canada\" \/>\n<meta property=\"article:publisher\" content=\"https:\/\/www.facebook.com\/groups\/FarmtocafeteriaCanada\/\" \/>\n<meta property=\"article:published_time\" content=\"2017-09-01T15:09:03+00:00\" \/>\n<meta property=\"article:modified_time\" content=\"2020-08-12T21:47:29+00:00\" \/>\n<meta property=\"og:image\" content=\"https:\/\/www.farmtocafeteriacanada.ca\/wp-content\/uploads\/2017\/05\/Untitled.jpg\" \/>\n\t<meta property=\"og:image:width\" content=\"384\" \/>\n\t<meta property=\"og:image:height\" content=\"509\" \/>\n\t<meta property=\"og:image:type\" content=\"image\/jpeg\" \/>\n<meta name=\"author\" content=\"F2CC admin\" \/>\n<meta name=\"twitter:card\" content=\"summary_large_image\" \/>\n<meta name=\"twitter:creator\" content=\"@Farm2Cafeteria\" \/>\n<meta name=\"twitter:site\" content=\"@Farm2Cafeteria\" \/>\n<meta name=\"twitter:label1\" content=\"\u00c9crit par\" \/>\n\t<meta name=\"twitter:data1\" content=\"F2CC admin\" \/>\n\t<meta name=\"twitter:label2\" content=\"Dur\u00e9e de lecture estim\u00e9e\" \/>\n\t<meta name=\"twitter:data2\" content=\"3 minutes\" \/>\n<script type=\"application\/ld+json\" class=\"yoast-schema-graph\">{\"@context\":\"https:\/\/schema.org\",\"@graph\":[{\"@type\":\"Article\",\"@id\":\"https:\/\/www.farmtocafeteriacanada.ca\/2017\/09\/we-are-growing-more-than-greens-in-our-garden\/#article\",\"isPartOf\":{\"@id\":\"https:\/\/www.farmtocafeteriacanada.ca\/2017\/09\/we-are-growing-more-than-greens-in-our-garden\/\"},\"author\":{\"name\":\"F2CC admin\",\"@id\":\"https:\/\/www.farmtocafeteriacanada.ca\/#\/schema\/person\/03c2a359a7f0c99b895e08c1e7056708\"},\"headline\":\"We Are Growing More Than Greens in Our Garden&#8230;\",\"datePublished\":\"2017-09-01T15:09:03+00:00\",\"dateModified\":\"2020-08-12T21:47:29+00:00\",\"mainEntityOfPage\":{\"@id\":\"https:\/\/www.farmtocafeteriacanada.ca\/2017\/09\/we-are-growing-more-than-greens-in-our-garden\/\"},\"wordCount\":568,\"commentCount\":0,\"publisher\":{\"@id\":\"https:\/\/www.farmtocafeteriacanada.ca\/#organization\"},\"image\":{\"@id\":\"https:\/\/www.farmtocafeteriacanada.ca\/2017\/09\/we-are-growing-more-than-greens-in-our-garden\/#primaryimage\"},\"thumbnailUrl\":\"https:\/\/www.farmtocafeteriacanada.ca\/wp-content\/uploads\/2017\/05\/Untitled.jpg\",\"keywords\":[\"Apprentissage pratique\",\"Bar \u00e0 salades\",\"Colombie-Britannique\",\"Cuisiner\",\"Cultiver\",\"\u00c9cole secondaire (9-12)\",\"Histoire\",\"Manger\"],\"articleSection\":[\"De la ferme \u00e0 l\u2019\u00e9cole\",\"Fran\u00e7ais\",\"Le Canada une terre fertile\",\"Stories from the field\"],\"inLanguage\":\"fr-FR\",\"potentialAction\":[{\"@type\":\"CommentAction\",\"name\":\"Comment\",\"target\":[\"https:\/\/www.farmtocafeteriacanada.ca\/2017\/09\/we-are-growing-more-than-greens-in-our-garden\/#respond\"]}]},{\"@type\":\"WebPage\",\"@id\":\"https:\/\/www.farmtocafeteriacanada.ca\/2017\/09\/we-are-growing-more-than-greens-in-our-garden\/\",\"url\":\"https:\/\/www.farmtocafeteriacanada.ca\/2017\/09\/we-are-growing-more-than-greens-in-our-garden\/\",\"name\":\"We Are Growing More Than Greens in Our Garden... - Farm to Cafeteria Canada\",\"isPartOf\":{\"@id\":\"https:\/\/www.farmtocafeteriacanada.ca\/#website\"},\"primaryImageOfPage\":{\"@id\":\"https:\/\/www.farmtocafeteriacanada.ca\/2017\/09\/we-are-growing-more-than-greens-in-our-garden\/#primaryimage\"},\"image\":{\"@id\":\"https:\/\/www.farmtocafeteriacanada.ca\/2017\/09\/we-are-growing-more-than-greens-in-our-garden\/#primaryimage\"},\"thumbnailUrl\":\"https:\/\/www.farmtocafeteriacanada.ca\/wp-content\/uploads\/2017\/05\/Untitled.jpg\",\"datePublished\":\"2017-09-01T15:09:03+00:00\",\"dateModified\":\"2020-08-12T21:47:29+00:00\",\"breadcrumb\":{\"@id\":\"https:\/\/www.farmtocafeteriacanada.ca\/2017\/09\/we-are-growing-more-than-greens-in-our-garden\/#breadcrumb\"},\"inLanguage\":\"fr-FR\",\"potentialAction\":[{\"@type\":\"ReadAction\",\"target\":[\"https:\/\/www.farmtocafeteriacanada.ca\/2017\/09\/we-are-growing-more-than-greens-in-our-garden\/\"]}]},{\"@type\":\"ImageObject\",\"inLanguage\":\"fr-FR\",\"@id\":\"https:\/\/www.farmtocafeteriacanada.ca\/2017\/09\/we-are-growing-more-than-greens-in-our-garden\/#primaryimage\",\"url\":\"https:\/\/www.farmtocafeteriacanada.ca\/wp-content\/uploads\/2017\/05\/Untitled.jpg\",\"contentUrl\":\"https:\/\/www.farmtocafeteriacanada.ca\/wp-content\/uploads\/2017\/05\/Untitled.jpg\",\"width\":384,\"height\":509},{\"@type\":\"BreadcrumbList\",\"@id\":\"https:\/\/www.farmtocafeteriacanada.ca\/2017\/09\/we-are-growing-more-than-greens-in-our-garden\/#breadcrumb\",\"itemListElement\":[{\"@type\":\"ListItem\",\"position\":1,\"name\":\"Home\",\"item\":\"https:\/\/www.farmtocafeteriacanada.ca\/fr\/accueil\/\"},{\"@type\":\"ListItem\",\"position\":2,\"name\":\"We Are Growing More Than Greens in Our Garden&#8230;\"}]},{\"@type\":\"WebSite\",\"@id\":\"https:\/\/www.farmtocafeteriacanada.ca\/#website\",\"url\":\"https:\/\/www.farmtocafeteriacanada.ca\/\",\"name\":\"Farm to Cafeteria Canada\",\"description\":\"\",\"publisher\":{\"@id\":\"https:\/\/www.farmtocafeteriacanada.ca\/#organization\"},\"potentialAction\":[{\"@type\":\"SearchAction\",\"target\":{\"@type\":\"EntryPoint\",\"urlTemplate\":\"https:\/\/www.farmtocafeteriacanada.ca\/?s={search_term_string}\"},\"query-input\":{\"@type\":\"PropertyValueSpecification\",\"valueRequired\":true,\"valueName\":\"search_term_string\"}}],\"inLanguage\":\"fr-FR\"},{\"@type\":\"Organization\",\"@id\":\"https:\/\/www.farmtocafeteriacanada.ca\/#organization\",\"name\":\"Farm to Cafeteria Canada\",\"url\":\"https:\/\/www.farmtocafeteriacanada.ca\/\",\"logo\":{\"@type\":\"ImageObject\",\"inLanguage\":\"fr-FR\",\"@id\":\"https:\/\/www.farmtocafeteriacanada.ca\/#\/schema\/logo\/image\/\",\"url\":\"http:\/\/www.farmtocafeteriacanada.ca\/wp-content\/uploads\/2015\/03\/f2cc_logo_en2.png\",\"contentUrl\":\"http:\/\/www.farmtocafeteriacanada.ca\/wp-content\/uploads\/2015\/03\/f2cc_logo_en2.png\",\"width\":3000,\"height\":476,\"caption\":\"Farm to Cafeteria Canada\"},\"image\":{\"@id\":\"https:\/\/www.farmtocafeteriacanada.ca\/#\/schema\/logo\/image\/\"},\"sameAs\":[\"https:\/\/www.facebook.com\/groups\/FarmtocafeteriaCanada\/\",\"https:\/\/x.com\/Farm2Cafeteria\",\"https:\/\/www.youtube.com\/channel\/UCQjcYiICtAygShD3IwNsewQ\"]},{\"@type\":\"Person\",\"@id\":\"https:\/\/www.farmtocafeteriacanada.ca\/#\/schema\/person\/03c2a359a7f0c99b895e08c1e7056708\",\"name\":\"F2CC admin\",\"image\":{\"@type\":\"ImageObject\",\"inLanguage\":\"fr-FR\",\"@id\":\"https:\/\/www.farmtocafeteriacanada.ca\/#\/schema\/person\/image\/\",\"url\":\"https:\/\/secure.gravatar.com\/avatar\/c1ddaee9a55673d852314381577bb8198996fbef53c8e2320536bf543b7712b4?s=96&d=mm&r=g\",\"contentUrl\":\"https:\/\/secure.gravatar.com\/avatar\/c1ddaee9a55673d852314381577bb8198996fbef53c8e2320536bf543b7712b4?s=96&d=mm&r=g\",\"caption\":\"F2CC admin\"},\"url\":\"https:\/\/www.farmtocafeteriacanada.ca\/fr\/author\/tracey\/\"}]}<\/script>\n<!-- \/ Yoast SEO plugin. -->","yoast_head_json":{"title":"We Are Growing More Than Greens in Our Garden... - Farm to Cafeteria Canada","robots":{"index":"index","follow":"follow","max-snippet":"max-snippet:-1","max-image-preview":"max-image-preview:large","max-video-preview":"max-video-preview:-1"},"canonical":"https:\/\/www.farmtocafeteriacanada.ca\/2017\/09\/we-are-growing-more-than-greens-in-our-garden\/","og_locale":"fr_FR","og_type":"article","og_title":"We Are Growing More Than Greens in Our Garden... - Farm to Cafeteria Canada","og_description":"Victoria High School, Victoria, BC Victoria High School, in the heart of the Fernwood Community, is Victoria\u2019s oldest school. In fact, our school archives have a photograph of Vic High Students in the early 1900\u2019s working on plots of vegetable gardens. It is incredible now, as 4 years ago we started to create or rather [&hellip;]","og_url":"https:\/\/www.farmtocafeteriacanada.ca\/2017\/09\/we-are-growing-more-than-greens-in-our-garden\/","og_site_name":"Farm to Cafeteria Canada","article_publisher":"https:\/\/www.facebook.com\/groups\/FarmtocafeteriaCanada\/","article_published_time":"2017-09-01T15:09:03+00:00","article_modified_time":"2020-08-12T21:47:29+00:00","og_image":[{"width":384,"height":509,"url":"https:\/\/www.farmtocafeteriacanada.ca\/wp-content\/uploads\/2017\/05\/Untitled.jpg","type":"image\/jpeg"}],"author":"F2CC admin","twitter_card":"summary_large_image","twitter_creator":"@Farm2Cafeteria","twitter_site":"@Farm2Cafeteria","twitter_misc":{"\u00c9crit par":"F2CC admin","Dur\u00e9e de lecture estim\u00e9e":"3 minutes"},"schema":{"@context":"https:\/\/schema.org","@graph":[{"@type":"Article","@id":"https:\/\/www.farmtocafeteriacanada.ca\/2017\/09\/we-are-growing-more-than-greens-in-our-garden\/#article","isPartOf":{"@id":"https:\/\/www.farmtocafeteriacanada.ca\/2017\/09\/we-are-growing-more-than-greens-in-our-garden\/"},"author":{"name":"F2CC admin","@id":"https:\/\/www.farmtocafeteriacanada.ca\/#\/schema\/person\/03c2a359a7f0c99b895e08c1e7056708"},"headline":"We Are Growing More Than Greens in Our Garden&#8230;","datePublished":"2017-09-01T15:09:03+00:00","dateModified":"2020-08-12T21:47:29+00:00","mainEntityOfPage":{"@id":"https:\/\/www.farmtocafeteriacanada.ca\/2017\/09\/we-are-growing-more-than-greens-in-our-garden\/"},"wordCount":568,"commentCount":0,"publisher":{"@id":"https:\/\/www.farmtocafeteriacanada.ca\/#organization"},"image":{"@id":"https:\/\/www.farmtocafeteriacanada.ca\/2017\/09\/we-are-growing-more-than-greens-in-our-garden\/#primaryimage"},"thumbnailUrl":"https:\/\/www.farmtocafeteriacanada.ca\/wp-content\/uploads\/2017\/05\/Untitled.jpg","keywords":["Apprentissage pratique","Bar \u00e0 salades","Colombie-Britannique","Cuisiner","Cultiver","\u00c9cole secondaire (9-12)","Histoire","Manger"],"articleSection":["De la ferme \u00e0 l\u2019\u00e9cole","Fran\u00e7ais","Le Canada une terre fertile","Stories from the field"],"inLanguage":"fr-FR","potentialAction":[{"@type":"CommentAction","name":"Comment","target":["https:\/\/www.farmtocafeteriacanada.ca\/2017\/09\/we-are-growing-more-than-greens-in-our-garden\/#respond"]}]},{"@type":"WebPage","@id":"https:\/\/www.farmtocafeteriacanada.ca\/2017\/09\/we-are-growing-more-than-greens-in-our-garden\/","url":"https:\/\/www.farmtocafeteriacanada.ca\/2017\/09\/we-are-growing-more-than-greens-in-our-garden\/","name":"We Are Growing More Than Greens in Our Garden... - Farm to Cafeteria Canada","isPartOf":{"@id":"https:\/\/www.farmtocafeteriacanada.ca\/#website"},"primaryImageOfPage":{"@id":"https:\/\/www.farmtocafeteriacanada.ca\/2017\/09\/we-are-growing-more-than-greens-in-our-garden\/#primaryimage"},"image":{"@id":"https:\/\/www.farmtocafeteriacanada.ca\/2017\/09\/we-are-growing-more-than-greens-in-our-garden\/#primaryimage"},"thumbnailUrl":"https:\/\/www.farmtocafeteriacanada.ca\/wp-content\/uploads\/2017\/05\/Untitled.jpg","datePublished":"2017-09-01T15:09:03+00:00","dateModified":"2020-08-12T21:47:29+00:00","breadcrumb":{"@id":"https:\/\/www.farmtocafeteriacanada.ca\/2017\/09\/we-are-growing-more-than-greens-in-our-garden\/#breadcrumb"},"inLanguage":"fr-FR","potentialAction":[{"@type":"ReadAction","target":["https:\/\/www.farmtocafeteriacanada.ca\/2017\/09\/we-are-growing-more-than-greens-in-our-garden\/"]}]},{"@type":"ImageObject","inLanguage":"fr-FR","@id":"https:\/\/www.farmtocafeteriacanada.ca\/2017\/09\/we-are-growing-more-than-greens-in-our-garden\/#primaryimage","url":"https:\/\/www.farmtocafeteriacanada.ca\/wp-content\/uploads\/2017\/05\/Untitled.jpg","contentUrl":"https:\/\/www.farmtocafeteriacanada.ca\/wp-content\/uploads\/2017\/05\/Untitled.jpg","width":384,"height":509},{"@type":"BreadcrumbList","@id":"https:\/\/www.farmtocafeteriacanada.ca\/2017\/09\/we-are-growing-more-than-greens-in-our-garden\/#breadcrumb","itemListElement":[{"@type":"ListItem","position":1,"name":"Home","item":"https:\/\/www.farmtocafeteriacanada.ca\/fr\/accueil\/"},{"@type":"ListItem","position":2,"name":"We Are Growing More Than Greens in Our Garden&#8230;"}]},{"@type":"WebSite","@id":"https:\/\/www.farmtocafeteriacanada.ca\/#website","url":"https:\/\/www.farmtocafeteriacanada.ca\/","name":"Farm to Cafeteria Canada","description":"","publisher":{"@id":"https:\/\/www.farmtocafeteriacanada.ca\/#organization"},"potentialAction":[{"@type":"SearchAction","target":{"@type":"EntryPoint","urlTemplate":"https:\/\/www.farmtocafeteriacanada.ca\/?s={search_term_string}"},"query-input":{"@type":"PropertyValueSpecification","valueRequired":true,"valueName":"search_term_string"}}],"inLanguage":"fr-FR"},{"@type":"Organization","@id":"https:\/\/www.farmtocafeteriacanada.ca\/#organization","name":"Farm to Cafeteria Canada","url":"https:\/\/www.farmtocafeteriacanada.ca\/","logo":{"@type":"ImageObject","inLanguage":"fr-FR","@id":"https:\/\/www.farmtocafeteriacanada.ca\/#\/schema\/logo\/image\/","url":"http:\/\/www.farmtocafeteriacanada.ca\/wp-content\/uploads\/2015\/03\/f2cc_logo_en2.png","contentUrl":"http:\/\/www.farmtocafeteriacanada.ca\/wp-content\/uploads\/2015\/03\/f2cc_logo_en2.png","width":3000,"height":476,"caption":"Farm to Cafeteria Canada"},"image":{"@id":"https:\/\/www.farmtocafeteriacanada.ca\/#\/schema\/logo\/image\/"},"sameAs":["https:\/\/www.facebook.com\/groups\/FarmtocafeteriaCanada\/","https:\/\/x.com\/Farm2Cafeteria","https:\/\/www.youtube.com\/channel\/UCQjcYiICtAygShD3IwNsewQ"]},{"@type":"Person","@id":"https:\/\/www.farmtocafeteriacanada.ca\/#\/schema\/person\/03c2a359a7f0c99b895e08c1e7056708","name":"F2CC admin","image":{"@type":"ImageObject","inLanguage":"fr-FR","@id":"https:\/\/www.farmtocafeteriacanada.ca\/#\/schema\/person\/image\/","url":"https:\/\/secure.gravatar.com\/avatar\/c1ddaee9a55673d852314381577bb8198996fbef53c8e2320536bf543b7712b4?s=96&d=mm&r=g","contentUrl":"https:\/\/secure.gravatar.com\/avatar\/c1ddaee9a55673d852314381577bb8198996fbef53c8e2320536bf543b7712b4?s=96&d=mm&r=g","caption":"F2CC admin"},"url":"https:\/\/www.farmtocafeteriacanada.ca\/fr\/author\/tracey\/"}]}},"_links":{"self":[{"href":"https:\/\/www.farmtocafeteriacanada.ca\/fr\/wp-json\/wp\/v2\/posts\/20877","targetHints":{"allow":["GET"]}}],"collection":[{"href":"https:\/\/www.farmtocafeteriacanada.ca\/fr\/wp-json\/wp\/v2\/posts"}],"about":[{"href":"https:\/\/www.farmtocafeteriacanada.ca\/fr\/wp-json\/wp\/v2\/types\/post"}],"author":[{"embeddable":true,"href":"https:\/\/www.farmtocafeteriacanada.ca\/fr\/wp-json\/wp\/v2\/users\/3"}],"replies":[{"embeddable":true,"href":"https:\/\/www.farmtocafeteriacanada.ca\/fr\/wp-json\/wp\/v2\/comments?post=20877"}],"version-history":[{"count":2,"href":"https:\/\/www.farmtocafeteriacanada.ca\/fr\/wp-json\/wp\/v2\/posts\/20877\/revisions"}],"predecessor-version":[{"id":20879,"href":"https:\/\/www.farmtocafeteriacanada.ca\/fr\/wp-json\/wp\/v2\/posts\/20877\/revisions\/20879"}],"wp:featuredmedia":[{"embeddable":true,"href":"https:\/\/www.farmtocafeteriacanada.ca\/fr\/wp-json\/wp\/v2\/media\/20880"}],"wp:attachment":[{"href":"https:\/\/www.farmtocafeteriacanada.ca\/fr\/wp-json\/wp\/v2\/media?parent=20877"}],"wp:term":[{"taxonomy":"category","embeddable":true,"href":"https:\/\/www.farmtocafeteriacanada.ca\/fr\/wp-json\/wp\/v2\/categories?post=20877"},{"taxonomy":"post_tag","embeddable":true,"href":"https:\/\/www.farmtocafeteriacanada.ca\/fr\/wp-json\/wp\/v2\/tags?post=20877"}],"curies":[{"name":"wp","href":"https:\/\/api.w.org\/{rel}","templated":true}]}}