
{"id":20873,"date":"2017-06-14T14:17:16","date_gmt":"2017-06-14T19:17:16","guid":{"rendered":"http:\/\/www.farmtocafeteriacanada.ca\/?p=20873"},"modified":"2020-08-12T16:46:37","modified_gmt":"2020-08-12T21:46:37","slug":"grandview-grows","status":"publish","type":"post","link":"https:\/\/www.farmtocafeteriacanada.ca\/fr\/2017\/06\/grandview-grows\/","title":{"rendered":"Grandview Grows!"},"content":{"rendered":"<h6><strong><em>Uuqinak&#8217;uuh \u00a0Elementary School, Vancouver, BC<\/em><\/strong><\/h6>\n<p><strong>Grandview \/ Uuqinak\u2019uuh Elementary School is a very special place!<\/strong> This Inner city school in Vancouver, British Columbia is lucky to have a lovely, expansive green space with many large trees, and a well established school garden and our open longhouse structure provides an outdoor teaching space (interrupted by a noisy Skytrain that rumbles by every 4 minutes). When you walk through the front doors, in the main lobby there is a large Coast Salish story pole and at its base there is a circle of comfortable chairs and a low table for community members to gather around. All through the day there is generally group of parents meeting here. Prioritizing Social Emotional as well as physical health are a strong values for the whole school community. Classrooms are generally small allowing for individual needs of the students and teachers are dedicated to creating nurturing and flexible teaching environments (while struggling with limited resources and funding cuts!)<\/p>\n<p>In the surrounding neighborhood there are several government subsidized aboriginal housing complexes, where the majority of our students live. This makes for a tight knit community \u2013 many of our parents are Grandview alumni and there are always lots of cousins, aunties and grandparents around. It also means many of our families at Grandview experience multi-generational poverty, constant food insecurity, and housing issues such as over-crowding and even homelessness, aswell as the on going process of healing from the trauma of Residential Schools.<\/p>\n<p>I hold a Position funded by Vancouver Coastal Health as The Healthy Eating Coordinator. I stepped into this role at the beginning of the school year. However, I have worked at Grandview since 2009 as a Student Support Worker. In 2015 I was ready to make a change and so I went to culinary school \u2013 what I discovered through this process is a passion for food sustainability and community building! It is such a delight to be back at Grandview in this new role! Providing opportunities for these students to develop the tangible skills of cooking and gardening feels so important and the enthusiasm in which they participate in these activities shows me that it is meaningful to them as well.<\/p>\n<p>Our whole school Salad bar Service, offered on Thursdays and Fridays every week provides many students with needed nutritional benefits that they may otherwise be missing in their diets! However it is the growing vocabulary of foods and the interest in new items that I have really seen develop over the year. I often have students come up to me and request items that I had in past, or share with me ideas for new things. We now regularly have Edamame beans on the salad bar because a student requested them \u2013 at first hardly anyone knew what they were and now they are a very popular item! Soon we will plant these in our garden for our own supply!<\/p>\n<p>Gardening and Healthy eating programs have been a part of School culture at Grandview for many years, in fact our students who are graduating into high school this year have had exposure to these programs since they were in kindergarten and I am confident that they know how to put seeds in the ground and help them grow! They also have a broader vocabulary of foods and ingredients then other groups of students of a similar socio\/ economic demographic who haven\u2019t had the same exposure to this kind of program. I expect the ripple effect of this to be a greater ability to feed themselves and make healthy choices about what they eat because they have the skills to do so!<\/p>\n","protected":false},"excerpt":{"rendered":"<p>Uuqinak&#8217;uuh \u00a0Elementary School, Vancouver, BC Grandview \/ Uuqinak\u2019uuh Elementary School is a very special place! This Inner city school in Vancouver, British Columbia is lucky to have a lovely, expansive green space with many large trees, and a well established school garden and our open longhouse structure provides an outdoor teaching space (interrupted by a [&hellip;]<\/p>\n","protected":false},"author":3,"featured_media":20876,"comment_status":"open","ping_status":"open","sticky":false,"template":"","format":"audio","meta":{"_acf_changed":false,"_exactmetrics_skip_tracking":false,"_exactmetrics_sitenote_active":false,"_exactmetrics_sitenote_note":"","_exactmetrics_sitenote_category":0,"footnotes":""},"categories":[78,29,351,191],"tags":[324,66,339,344,326,332,333,323,329],"class_list":["post-20873","post","type-post","status-publish","format-audio","has-post-thumbnail","hentry","category-de_la_ferme_a_lecole","category-francais","category-le-canada-une-terre-fertile","category-stories_from_the_field-fr","tag-bar-a-salades","tag-colombie-britannique","tag-ecole-primaire-m-a-6","tag-histoire","tag-implication-des-etudiants","tag-indigenous-culture","tag-liens-avec-la-communaute","tag-manger","tag-securite-alimentaire","post_format-post-format-audio"],"acf":[],"yoast_head":"<!-- This site is optimized with the Yoast SEO plugin v26.7 - https:\/\/yoast.com\/wordpress\/plugins\/seo\/ -->\n<title>Grandview Grows! - Farm to Cafeteria Canada<\/title>\n<meta name=\"robots\" content=\"index, follow, max-snippet:-1, max-image-preview:large, max-video-preview:-1\" \/>\n<link rel=\"canonical\" href=\"https:\/\/www.farmtocafeteriacanada.ca\/fr\/2017\/06\/grandview-grows\/\" \/>\n<meta property=\"og:locale\" content=\"fr_FR\" \/>\n<meta property=\"og:type\" content=\"article\" \/>\n<meta property=\"og:title\" content=\"Grandview Grows! - Farm to Cafeteria Canada\" \/>\n<meta property=\"og:description\" content=\"Uuqinak&#8217;uuh \u00a0Elementary School, Vancouver, BC Grandview \/ Uuqinak\u2019uuh Elementary School is a very special place! This Inner city school in Vancouver, British Columbia is lucky to have a lovely, expansive green space with many large trees, and a well established school garden and our open longhouse structure provides an outdoor teaching space (interrupted by a [&hellip;]\" \/>\n<meta property=\"og:url\" content=\"https:\/\/www.farmtocafeteriacanada.ca\/fr\/2017\/06\/grandview-grows\/\" \/>\n<meta property=\"og:site_name\" content=\"Farm to Cafeteria Canada\" \/>\n<meta property=\"article:publisher\" content=\"https:\/\/www.facebook.com\/groups\/FarmtocafeteriaCanada\/\" \/>\n<meta property=\"article:published_time\" content=\"2017-06-14T19:17:16+00:00\" \/>\n<meta property=\"article:modified_time\" content=\"2020-08-12T21:46:37+00:00\" \/>\n<meta property=\"og:image\" content=\"https:\/\/www.farmtocafeteriacanada.ca\/wp-content\/uploads\/2017\/05\/IMG_3323.jpg\" \/>\n\t<meta property=\"og:image:width\" content=\"926\" \/>\n\t<meta property=\"og:image:height\" content=\"1302\" \/>\n\t<meta property=\"og:image:type\" content=\"image\/jpeg\" \/>\n<meta name=\"author\" content=\"F2CC admin\" \/>\n<meta name=\"twitter:card\" content=\"summary_large_image\" \/>\n<meta name=\"twitter:creator\" content=\"@Farm2Cafeteria\" \/>\n<meta name=\"twitter:site\" content=\"@Farm2Cafeteria\" \/>\n<meta name=\"twitter:label1\" content=\"\u00c9crit par\" \/>\n\t<meta name=\"twitter:data1\" content=\"F2CC admin\" \/>\n\t<meta name=\"twitter:label2\" content=\"Dur\u00e9e de lecture estim\u00e9e\" \/>\n\t<meta name=\"twitter:data2\" content=\"3 minutes\" \/>\n<script type=\"application\/ld+json\" class=\"yoast-schema-graph\">{\"@context\":\"https:\/\/schema.org\",\"@graph\":[{\"@type\":\"Article\",\"@id\":\"https:\/\/www.farmtocafeteriacanada.ca\/fr\/2017\/06\/grandview-grows\/#article\",\"isPartOf\":{\"@id\":\"https:\/\/www.farmtocafeteriacanada.ca\/fr\/2017\/06\/grandview-grows\/\"},\"author\":{\"name\":\"F2CC admin\",\"@id\":\"https:\/\/www.farmtocafeteriacanada.ca\/#\/schema\/person\/03c2a359a7f0c99b895e08c1e7056708\"},\"headline\":\"Grandview Grows!\",\"datePublished\":\"2017-06-14T19:17:16+00:00\",\"dateModified\":\"2020-08-12T21:46:37+00:00\",\"mainEntityOfPage\":{\"@id\":\"https:\/\/www.farmtocafeteriacanada.ca\/fr\/2017\/06\/grandview-grows\/\"},\"wordCount\":606,\"commentCount\":0,\"publisher\":{\"@id\":\"https:\/\/www.farmtocafeteriacanada.ca\/#organization\"},\"image\":{\"@id\":\"https:\/\/www.farmtocafeteriacanada.ca\/fr\/2017\/06\/grandview-grows\/#primaryimage\"},\"thumbnailUrl\":\"https:\/\/www.farmtocafeteriacanada.ca\/wp-content\/uploads\/2017\/05\/IMG_3323.jpg\",\"keywords\":[\"Bar \u00e0 salades\",\"Colombie-Britannique\",\"\u00c9cole primaire (M \u00e0 6)\",\"Histoire\",\"Implication des \u00e9tudiants\",\"Indigenous Culture\",\"Liens avec la communaut\u00e9\",\"Manger\",\"S\u00e9curit\u00e9 alimentaire\"],\"articleSection\":[\"De la ferme \u00e0 l\u2019\u00e9cole\",\"Fran\u00e7ais\",\"Le Canada une terre fertile\",\"Stories from the field\"],\"inLanguage\":\"fr-FR\",\"potentialAction\":[{\"@type\":\"CommentAction\",\"name\":\"Comment\",\"target\":[\"https:\/\/www.farmtocafeteriacanada.ca\/fr\/2017\/06\/grandview-grows\/#respond\"]}]},{\"@type\":\"WebPage\",\"@id\":\"https:\/\/www.farmtocafeteriacanada.ca\/fr\/2017\/06\/grandview-grows\/\",\"url\":\"https:\/\/www.farmtocafeteriacanada.ca\/fr\/2017\/06\/grandview-grows\/\",\"name\":\"Grandview Grows! - Farm to Cafeteria Canada\",\"isPartOf\":{\"@id\":\"https:\/\/www.farmtocafeteriacanada.ca\/#website\"},\"primaryImageOfPage\":{\"@id\":\"https:\/\/www.farmtocafeteriacanada.ca\/fr\/2017\/06\/grandview-grows\/#primaryimage\"},\"image\":{\"@id\":\"https:\/\/www.farmtocafeteriacanada.ca\/fr\/2017\/06\/grandview-grows\/#primaryimage\"},\"thumbnailUrl\":\"https:\/\/www.farmtocafeteriacanada.ca\/wp-content\/uploads\/2017\/05\/IMG_3323.jpg\",\"datePublished\":\"2017-06-14T19:17:16+00:00\",\"dateModified\":\"2020-08-12T21:46:37+00:00\",\"breadcrumb\":{\"@id\":\"https:\/\/www.farmtocafeteriacanada.ca\/fr\/2017\/06\/grandview-grows\/#breadcrumb\"},\"inLanguage\":\"fr-FR\",\"potentialAction\":[{\"@type\":\"ReadAction\",\"target\":[\"https:\/\/www.farmtocafeteriacanada.ca\/fr\/2017\/06\/grandview-grows\/\"]}]},{\"@type\":\"ImageObject\",\"inLanguage\":\"fr-FR\",\"@id\":\"https:\/\/www.farmtocafeteriacanada.ca\/fr\/2017\/06\/grandview-grows\/#primaryimage\",\"url\":\"https:\/\/www.farmtocafeteriacanada.ca\/wp-content\/uploads\/2017\/05\/IMG_3323.jpg\",\"contentUrl\":\"https:\/\/www.farmtocafeteriacanada.ca\/wp-content\/uploads\/2017\/05\/IMG_3323.jpg\",\"width\":926,\"height\":1302},{\"@type\":\"BreadcrumbList\",\"@id\":\"https:\/\/www.farmtocafeteriacanada.ca\/fr\/2017\/06\/grandview-grows\/#breadcrumb\",\"itemListElement\":[{\"@type\":\"ListItem\",\"position\":1,\"name\":\"Home\",\"item\":\"https:\/\/www.farmtocafeteriacanada.ca\/fr\/accueil\/\"},{\"@type\":\"ListItem\",\"position\":2,\"name\":\"Grandview Grows!\"}]},{\"@type\":\"WebSite\",\"@id\":\"https:\/\/www.farmtocafeteriacanada.ca\/#website\",\"url\":\"https:\/\/www.farmtocafeteriacanada.ca\/\",\"name\":\"Farm to Cafeteria Canada\",\"description\":\"\",\"publisher\":{\"@id\":\"https:\/\/www.farmtocafeteriacanada.ca\/#organization\"},\"potentialAction\":[{\"@type\":\"SearchAction\",\"target\":{\"@type\":\"EntryPoint\",\"urlTemplate\":\"https:\/\/www.farmtocafeteriacanada.ca\/?s={search_term_string}\"},\"query-input\":{\"@type\":\"PropertyValueSpecification\",\"valueRequired\":true,\"valueName\":\"search_term_string\"}}],\"inLanguage\":\"fr-FR\"},{\"@type\":\"Organization\",\"@id\":\"https:\/\/www.farmtocafeteriacanada.ca\/#organization\",\"name\":\"Farm to Cafeteria Canada\",\"url\":\"https:\/\/www.farmtocafeteriacanada.ca\/\",\"logo\":{\"@type\":\"ImageObject\",\"inLanguage\":\"fr-FR\",\"@id\":\"https:\/\/www.farmtocafeteriacanada.ca\/#\/schema\/logo\/image\/\",\"url\":\"http:\/\/www.farmtocafeteriacanada.ca\/wp-content\/uploads\/2015\/03\/f2cc_logo_en2.png\",\"contentUrl\":\"http:\/\/www.farmtocafeteriacanada.ca\/wp-content\/uploads\/2015\/03\/f2cc_logo_en2.png\",\"width\":3000,\"height\":476,\"caption\":\"Farm to Cafeteria Canada\"},\"image\":{\"@id\":\"https:\/\/www.farmtocafeteriacanada.ca\/#\/schema\/logo\/image\/\"},\"sameAs\":[\"https:\/\/www.facebook.com\/groups\/FarmtocafeteriaCanada\/\",\"https:\/\/x.com\/Farm2Cafeteria\",\"https:\/\/www.youtube.com\/channel\/UCQjcYiICtAygShD3IwNsewQ\"]},{\"@type\":\"Person\",\"@id\":\"https:\/\/www.farmtocafeteriacanada.ca\/#\/schema\/person\/03c2a359a7f0c99b895e08c1e7056708\",\"name\":\"F2CC admin\",\"image\":{\"@type\":\"ImageObject\",\"inLanguage\":\"fr-FR\",\"@id\":\"https:\/\/www.farmtocafeteriacanada.ca\/#\/schema\/person\/image\/\",\"url\":\"https:\/\/secure.gravatar.com\/avatar\/c1ddaee9a55673d852314381577bb8198996fbef53c8e2320536bf543b7712b4?s=96&d=mm&r=g\",\"contentUrl\":\"https:\/\/secure.gravatar.com\/avatar\/c1ddaee9a55673d852314381577bb8198996fbef53c8e2320536bf543b7712b4?s=96&d=mm&r=g\",\"caption\":\"F2CC admin\"},\"url\":\"https:\/\/www.farmtocafeteriacanada.ca\/fr\/author\/tracey\/\"}]}<\/script>\n<!-- \/ Yoast SEO plugin. -->","yoast_head_json":{"title":"Grandview Grows! - Farm to Cafeteria Canada","robots":{"index":"index","follow":"follow","max-snippet":"max-snippet:-1","max-image-preview":"max-image-preview:large","max-video-preview":"max-video-preview:-1"},"canonical":"https:\/\/www.farmtocafeteriacanada.ca\/fr\/2017\/06\/grandview-grows\/","og_locale":"fr_FR","og_type":"article","og_title":"Grandview Grows! - Farm to Cafeteria Canada","og_description":"Uuqinak&#8217;uuh \u00a0Elementary School, Vancouver, BC Grandview \/ Uuqinak\u2019uuh Elementary School is a very special place! This Inner city school in Vancouver, British Columbia is lucky to have a lovely, expansive green space with many large trees, and a well established school garden and our open longhouse structure provides an outdoor teaching space (interrupted by a [&hellip;]","og_url":"https:\/\/www.farmtocafeteriacanada.ca\/fr\/2017\/06\/grandview-grows\/","og_site_name":"Farm to Cafeteria Canada","article_publisher":"https:\/\/www.facebook.com\/groups\/FarmtocafeteriaCanada\/","article_published_time":"2017-06-14T19:17:16+00:00","article_modified_time":"2020-08-12T21:46:37+00:00","og_image":[{"width":926,"height":1302,"url":"https:\/\/www.farmtocafeteriacanada.ca\/wp-content\/uploads\/2017\/05\/IMG_3323.jpg","type":"image\/jpeg"}],"author":"F2CC admin","twitter_card":"summary_large_image","twitter_creator":"@Farm2Cafeteria","twitter_site":"@Farm2Cafeteria","twitter_misc":{"\u00c9crit par":"F2CC admin","Dur\u00e9e de lecture estim\u00e9e":"3 minutes"},"schema":{"@context":"https:\/\/schema.org","@graph":[{"@type":"Article","@id":"https:\/\/www.farmtocafeteriacanada.ca\/fr\/2017\/06\/grandview-grows\/#article","isPartOf":{"@id":"https:\/\/www.farmtocafeteriacanada.ca\/fr\/2017\/06\/grandview-grows\/"},"author":{"name":"F2CC admin","@id":"https:\/\/www.farmtocafeteriacanada.ca\/#\/schema\/person\/03c2a359a7f0c99b895e08c1e7056708"},"headline":"Grandview Grows!","datePublished":"2017-06-14T19:17:16+00:00","dateModified":"2020-08-12T21:46:37+00:00","mainEntityOfPage":{"@id":"https:\/\/www.farmtocafeteriacanada.ca\/fr\/2017\/06\/grandview-grows\/"},"wordCount":606,"commentCount":0,"publisher":{"@id":"https:\/\/www.farmtocafeteriacanada.ca\/#organization"},"image":{"@id":"https:\/\/www.farmtocafeteriacanada.ca\/fr\/2017\/06\/grandview-grows\/#primaryimage"},"thumbnailUrl":"https:\/\/www.farmtocafeteriacanada.ca\/wp-content\/uploads\/2017\/05\/IMG_3323.jpg","keywords":["Bar \u00e0 salades","Colombie-Britannique","\u00c9cole primaire (M \u00e0 6)","Histoire","Implication des \u00e9tudiants","Indigenous Culture","Liens avec la communaut\u00e9","Manger","S\u00e9curit\u00e9 alimentaire"],"articleSection":["De la ferme \u00e0 l\u2019\u00e9cole","Fran\u00e7ais","Le Canada une terre fertile","Stories from the field"],"inLanguage":"fr-FR","potentialAction":[{"@type":"CommentAction","name":"Comment","target":["https:\/\/www.farmtocafeteriacanada.ca\/fr\/2017\/06\/grandview-grows\/#respond"]}]},{"@type":"WebPage","@id":"https:\/\/www.farmtocafeteriacanada.ca\/fr\/2017\/06\/grandview-grows\/","url":"https:\/\/www.farmtocafeteriacanada.ca\/fr\/2017\/06\/grandview-grows\/","name":"Grandview Grows! - Farm to Cafeteria Canada","isPartOf":{"@id":"https:\/\/www.farmtocafeteriacanada.ca\/#website"},"primaryImageOfPage":{"@id":"https:\/\/www.farmtocafeteriacanada.ca\/fr\/2017\/06\/grandview-grows\/#primaryimage"},"image":{"@id":"https:\/\/www.farmtocafeteriacanada.ca\/fr\/2017\/06\/grandview-grows\/#primaryimage"},"thumbnailUrl":"https:\/\/www.farmtocafeteriacanada.ca\/wp-content\/uploads\/2017\/05\/IMG_3323.jpg","datePublished":"2017-06-14T19:17:16+00:00","dateModified":"2020-08-12T21:46:37+00:00","breadcrumb":{"@id":"https:\/\/www.farmtocafeteriacanada.ca\/fr\/2017\/06\/grandview-grows\/#breadcrumb"},"inLanguage":"fr-FR","potentialAction":[{"@type":"ReadAction","target":["https:\/\/www.farmtocafeteriacanada.ca\/fr\/2017\/06\/grandview-grows\/"]}]},{"@type":"ImageObject","inLanguage":"fr-FR","@id":"https:\/\/www.farmtocafeteriacanada.ca\/fr\/2017\/06\/grandview-grows\/#primaryimage","url":"https:\/\/www.farmtocafeteriacanada.ca\/wp-content\/uploads\/2017\/05\/IMG_3323.jpg","contentUrl":"https:\/\/www.farmtocafeteriacanada.ca\/wp-content\/uploads\/2017\/05\/IMG_3323.jpg","width":926,"height":1302},{"@type":"BreadcrumbList","@id":"https:\/\/www.farmtocafeteriacanada.ca\/fr\/2017\/06\/grandview-grows\/#breadcrumb","itemListElement":[{"@type":"ListItem","position":1,"name":"Home","item":"https:\/\/www.farmtocafeteriacanada.ca\/fr\/accueil\/"},{"@type":"ListItem","position":2,"name":"Grandview Grows!"}]},{"@type":"WebSite","@id":"https:\/\/www.farmtocafeteriacanada.ca\/#website","url":"https:\/\/www.farmtocafeteriacanada.ca\/","name":"Farm to Cafeteria Canada","description":"","publisher":{"@id":"https:\/\/www.farmtocafeteriacanada.ca\/#organization"},"potentialAction":[{"@type":"SearchAction","target":{"@type":"EntryPoint","urlTemplate":"https:\/\/www.farmtocafeteriacanada.ca\/?s={search_term_string}"},"query-input":{"@type":"PropertyValueSpecification","valueRequired":true,"valueName":"search_term_string"}}],"inLanguage":"fr-FR"},{"@type":"Organization","@id":"https:\/\/www.farmtocafeteriacanada.ca\/#organization","name":"Farm to Cafeteria Canada","url":"https:\/\/www.farmtocafeteriacanada.ca\/","logo":{"@type":"ImageObject","inLanguage":"fr-FR","@id":"https:\/\/www.farmtocafeteriacanada.ca\/#\/schema\/logo\/image\/","url":"http:\/\/www.farmtocafeteriacanada.ca\/wp-content\/uploads\/2015\/03\/f2cc_logo_en2.png","contentUrl":"http:\/\/www.farmtocafeteriacanada.ca\/wp-content\/uploads\/2015\/03\/f2cc_logo_en2.png","width":3000,"height":476,"caption":"Farm to Cafeteria Canada"},"image":{"@id":"https:\/\/www.farmtocafeteriacanada.ca\/#\/schema\/logo\/image\/"},"sameAs":["https:\/\/www.facebook.com\/groups\/FarmtocafeteriaCanada\/","https:\/\/x.com\/Farm2Cafeteria","https:\/\/www.youtube.com\/channel\/UCQjcYiICtAygShD3IwNsewQ"]},{"@type":"Person","@id":"https:\/\/www.farmtocafeteriacanada.ca\/#\/schema\/person\/03c2a359a7f0c99b895e08c1e7056708","name":"F2CC admin","image":{"@type":"ImageObject","inLanguage":"fr-FR","@id":"https:\/\/www.farmtocafeteriacanada.ca\/#\/schema\/person\/image\/","url":"https:\/\/secure.gravatar.com\/avatar\/c1ddaee9a55673d852314381577bb8198996fbef53c8e2320536bf543b7712b4?s=96&d=mm&r=g","contentUrl":"https:\/\/secure.gravatar.com\/avatar\/c1ddaee9a55673d852314381577bb8198996fbef53c8e2320536bf543b7712b4?s=96&d=mm&r=g","caption":"F2CC admin"},"url":"https:\/\/www.farmtocafeteriacanada.ca\/fr\/author\/tracey\/"}]}},"_links":{"self":[{"href":"https:\/\/www.farmtocafeteriacanada.ca\/fr\/wp-json\/wp\/v2\/posts\/20873","targetHints":{"allow":["GET"]}}],"collection":[{"href":"https:\/\/www.farmtocafeteriacanada.ca\/fr\/wp-json\/wp\/v2\/posts"}],"about":[{"href":"https:\/\/www.farmtocafeteriacanada.ca\/fr\/wp-json\/wp\/v2\/types\/post"}],"author":[{"embeddable":true,"href":"https:\/\/www.farmtocafeteriacanada.ca\/fr\/wp-json\/wp\/v2\/users\/3"}],"replies":[{"embeddable":true,"href":"https:\/\/www.farmtocafeteriacanada.ca\/fr\/wp-json\/wp\/v2\/comments?post=20873"}],"version-history":[{"count":2,"href":"https:\/\/www.farmtocafeteriacanada.ca\/fr\/wp-json\/wp\/v2\/posts\/20873\/revisions"}],"predecessor-version":[{"id":20875,"href":"https:\/\/www.farmtocafeteriacanada.ca\/fr\/wp-json\/wp\/v2\/posts\/20873\/revisions\/20875"}],"wp:featuredmedia":[{"embeddable":true,"href":"https:\/\/www.farmtocafeteriacanada.ca\/fr\/wp-json\/wp\/v2\/media\/20876"}],"wp:attachment":[{"href":"https:\/\/www.farmtocafeteriacanada.ca\/fr\/wp-json\/wp\/v2\/media?parent=20873"}],"wp:term":[{"taxonomy":"category","embeddable":true,"href":"https:\/\/www.farmtocafeteriacanada.ca\/fr\/wp-json\/wp\/v2\/categories?post=20873"},{"taxonomy":"post_tag","embeddable":true,"href":"https:\/\/www.farmtocafeteriacanada.ca\/fr\/wp-json\/wp\/v2\/tags?post=20873"}],"curies":[{"name":"wp","href":"https:\/\/api.w.org\/{rel}","templated":true}]}}