
{"id":19971,"date":"2020-07-09T12:11:23","date_gmt":"2020-07-09T17:11:23","guid":{"rendered":"http:\/\/www.farmtocafeteriacanada.ca\/?p=19971"},"modified":"2021-02-05T11:02:13","modified_gmt":"2021-02-05T17:02:13","slug":"la-vie-des-noirs-compte-un-message-de-la-communaute-de-la-ferme-a-la-cafeteria-canada","status":"publish","type":"post","link":"https:\/\/www.farmtocafeteriacanada.ca\/fr\/2020\/07\/la-vie-des-noirs-compte-un-message-de-la-communaute-de-la-ferme-a-la-cafeteria-canada\/","title":{"rendered":"La vie des Noirs compte &#8211; Un message de la communaut\u00e9 De la ferme \u00e0 la caf\u00e9t\u00e9ria Canada"},"content":{"rendered":"<h5><strong>Les deux derni\u00e8res semaines ont \u00e9t\u00e9 marqu\u00e9es par la r\u00e9volte et l\u2019action contre le racisme syst\u00e9mique, l\u2019oppression et la violence connexe qui ont eu et qui continuent d\u2019avoir des r\u00e9percussions sur les Noirs, les Autochtones et les autres personnes de couleur.<\/strong><\/h5>\n<p>\u00c0 De la ferme \u00e0 la caf\u00e9t\u00e9ria Canada, nous nous opposons au racisme sous toutes ses formes. Nous compatissons \u00e0 la peine des personnes touch\u00e9es par le racisme et \u00e0 celle de leurs \u00eatres chers. Nous reconnaissons que l\u2019inaction perp\u00e9tue le racisme et nous nous engageons \u00e0 approfondir nos connaissances sur le sujet et \u00e0 participer davantage en tant qu\u2019allier aux actions collectives destin\u00e9es \u00e0 mettre fin au racisme.<\/p>\n<p>Le racisme est\u00a0<a href=\"https:\/\/farmtocafeteriacanada.us9.list-manage.com\/track\/click?u=ec9d2bbf4ce1bf9cd66d7dbe4&amp;id=ecaf202d6c&amp;e=2f7d27b13c\" target=\"_blank\" rel=\"noopener noreferrer\" data-saferedirecturl=\"https:\/\/www.google.com\/url?q=https:\/\/farmtocafeteriacanada.us9.list-manage.com\/track\/click?u%3Dec9d2bbf4ce1bf9cd66d7dbe4%26id%3Decaf202d6c%26e%3D2f7d27b13c&amp;source=gmail&amp;ust=1594400945369000&amp;usg=AFQjCNHguYzvVFEtlNSHNKuKCPULQ58HkA\">r\u00e9pandu<\/a>\u00a0dans nos syst\u00e8mes alimentaires, et le Canada n\u2019est pas \u00e0 l\u2019abri de ce ph\u00e9nom\u00e8ne. Selon des\u00a0<a href=\"https:\/\/farmtocafeteriacanada.us9.list-manage.com\/track\/click?u=ec9d2bbf4ce1bf9cd66d7dbe4&amp;id=a446148f73&amp;e=2f7d27b13c\" target=\"_blank\" rel=\"noopener noreferrer\" data-saferedirecturl=\"https:\/\/www.google.com\/url?q=https:\/\/farmtocafeteriacanada.us9.list-manage.com\/track\/click?u%3Dec9d2bbf4ce1bf9cd66d7dbe4%26id%3Da446148f73%26e%3D2f7d27b13c&amp;source=gmail&amp;ust=1594400945369000&amp;usg=AFQjCNE3LN8AayYb8MfAMJbVZceUv-PbQQ\">recherches r\u00e9centes<\/a>, les m\u00e9nages canadiens noirs sont 3,6 fois plus susceptibles d\u2019\u00eatre en situation d\u2019ins\u00e9curit\u00e9 alimentaire que les m\u00e9nages blancs. Les enfants membres de m\u00e9nages noirs sont aussi touch\u00e9s de fa\u00e7on disproportionn\u00e9e par l\u2019ins\u00e9curit\u00e9 alimentaire, 36,6 % d\u2019entre eux en \u00e9tant victimes comparativement \u00e0 12,4\u00a0% des enfants de m\u00e9nages blancs. Par ailleurs, il n\u2019est\u00a0<a href=\"https:\/\/farmtocafeteriacanada.us9.list-manage.com\/track\/click?u=ec9d2bbf4ce1bf9cd66d7dbe4&amp;id=17e39d1113&amp;e=2f7d27b13c\" target=\"_blank\" rel=\"noopener noreferrer\" data-saferedirecturl=\"https:\/\/www.google.com\/url?q=https:\/\/farmtocafeteriacanada.us9.list-manage.com\/track\/click?u%3Dec9d2bbf4ce1bf9cd66d7dbe4%26id%3D17e39d1113%26e%3D2f7d27b13c&amp;source=gmail&amp;ust=1594400945370000&amp;usg=AFQjCNGfdLDn8d-ZYX9C3PeMQwxJkNbNJA\">plus \u00e0 d\u00e9montrer<\/a>\u00a0que l\u2019ins\u00e9curit\u00e9 alimentaire touche \u00e9galement de fa\u00e7on disproportionn\u00e9e les m\u00e9nages autochtones au Canada.<\/p>\n<p>Il est impossible de r\u00e9aliser la vision du mouvement De la ferme \u00e0 la caf\u00e9t\u00e9ria Canada sans se pencher sur la question du racisme.<\/p>\n<p>\u00c0 titre d\u2019organisme fond\u00e9 sur le partenariat et le partage des connaissances, nous avons \u00e9t\u00e9 \u00e9mus par les manifestations tenues partout au monde afin de demander justice pour George Floyd. Elles nous ont incit\u00e9s \u00e0 r\u00e9fl\u00e9chir \u00e0 ce que nous pouvons faire pour lutter contre le racisme. Au seuil de cette p\u00e9riode de r\u00e9flexion, nous vous encourageons \u00e0 vous joindre \u00e0 nous pour apprendre et agir en faveur d\u2019un changement positif. Vous trouverez ci-dessous des liens (en anglais seulement) menant \u00e0 des documents et vid\u00e9os \u00e0 lire, \u00e0 regarder et \u00e0 contempler. C\u2019est ce que nous faisons et continuerons de faire.<\/p>\n<p>Nous reconnaissons qu\u2019apprendre et contempler, sans agir, \u00e7a ne suffit pas. C\u2019est pourquoi nous vous invitons \u00e0 participer \u00e0 cette conversation pour qu\u2019ensemble nous apprenions, nous partagions et nous trouvions de nouvelles pistes pour renforcer nos syst\u00e8mes alimentaires au Canada afin qu\u2019ils soient exempts de racisme.<\/p>\n<p><strong>En toute solidarit\u00e9,<br \/>\nDe la ferme \u00e0 la caf\u00e9t\u00e9ria Canada<\/strong><\/p>\n<hr \/>\n<p><strong>Pour parents et \u00e9ducateurs<\/strong><\/p>\n<ul>\n<li><a href=\"https:\/\/farmtocafeteriacanada.us9.list-manage.com\/track\/click?u=ec9d2bbf4ce1bf9cd66d7dbe4&amp;id=cef07e36bb&amp;e=2f7d27b13c\" target=\"_blank\" rel=\"noopener noreferrer\" data-saferedirecturl=\"https:\/\/www.google.com\/url?q=https:\/\/farmtocafeteriacanada.us9.list-manage.com\/track\/click?u%3Dec9d2bbf4ce1bf9cd66d7dbe4%26id%3Dcef07e36bb%26e%3D2f7d27b13c&amp;source=gmail&amp;ust=1594400945370000&amp;usg=AFQjCNHXD3nD1-2cIGQ_9hcs0RI0MaLJ-A\">Comment parler aux enfants de race et de racisme<\/a><\/li>\n<li><a href=\"https:\/\/farmtocafeteriacanada.us9.list-manage.com\/track\/click?u=ec9d2bbf4ce1bf9cd66d7dbe4&amp;id=c71a732c4f&amp;e=2f7d27b13c\" target=\"_blank\" rel=\"noopener noreferrer\" data-saferedirecturl=\"https:\/\/www.google.com\/url?q=https:\/\/farmtocafeteriacanada.us9.list-manage.com\/track\/click?u%3Dec9d2bbf4ce1bf9cd66d7dbe4%26id%3Dc71a732c4f%26e%3D2f7d27b13c&amp;source=gmail&amp;ust=1594400945370000&amp;usg=AFQjCNGnJyTX-BTZ-8qbqZEJWECfZQCf9g\">Programme d\u2019\u00e9tudes et mat\u00e9riel p\u00e9dagogique<\/a><\/li>\n<li><a href=\"https:\/\/farmtocafeteriacanada.us9.list-manage.com\/track\/click?u=ec9d2bbf4ce1bf9cd66d7dbe4&amp;id=4fef9bd534&amp;e=2f7d27b13c\" target=\"_blank\" rel=\"noopener noreferrer\" data-saferedirecturl=\"https:\/\/www.google.com\/url?q=https:\/\/farmtocafeteriacanada.us9.list-manage.com\/track\/click?u%3Dec9d2bbf4ce1bf9cd66d7dbe4%26id%3D4fef9bd534%26e%3D2f7d27b13c&amp;source=gmail&amp;ust=1594400945370000&amp;usg=AFQjCNFgnSyLJgwTaZ7qJ7GiuhyDaQIVfg\">Ressources et trousse d\u2019outils<\/a>\u00a0p\u00e9dagogiques et de perfectionnement professionnel de l\u2019organisme Teaching Tolerance<\/li>\n<li><a href=\"https:\/\/farmtocafeteriacanada.us9.list-manage.com\/track\/click?u=ec9d2bbf4ce1bf9cd66d7dbe4&amp;id=32f782fefb&amp;e=2f7d27b13c\" target=\"_blank\" rel=\"noopener noreferrer\" data-saferedirecturl=\"https:\/\/www.google.com\/url?q=https:\/\/farmtocafeteriacanada.us9.list-manage.com\/track\/click?u%3Dec9d2bbf4ce1bf9cd66d7dbe4%26id%3D32f782fefb%26e%3D2f7d27b13c&amp;source=gmail&amp;ust=1594400945370000&amp;usg=AFQjCNGYZ7O_q3Uk6wIPQrLL6MNj4ALKug\">On s\u2019exprime\u00a0: Ouvrir un dialogue sur le racisme avec les jeunes<\/a><\/li>\n<li><a href=\"https:\/\/farmtocafeteriacanada.us9.list-manage.com\/track\/click?u=ec9d2bbf4ce1bf9cd66d7dbe4&amp;id=d79f3a9a38&amp;e=2f7d27b13c\" target=\"_blank\" rel=\"noopener noreferrer\" data-saferedirecturl=\"https:\/\/www.google.com\/url?q=https:\/\/farmtocafeteriacanada.us9.list-manage.com\/track\/click?u%3Dec9d2bbf4ce1bf9cd66d7dbe4%26id%3Dd79f3a9a38%26e%3D2f7d27b13c&amp;source=gmail&amp;ust=1594400945370000&amp;usg=AFQjCNHnuhXklYWj_Vd49AHT-AM1vtpEkg\">Six \u00e9tapes pour aider les Blancs \u00e0 parler de racisme avec leurs enfants<\/a><\/li>\n<\/ul>\n<p><strong>Litt\u00e9rature pour enfants et jeunes<\/strong><\/p>\n<p><em>Nous remercions D<\/em><em><sup>r<\/sup><\/em><em>\u00a0Yoni Freedhoff pour les liens ci-dessous qui s\u2019adressent tout particuli\u00e8rement aux enfants et aux jeunes (lisez la version int\u00e9grale de son article\u00a0<\/em><a href=\"https:\/\/farmtocafeteriacanada.us9.list-manage.com\/track\/click?u=ec9d2bbf4ce1bf9cd66d7dbe4&amp;id=47b1a1a49d&amp;e=2f7d27b13c\" target=\"_blank\" rel=\"noopener noreferrer\" data-saferedirecturl=\"https:\/\/www.google.com\/url?q=https:\/\/farmtocafeteriacanada.us9.list-manage.com\/track\/click?u%3Dec9d2bbf4ce1bf9cd66d7dbe4%26id%3D47b1a1a49d%26e%3D2f7d27b13c&amp;source=gmail&amp;ust=1594400945370000&amp;usg=AFQjCNHmcPT2_GtUoo6WpqC2DFjokVcQxQ\"><em>ici<\/em><\/a><em>).<\/em><\/p>\n<ul>\n<li><a href=\"https:\/\/farmtocafeteriacanada.us9.list-manage.com\/track\/click?u=ec9d2bbf4ce1bf9cd66d7dbe4&amp;id=ca1a791ac0&amp;e=2f7d27b13c\" target=\"_blank\" rel=\"noopener noreferrer\" data-saferedirecturl=\"https:\/\/www.google.com\/url?q=https:\/\/farmtocafeteriacanada.us9.list-manage.com\/track\/click?u%3Dec9d2bbf4ce1bf9cd66d7dbe4%26id%3Dca1a791ac0%26e%3D2f7d27b13c&amp;source=gmail&amp;ust=1594400945370000&amp;usg=AFQjCNHPKohPlIS2SmNEB1jtOlgmgJSEVA\">23 livres ph\u00e9nom\u00e9naux pour jeunes adultes r\u00e9dig\u00e9s par des auteurs noirs durant la premi\u00e8re moiti\u00e9 de 2020<\/a><\/li>\n<li><a href=\"https:\/\/farmtocafeteriacanada.us9.list-manage.com\/track\/click?u=ec9d2bbf4ce1bf9cd66d7dbe4&amp;id=8d947bbe87&amp;e=2f7d27b13c\" target=\"_blank\" rel=\"noopener noreferrer\" data-saferedirecturl=\"https:\/\/www.google.com\/url?q=https:\/\/farmtocafeteriacanada.us9.list-manage.com\/track\/click?u%3Dec9d2bbf4ce1bf9cd66d7dbe4%26id%3D8d947bbe87%26e%3D2f7d27b13c&amp;source=gmail&amp;ust=1594400945370000&amp;usg=AFQjCNEAETAmmwlxXghNpai68d2kkzlK1w\">Liste<\/a>\u00a0de livres pour enfants qui traitent de racisme de @wanderingbritt_<\/li>\n<li><a href=\"https:\/\/farmtocafeteriacanada.us9.list-manage.com\/track\/click?u=ec9d2bbf4ce1bf9cd66d7dbe4&amp;id=10ae2eb6ab&amp;e=2f7d27b13c\" target=\"_blank\" rel=\"noopener noreferrer\" data-saferedirecturl=\"https:\/\/www.google.com\/url?q=https:\/\/farmtocafeteriacanada.us9.list-manage.com\/track\/click?u%3Dec9d2bbf4ce1bf9cd66d7dbe4%26id%3D10ae2eb6ab%26e%3D2f7d27b13c&amp;source=gmail&amp;ust=1594400945370000&amp;usg=AFQjCNHqAxPawYrYNcbGNGqd-q4onC9Veg\">Liste<\/a>\u00a0de livres pour jeunes adultes de @bronze_bae<\/li>\n<\/ul>\n<p><strong>Apprentissage individuel et organisationnel<\/strong><\/p>\n<ul>\n<li><a href=\"https:\/\/farmtocafeteriacanada.us9.list-manage.com\/track\/click?u=ec9d2bbf4ce1bf9cd66d7dbe4&amp;id=13928926e3&amp;e=2f7d27b13c\" target=\"_blank\" rel=\"noopener noreferrer\" data-saferedirecturl=\"https:\/\/www.google.com\/url?q=https:\/\/farmtocafeteriacanada.us9.list-manage.com\/track\/click?u%3Dec9d2bbf4ce1bf9cd66d7dbe4%26id%3D13928926e3%26e%3D2f7d27b13c&amp;source=gmail&amp;ust=1594400945370000&amp;usg=AFQjCNGq1i1_bie407LfwmaRfg9OyIWy7g\">Ressources sur l\u2019\u00e9quit\u00e9 raciale et les syst\u00e8mes alimentaires<\/a><\/li>\n<li><a href=\"https:\/\/farmtocafeteriacanada.us9.list-manage.com\/track\/click?u=ec9d2bbf4ce1bf9cd66d7dbe4&amp;id=9c0a24e1d6&amp;e=2f7d27b13c\" target=\"_blank\" rel=\"noopener noreferrer\" data-saferedirecturl=\"https:\/\/www.google.com\/url?q=https:\/\/farmtocafeteriacanada.us9.list-manage.com\/track\/click?u%3Dec9d2bbf4ce1bf9cd66d7dbe4%26id%3D9c0a24e1d6%26e%3D2f7d27b13c&amp;source=gmail&amp;ust=1594400945370000&amp;usg=AFQjCNH2QkNe6DcgrJTb866auUmkl8ElHQ\">Ressources du d\u00e9fi de l\u2019\u00e9quit\u00e9 raciale<\/a>\u00a0de Food Solutions New England<\/li>\n<li><a href=\"https:\/\/farmtocafeteriacanada.us9.list-manage.com\/track\/click?u=ec9d2bbf4ce1bf9cd66d7dbe4&amp;id=00669099ad&amp;e=2f7d27b13c\" target=\"_blank\" rel=\"noopener noreferrer\" data-saferedirecturl=\"https:\/\/www.google.com\/url?q=https:\/\/farmtocafeteriacanada.us9.list-manage.com\/track\/click?u%3Dec9d2bbf4ce1bf9cd66d7dbe4%26id%3D00669099ad%26e%3D2f7d27b13c&amp;source=gmail&amp;ust=1594400945370000&amp;usg=AFQjCNElDO44Xm_S1ULXwRKO3oSPILfvOg\"><em>White Fragility \u2013 Why it\u2019s so Hard for White People to Talk About Racism<\/em><\/a>\u00a0(La fragilit\u00e9 blanche : Pourquoi est-il si difficile pour les Blancs de parler de racisme?)<\/li>\n<li><a href=\"https:\/\/farmtocafeteriacanada.us9.list-manage.com\/track\/click?u=ec9d2bbf4ce1bf9cd66d7dbe4&amp;id=564662ca8c&amp;e=2f7d27b13c\" target=\"_blank\" rel=\"noopener noreferrer\" data-saferedirecturl=\"https:\/\/www.google.com\/url?q=https:\/\/farmtocafeteriacanada.us9.list-manage.com\/track\/click?u%3Dec9d2bbf4ce1bf9cd66d7dbe4%26id%3D564662ca8c%26e%3D2f7d27b13c&amp;source=gmail&amp;ust=1594400945370000&amp;usg=AFQjCNHAV6xhwQhv9bZfgKbaj2j-akbsxQ\"><em>How To Be An Anti-Racist<\/em><\/a>\u00a0(Comment \u00eatre un antiraciste)<\/li>\n<li><a href=\"https:\/\/farmtocafeteriacanada.us9.list-manage.com\/track\/click?u=ec9d2bbf4ce1bf9cd66d7dbe4&amp;id=f417b08aa8&amp;e=2f7d27b13c\" target=\"_blank\" rel=\"noopener noreferrer\" data-saferedirecturl=\"https:\/\/www.google.com\/url?q=https:\/\/farmtocafeteriacanada.us9.list-manage.com\/track\/click?u%3Dec9d2bbf4ce1bf9cd66d7dbe4%26id%3Df417b08aa8%26e%3D2f7d27b13c&amp;source=gmail&amp;ust=1594400945370000&amp;usg=AFQjCNG6d1Ygz7zOGtK3TqXWuQTZN7QQkA\">Ressources et trousses d\u2019outils<\/a>\u00a0du mouvement Black Lives Matter<\/li>\n<li><a href=\"https:\/\/farmtocafeteriacanada.us9.list-manage.com\/track\/click?u=ec9d2bbf4ce1bf9cd66d7dbe4&amp;id=493eaa49a8&amp;e=2f7d27b13c\" target=\"_blank\" rel=\"noopener noreferrer\" data-saferedirecturl=\"https:\/\/www.google.com\/url?q=https:\/\/farmtocafeteriacanada.us9.list-manage.com\/track\/click?u%3Dec9d2bbf4ce1bf9cd66d7dbe4%26id%3D493eaa49a8%26e%3D2f7d27b13c&amp;source=gmail&amp;ust=1594400945370000&amp;usg=AFQjCNGhm5lSZqBFIX-2UPvj3FxQMEZjTw\"><em>Guidelines for Being Strong White Allies<\/em><\/a>\u00a0(Lignes directrices pour \u00eatre de solides alli\u00e9s blancs)<\/li>\n<\/ul>\n","protected":false},"excerpt":{"rendered":"<p>Les deux derni\u00e8res semaines ont \u00e9t\u00e9 marqu\u00e9es par la r\u00e9volte et l\u2019action contre le racisme syst\u00e9mique, l\u2019oppression et la violence connexe qui ont eu et qui continuent d\u2019avoir des r\u00e9percussions sur les Noirs, les Autochtones et les autres personnes de couleur. \u00c0 De la ferme \u00e0 la caf\u00e9t\u00e9ria Canada, nous nous opposons au racisme sous [&hellip;]<\/p>\n","protected":false},"author":3,"featured_media":19972,"comment_status":"closed","ping_status":"open","sticky":false,"template":"","format":"standard","meta":{"_acf_changed":false,"_exactmetrics_skip_tracking":false,"_exactmetrics_sitenote_active":false,"_exactmetrics_sitenote_note":"","_exactmetrics_sitenote_category":0,"footnotes":""},"categories":[254,279],"tags":[193,330],"class_list":["post-19971","post","type-post","status-publish","format-standard","has-post-thumbnail","hentry","category-blogue-de-page-daccueil","category-nouvelles-de-la-ferme-a-la-cafeteria-canada","tag-canada-fr","tag-justice-alimentaire"],"acf":[],"yoast_head":"<!-- This site is optimized with the Yoast SEO plugin v26.7 - https:\/\/yoast.com\/wordpress\/plugins\/seo\/ -->\n<title>La vie des Noirs compte - Un message de la communaut\u00e9 De la ferme \u00e0 la caf\u00e9t\u00e9ria Canada - Farm to Cafeteria Canada<\/title>\n<meta name=\"robots\" content=\"index, follow, max-snippet:-1, max-image-preview:large, max-video-preview:-1\" \/>\n<link rel=\"canonical\" href=\"https:\/\/www.farmtocafeteriacanada.ca\/2020\/07\/black-lives-matter-a-message-to-the-farm-to-cafeteria-canada-community\/\" \/>\n<meta property=\"og:locale\" content=\"fr_FR\" \/>\n<meta property=\"og:type\" content=\"article\" \/>\n<meta property=\"og:title\" content=\"La vie des Noirs compte - Un message de la communaut\u00e9 De la ferme \u00e0 la caf\u00e9t\u00e9ria Canada - Farm to Cafeteria Canada\" \/>\n<meta property=\"og:description\" content=\"Les deux derni\u00e8res semaines ont \u00e9t\u00e9 marqu\u00e9es par la r\u00e9volte et l\u2019action contre le racisme syst\u00e9mique, l\u2019oppression et la violence connexe qui ont eu et qui continuent d\u2019avoir des r\u00e9percussions sur les Noirs, les Autochtones et les autres personnes de couleur. \u00c0 De la ferme \u00e0 la caf\u00e9t\u00e9ria Canada, nous nous opposons au racisme sous [&hellip;]\" \/>\n<meta property=\"og:url\" content=\"https:\/\/www.farmtocafeteriacanada.ca\/2020\/07\/black-lives-matter-a-message-to-the-farm-to-cafeteria-canada-community\/\" \/>\n<meta property=\"og:site_name\" content=\"Farm to Cafeteria Canada\" \/>\n<meta property=\"article:publisher\" content=\"https:\/\/www.facebook.com\/groups\/FarmtocafeteriaCanada\/\" \/>\n<meta property=\"article:published_time\" content=\"2020-07-09T17:11:23+00:00\" \/>\n<meta property=\"article:modified_time\" content=\"2021-02-05T17:02:13+00:00\" \/>\n<meta property=\"og:image\" content=\"https:\/\/www.farmtocafeteriacanada.ca\/wp-content\/uploads\/black_lives_matter_fr.jpg\" \/>\n\t<meta property=\"og:image:width\" content=\"600\" \/>\n\t<meta property=\"og:image:height\" content=\"300\" \/>\n\t<meta property=\"og:image:type\" content=\"image\/jpeg\" \/>\n<meta name=\"author\" content=\"F2CC admin\" \/>\n<meta name=\"twitter:card\" content=\"summary_large_image\" \/>\n<meta name=\"twitter:creator\" content=\"@Farm2Cafeteria\" \/>\n<meta name=\"twitter:site\" content=\"@Farm2Cafeteria\" \/>\n<meta name=\"twitter:label1\" content=\"\u00c9crit par\" \/>\n\t<meta name=\"twitter:data1\" content=\"F2CC admin\" \/>\n\t<meta name=\"twitter:label2\" content=\"Dur\u00e9e de lecture estim\u00e9e\" \/>\n\t<meta name=\"twitter:data2\" content=\"3 minutes\" \/>\n<script type=\"application\/ld+json\" class=\"yoast-schema-graph\">{\"@context\":\"https:\/\/schema.org\",\"@graph\":[{\"@type\":\"Article\",\"@id\":\"https:\/\/www.farmtocafeteriacanada.ca\/2020\/07\/black-lives-matter-a-message-to-the-farm-to-cafeteria-canada-community\/#article\",\"isPartOf\":{\"@id\":\"https:\/\/www.farmtocafeteriacanada.ca\/2020\/07\/black-lives-matter-a-message-to-the-farm-to-cafeteria-canada-community\/\"},\"author\":{\"name\":\"F2CC admin\",\"@id\":\"https:\/\/www.farmtocafeteriacanada.ca\/#\/schema\/person\/03c2a359a7f0c99b895e08c1e7056708\"},\"headline\":\"La vie des Noirs compte &#8211; Un message de la communaut\u00e9 De la ferme \u00e0 la caf\u00e9t\u00e9ria Canada\",\"datePublished\":\"2020-07-09T17:11:23+00:00\",\"dateModified\":\"2021-02-05T17:02:13+00:00\",\"mainEntityOfPage\":{\"@id\":\"https:\/\/www.farmtocafeteriacanada.ca\/2020\/07\/black-lives-matter-a-message-to-the-farm-to-cafeteria-canada-community\/\"},\"wordCount\":660,\"publisher\":{\"@id\":\"https:\/\/www.farmtocafeteriacanada.ca\/#organization\"},\"image\":{\"@id\":\"https:\/\/www.farmtocafeteriacanada.ca\/2020\/07\/black-lives-matter-a-message-to-the-farm-to-cafeteria-canada-community\/#primaryimage\"},\"thumbnailUrl\":\"https:\/\/www.farmtocafeteriacanada.ca\/wp-content\/uploads\/black_lives_matter_fr.jpg\",\"keywords\":[\"Canada\",\"Justice alimentaire\"],\"articleSection\":[\"Blogue de page d'accueil\",\"Nouvelles De la ferme \u00e0 la caf\u00e9t\u00e9ria Canada\"],\"inLanguage\":\"fr-FR\"},{\"@type\":\"WebPage\",\"@id\":\"https:\/\/www.farmtocafeteriacanada.ca\/2020\/07\/black-lives-matter-a-message-to-the-farm-to-cafeteria-canada-community\/\",\"url\":\"https:\/\/www.farmtocafeteriacanada.ca\/2020\/07\/black-lives-matter-a-message-to-the-farm-to-cafeteria-canada-community\/\",\"name\":\"La vie des Noirs compte - Un message de la communaut\u00e9 De la ferme \u00e0 la caf\u00e9t\u00e9ria Canada - Farm to Cafeteria Canada\",\"isPartOf\":{\"@id\":\"https:\/\/www.farmtocafeteriacanada.ca\/#website\"},\"primaryImageOfPage\":{\"@id\":\"https:\/\/www.farmtocafeteriacanada.ca\/2020\/07\/black-lives-matter-a-message-to-the-farm-to-cafeteria-canada-community\/#primaryimage\"},\"image\":{\"@id\":\"https:\/\/www.farmtocafeteriacanada.ca\/2020\/07\/black-lives-matter-a-message-to-the-farm-to-cafeteria-canada-community\/#primaryimage\"},\"thumbnailUrl\":\"https:\/\/www.farmtocafeteriacanada.ca\/wp-content\/uploads\/black_lives_matter_fr.jpg\",\"datePublished\":\"2020-07-09T17:11:23+00:00\",\"dateModified\":\"2021-02-05T17:02:13+00:00\",\"breadcrumb\":{\"@id\":\"https:\/\/www.farmtocafeteriacanada.ca\/2020\/07\/black-lives-matter-a-message-to-the-farm-to-cafeteria-canada-community\/#breadcrumb\"},\"inLanguage\":\"fr-FR\",\"potentialAction\":[{\"@type\":\"ReadAction\",\"target\":[\"https:\/\/www.farmtocafeteriacanada.ca\/2020\/07\/black-lives-matter-a-message-to-the-farm-to-cafeteria-canada-community\/\"]}]},{\"@type\":\"ImageObject\",\"inLanguage\":\"fr-FR\",\"@id\":\"https:\/\/www.farmtocafeteriacanada.ca\/2020\/07\/black-lives-matter-a-message-to-the-farm-to-cafeteria-canada-community\/#primaryimage\",\"url\":\"https:\/\/www.farmtocafeteriacanada.ca\/wp-content\/uploads\/black_lives_matter_fr.jpg\",\"contentUrl\":\"https:\/\/www.farmtocafeteriacanada.ca\/wp-content\/uploads\/black_lives_matter_fr.jpg\",\"width\":600,\"height\":300},{\"@type\":\"BreadcrumbList\",\"@id\":\"https:\/\/www.farmtocafeteriacanada.ca\/2020\/07\/black-lives-matter-a-message-to-the-farm-to-cafeteria-canada-community\/#breadcrumb\",\"itemListElement\":[{\"@type\":\"ListItem\",\"position\":1,\"name\":\"Home\",\"item\":\"https:\/\/www.farmtocafeteriacanada.ca\/fr\/accueil\/\"},{\"@type\":\"ListItem\",\"position\":2,\"name\":\"La vie des Noirs compte &#8211; Un message de la communaut\u00e9 De la ferme \u00e0 la caf\u00e9t\u00e9ria Canada\"}]},{\"@type\":\"WebSite\",\"@id\":\"https:\/\/www.farmtocafeteriacanada.ca\/#website\",\"url\":\"https:\/\/www.farmtocafeteriacanada.ca\/\",\"name\":\"Farm to Cafeteria Canada\",\"description\":\"\",\"publisher\":{\"@id\":\"https:\/\/www.farmtocafeteriacanada.ca\/#organization\"},\"potentialAction\":[{\"@type\":\"SearchAction\",\"target\":{\"@type\":\"EntryPoint\",\"urlTemplate\":\"https:\/\/www.farmtocafeteriacanada.ca\/?s={search_term_string}\"},\"query-input\":{\"@type\":\"PropertyValueSpecification\",\"valueRequired\":true,\"valueName\":\"search_term_string\"}}],\"inLanguage\":\"fr-FR\"},{\"@type\":\"Organization\",\"@id\":\"https:\/\/www.farmtocafeteriacanada.ca\/#organization\",\"name\":\"Farm to Cafeteria Canada\",\"url\":\"https:\/\/www.farmtocafeteriacanada.ca\/\",\"logo\":{\"@type\":\"ImageObject\",\"inLanguage\":\"fr-FR\",\"@id\":\"https:\/\/www.farmtocafeteriacanada.ca\/#\/schema\/logo\/image\/\",\"url\":\"http:\/\/www.farmtocafeteriacanada.ca\/wp-content\/uploads\/2015\/03\/f2cc_logo_en2.png\",\"contentUrl\":\"http:\/\/www.farmtocafeteriacanada.ca\/wp-content\/uploads\/2015\/03\/f2cc_logo_en2.png\",\"width\":3000,\"height\":476,\"caption\":\"Farm to Cafeteria Canada\"},\"image\":{\"@id\":\"https:\/\/www.farmtocafeteriacanada.ca\/#\/schema\/logo\/image\/\"},\"sameAs\":[\"https:\/\/www.facebook.com\/groups\/FarmtocafeteriaCanada\/\",\"https:\/\/x.com\/Farm2Cafeteria\",\"https:\/\/www.youtube.com\/channel\/UCQjcYiICtAygShD3IwNsewQ\"]},{\"@type\":\"Person\",\"@id\":\"https:\/\/www.farmtocafeteriacanada.ca\/#\/schema\/person\/03c2a359a7f0c99b895e08c1e7056708\",\"name\":\"F2CC admin\",\"image\":{\"@type\":\"ImageObject\",\"inLanguage\":\"fr-FR\",\"@id\":\"https:\/\/www.farmtocafeteriacanada.ca\/#\/schema\/person\/image\/\",\"url\":\"https:\/\/secure.gravatar.com\/avatar\/c1ddaee9a55673d852314381577bb8198996fbef53c8e2320536bf543b7712b4?s=96&d=mm&r=g\",\"contentUrl\":\"https:\/\/secure.gravatar.com\/avatar\/c1ddaee9a55673d852314381577bb8198996fbef53c8e2320536bf543b7712b4?s=96&d=mm&r=g\",\"caption\":\"F2CC admin\"},\"url\":\"https:\/\/www.farmtocafeteriacanada.ca\/fr\/author\/tracey\/\"}]}<\/script>\n<!-- \/ Yoast SEO plugin. -->","yoast_head_json":{"title":"La vie des Noirs compte - Un message de la communaut\u00e9 De la ferme \u00e0 la caf\u00e9t\u00e9ria Canada - Farm to Cafeteria Canada","robots":{"index":"index","follow":"follow","max-snippet":"max-snippet:-1","max-image-preview":"max-image-preview:large","max-video-preview":"max-video-preview:-1"},"canonical":"https:\/\/www.farmtocafeteriacanada.ca\/2020\/07\/black-lives-matter-a-message-to-the-farm-to-cafeteria-canada-community\/","og_locale":"fr_FR","og_type":"article","og_title":"La vie des Noirs compte - Un message de la communaut\u00e9 De la ferme \u00e0 la caf\u00e9t\u00e9ria Canada - Farm to Cafeteria Canada","og_description":"Les deux derni\u00e8res semaines ont \u00e9t\u00e9 marqu\u00e9es par la r\u00e9volte et l\u2019action contre le racisme syst\u00e9mique, l\u2019oppression et la violence connexe qui ont eu et qui continuent d\u2019avoir des r\u00e9percussions sur les Noirs, les Autochtones et les autres personnes de couleur. \u00c0 De la ferme \u00e0 la caf\u00e9t\u00e9ria Canada, nous nous opposons au racisme sous [&hellip;]","og_url":"https:\/\/www.farmtocafeteriacanada.ca\/2020\/07\/black-lives-matter-a-message-to-the-farm-to-cafeteria-canada-community\/","og_site_name":"Farm to Cafeteria Canada","article_publisher":"https:\/\/www.facebook.com\/groups\/FarmtocafeteriaCanada\/","article_published_time":"2020-07-09T17:11:23+00:00","article_modified_time":"2021-02-05T17:02:13+00:00","og_image":[{"width":600,"height":300,"url":"https:\/\/www.farmtocafeteriacanada.ca\/wp-content\/uploads\/black_lives_matter_fr.jpg","type":"image\/jpeg"}],"author":"F2CC admin","twitter_card":"summary_large_image","twitter_creator":"@Farm2Cafeteria","twitter_site":"@Farm2Cafeteria","twitter_misc":{"\u00c9crit par":"F2CC admin","Dur\u00e9e de lecture estim\u00e9e":"3 minutes"},"schema":{"@context":"https:\/\/schema.org","@graph":[{"@type":"Article","@id":"https:\/\/www.farmtocafeteriacanada.ca\/2020\/07\/black-lives-matter-a-message-to-the-farm-to-cafeteria-canada-community\/#article","isPartOf":{"@id":"https:\/\/www.farmtocafeteriacanada.ca\/2020\/07\/black-lives-matter-a-message-to-the-farm-to-cafeteria-canada-community\/"},"author":{"name":"F2CC admin","@id":"https:\/\/www.farmtocafeteriacanada.ca\/#\/schema\/person\/03c2a359a7f0c99b895e08c1e7056708"},"headline":"La vie des Noirs compte &#8211; Un message de la communaut\u00e9 De la ferme \u00e0 la caf\u00e9t\u00e9ria Canada","datePublished":"2020-07-09T17:11:23+00:00","dateModified":"2021-02-05T17:02:13+00:00","mainEntityOfPage":{"@id":"https:\/\/www.farmtocafeteriacanada.ca\/2020\/07\/black-lives-matter-a-message-to-the-farm-to-cafeteria-canada-community\/"},"wordCount":660,"publisher":{"@id":"https:\/\/www.farmtocafeteriacanada.ca\/#organization"},"image":{"@id":"https:\/\/www.farmtocafeteriacanada.ca\/2020\/07\/black-lives-matter-a-message-to-the-farm-to-cafeteria-canada-community\/#primaryimage"},"thumbnailUrl":"https:\/\/www.farmtocafeteriacanada.ca\/wp-content\/uploads\/black_lives_matter_fr.jpg","keywords":["Canada","Justice alimentaire"],"articleSection":["Blogue de page d'accueil","Nouvelles De la ferme \u00e0 la caf\u00e9t\u00e9ria Canada"],"inLanguage":"fr-FR"},{"@type":"WebPage","@id":"https:\/\/www.farmtocafeteriacanada.ca\/2020\/07\/black-lives-matter-a-message-to-the-farm-to-cafeteria-canada-community\/","url":"https:\/\/www.farmtocafeteriacanada.ca\/2020\/07\/black-lives-matter-a-message-to-the-farm-to-cafeteria-canada-community\/","name":"La vie des Noirs compte - Un message de la communaut\u00e9 De la ferme \u00e0 la caf\u00e9t\u00e9ria Canada - Farm to Cafeteria Canada","isPartOf":{"@id":"https:\/\/www.farmtocafeteriacanada.ca\/#website"},"primaryImageOfPage":{"@id":"https:\/\/www.farmtocafeteriacanada.ca\/2020\/07\/black-lives-matter-a-message-to-the-farm-to-cafeteria-canada-community\/#primaryimage"},"image":{"@id":"https:\/\/www.farmtocafeteriacanada.ca\/2020\/07\/black-lives-matter-a-message-to-the-farm-to-cafeteria-canada-community\/#primaryimage"},"thumbnailUrl":"https:\/\/www.farmtocafeteriacanada.ca\/wp-content\/uploads\/black_lives_matter_fr.jpg","datePublished":"2020-07-09T17:11:23+00:00","dateModified":"2021-02-05T17:02:13+00:00","breadcrumb":{"@id":"https:\/\/www.farmtocafeteriacanada.ca\/2020\/07\/black-lives-matter-a-message-to-the-farm-to-cafeteria-canada-community\/#breadcrumb"},"inLanguage":"fr-FR","potentialAction":[{"@type":"ReadAction","target":["https:\/\/www.farmtocafeteriacanada.ca\/2020\/07\/black-lives-matter-a-message-to-the-farm-to-cafeteria-canada-community\/"]}]},{"@type":"ImageObject","inLanguage":"fr-FR","@id":"https:\/\/www.farmtocafeteriacanada.ca\/2020\/07\/black-lives-matter-a-message-to-the-farm-to-cafeteria-canada-community\/#primaryimage","url":"https:\/\/www.farmtocafeteriacanada.ca\/wp-content\/uploads\/black_lives_matter_fr.jpg","contentUrl":"https:\/\/www.farmtocafeteriacanada.ca\/wp-content\/uploads\/black_lives_matter_fr.jpg","width":600,"height":300},{"@type":"BreadcrumbList","@id":"https:\/\/www.farmtocafeteriacanada.ca\/2020\/07\/black-lives-matter-a-message-to-the-farm-to-cafeteria-canada-community\/#breadcrumb","itemListElement":[{"@type":"ListItem","position":1,"name":"Home","item":"https:\/\/www.farmtocafeteriacanada.ca\/fr\/accueil\/"},{"@type":"ListItem","position":2,"name":"La vie des Noirs compte &#8211; Un message de la communaut\u00e9 De la ferme \u00e0 la caf\u00e9t\u00e9ria Canada"}]},{"@type":"WebSite","@id":"https:\/\/www.farmtocafeteriacanada.ca\/#website","url":"https:\/\/www.farmtocafeteriacanada.ca\/","name":"Farm to Cafeteria Canada","description":"","publisher":{"@id":"https:\/\/www.farmtocafeteriacanada.ca\/#organization"},"potentialAction":[{"@type":"SearchAction","target":{"@type":"EntryPoint","urlTemplate":"https:\/\/www.farmtocafeteriacanada.ca\/?s={search_term_string}"},"query-input":{"@type":"PropertyValueSpecification","valueRequired":true,"valueName":"search_term_string"}}],"inLanguage":"fr-FR"},{"@type":"Organization","@id":"https:\/\/www.farmtocafeteriacanada.ca\/#organization","name":"Farm to Cafeteria Canada","url":"https:\/\/www.farmtocafeteriacanada.ca\/","logo":{"@type":"ImageObject","inLanguage":"fr-FR","@id":"https:\/\/www.farmtocafeteriacanada.ca\/#\/schema\/logo\/image\/","url":"http:\/\/www.farmtocafeteriacanada.ca\/wp-content\/uploads\/2015\/03\/f2cc_logo_en2.png","contentUrl":"http:\/\/www.farmtocafeteriacanada.ca\/wp-content\/uploads\/2015\/03\/f2cc_logo_en2.png","width":3000,"height":476,"caption":"Farm to Cafeteria Canada"},"image":{"@id":"https:\/\/www.farmtocafeteriacanada.ca\/#\/schema\/logo\/image\/"},"sameAs":["https:\/\/www.facebook.com\/groups\/FarmtocafeteriaCanada\/","https:\/\/x.com\/Farm2Cafeteria","https:\/\/www.youtube.com\/channel\/UCQjcYiICtAygShD3IwNsewQ"]},{"@type":"Person","@id":"https:\/\/www.farmtocafeteriacanada.ca\/#\/schema\/person\/03c2a359a7f0c99b895e08c1e7056708","name":"F2CC admin","image":{"@type":"ImageObject","inLanguage":"fr-FR","@id":"https:\/\/www.farmtocafeteriacanada.ca\/#\/schema\/person\/image\/","url":"https:\/\/secure.gravatar.com\/avatar\/c1ddaee9a55673d852314381577bb8198996fbef53c8e2320536bf543b7712b4?s=96&d=mm&r=g","contentUrl":"https:\/\/secure.gravatar.com\/avatar\/c1ddaee9a55673d852314381577bb8198996fbef53c8e2320536bf543b7712b4?s=96&d=mm&r=g","caption":"F2CC admin"},"url":"https:\/\/www.farmtocafeteriacanada.ca\/fr\/author\/tracey\/"}]}},"_links":{"self":[{"href":"https:\/\/www.farmtocafeteriacanada.ca\/fr\/wp-json\/wp\/v2\/posts\/19971","targetHints":{"allow":["GET"]}}],"collection":[{"href":"https:\/\/www.farmtocafeteriacanada.ca\/fr\/wp-json\/wp\/v2\/posts"}],"about":[{"href":"https:\/\/www.farmtocafeteriacanada.ca\/fr\/wp-json\/wp\/v2\/types\/post"}],"author":[{"embeddable":true,"href":"https:\/\/www.farmtocafeteriacanada.ca\/fr\/wp-json\/wp\/v2\/users\/3"}],"replies":[{"embeddable":true,"href":"https:\/\/www.farmtocafeteriacanada.ca\/fr\/wp-json\/wp\/v2\/comments?post=19971"}],"version-history":[{"count":5,"href":"https:\/\/www.farmtocafeteriacanada.ca\/fr\/wp-json\/wp\/v2\/posts\/19971\/revisions"}],"predecessor-version":[{"id":22342,"href":"https:\/\/www.farmtocafeteriacanada.ca\/fr\/wp-json\/wp\/v2\/posts\/19971\/revisions\/22342"}],"wp:featuredmedia":[{"embeddable":true,"href":"https:\/\/www.farmtocafeteriacanada.ca\/fr\/wp-json\/wp\/v2\/media\/19972"}],"wp:attachment":[{"href":"https:\/\/www.farmtocafeteriacanada.ca\/fr\/wp-json\/wp\/v2\/media?parent=19971"}],"wp:term":[{"taxonomy":"category","embeddable":true,"href":"https:\/\/www.farmtocafeteriacanada.ca\/fr\/wp-json\/wp\/v2\/categories?post=19971"},{"taxonomy":"post_tag","embeddable":true,"href":"https:\/\/www.farmtocafeteriacanada.ca\/fr\/wp-json\/wp\/v2\/tags?post=19971"}],"curies":[{"name":"wp","href":"https:\/\/api.w.org\/{rel}","templated":true}]}}