
{"id":19380,"date":"2020-06-10T06:00:35","date_gmt":"2020-06-10T11:00:35","guid":{"rendered":"http:\/\/www.farmtocafeteriacanada.ca\/?p=19380"},"modified":"2021-05-06T16:30:45","modified_gmt":"2021-05-06T21:30:45","slug":"decouvrir-lalimentation-a-la-maison-inspiration-et-ressources-durant-la-periode-de-la-covid-19","status":"publish","type":"post","link":"https:\/\/www.farmtocafeteriacanada.ca\/fr\/2020\/06\/decouvrir-lalimentation-a-la-maison-inspiration-et-ressources-durant-la-periode-de-la-covid-19\/","title":{"rendered":"D\u00e9couvrir l\u2019alimentation \u00e0 la maison\u00a0: inspiration et ressources durant la p\u00e9riode de la COVID-19"},"content":{"rendered":"<p><em>Photo : <a href=\"https:\/\/unsplash.com\/@alyson_jane?utm_source=unsplash&amp;utm_medium=referral&amp;utm_content=creditCopyText\">Alyson McPhee<\/a> sur <a href=\"https:\/\/unsplash.com\/s\/photos\/cooking-at-home?utm_source=unsplash&amp;utm_medium=referral&amp;utm_content=creditCopyText\">Unsplash<\/a><\/em><\/p>\n<hr \/>\n<h5 class=\"p1\"><span class=\"s1\">Si la COVID-19 exige la distanciation physique, les gens se rapprochent plus que jamais dans les r\u00e9seaux sociaux, o\u00f9 la conversation tourne souvent autour de la nourriture.<\/span><\/h5>\n<p class=\"p1\"><span class=\"s1\">La pand\u00e9mie a donn\u00e9 un nouvel \u00e9lan \u00e0 un mouvement grandissant dans la soci\u00e9t\u00e9 civile, celui qui vise \u00e0 red\u00e9couvrir et \u00e0 se r\u00e9approprier les syst\u00e8mes alimentaires. Les \u00e9tablissements comme les \u00e9coles font \u0153uvre de pionni\u00e8re en raison du r\u00f4le essentiel qu\u2019elles jouent pour permettre aux \u00e9l\u00e8ves et \u00e0 des communaut\u00e9s enti\u00e8res d\u2019acc\u00e9der \u00e0 des aliments sains. Les \u00e9coles peuvent aussi contribuer \u00e0 la reprise \u00e9conomique en exploitant leur pouvoir d\u2019achat pour appuyer les agriculteurs, r\u00e9colteurs, chasseurs, p\u00eacheurs et autres acteurs canadiens.<\/span><\/p>\n<p class=\"p1\"><span class=\"s1\">Les paragraphes qui suivent offrent un r\u00e9sum\u00e9 des conversations \u00e9mergentes, de nouvelles perspectives et de liens menant \u00e0 des ressources relatives \u00e0 la COVID-19 et \u00e0 l\u2019alimentation. Si vous avez une histoire ou une ressource \u00e0 partager, veuillez envoyer un courriel \u00e0 <a href=\"mailto:farm2cafeteriacanada@gmail.com\"><span class=\"s2\">farm2cafeteriacanada@gmail.com<\/span><\/a><\/span><span class=\"s2\">.<\/span><\/p>\n<hr \/>\n<h6 class=\"p1\"><span class=\"s1\" style=\"color: #00938b;\"><b>Sources d\u2019inspiration pour r\u00e9aliser des activit\u00e9s De la ferme \u00e0 l\u2019\u00e9cole chez vous!<\/b><\/span><\/h6>\n<p class=\"p1\"><span class=\"s1\">M\u00eame si la plupart des \u00e9l\u00e8ves ne sont pas physiquement \u00e0 l\u2019\u00e9cole, cela ne les emp\u00eache pas de r\u00e9aliser des activit\u00e9s De la ferme \u00e0 l\u2019\u00e9cole n\u2019importe o\u00f9! Vous trouverez ci-dessous des documents, des le\u00e7ons, des vid\u00e9os et bien plus pour inciter vos \u00e9l\u00e8ves \u00e0 explorer les syst\u00e8mes alimentaires sains et locaux. <\/span><\/p>\n<ul>\n<li class=\"p1\"><span class=\"s1\">Notre <a href=\"https:\/\/www.farmtocafeteriacanada.ca\/get-started\/farm-to-school-month-in-canada\/healthy-people-healthy-planet-resource-list\/\"><span class=\"s2\">list<\/span><\/a><\/span><span class=\"s2\">e<\/span><span class=\"s1\"> de ressources <b>Bon pour nous et notre plan\u00e8te <\/b>, dress\u00e9e dans le cadre du Mois De la ferme \u00e0 l\u2019\u00e9cole 2019, donne acc\u00e8s \u00e0 un ensemble exhaustif de ressources et d\u2019activit\u00e9s d\u2019apprentissage pratique.<\/span><\/li>\n<li class=\"p1\"><span class=\"s1\">Sustain Ontario a \u00e9tabli une <a href=\"https:\/\/sustainontario.com\/work\/edible-education\/food-literacy-covid-19\/\"><span class=\"s2\">liste<\/span><\/a> de <b>ressources en mati\u00e8re de litt\u00e9ratie alimentaire<\/b> durant la p\u00e9riode de la COVID. <a href=\"https:\/\/sustainontario.com\/2020\/04\/14\/webinar-food-literacy-remote-learning\/\"><span class=\"s2\">Regardez<\/span><\/a> son r\u00e9cent webinaire sur le sujet.<\/span><\/li>\n<li class=\"p1\"><span class=\"s1\">Nos partenaires \u00e0 Food First Newfoundland ont une <a href=\"https:\/\/healthyeatingnl.ca\/resource-library\/teaching-food-skills\/\"><span class=\"s2\">biblioth\u00e8que<\/span><\/a> sp\u00e9cialis\u00e9e dans <b>l\u2019enseignement de comp\u00e9tences alimentaires<\/b>, allant de la culture \u00e0 la r\u00e9colte en passant par la mise en conserve et le compostage.<\/span><\/li>\n<li class=\"p1\"><span class=\"s1\"><b>D\u00e9couvrez et cuisinez les fruits et l\u00e9gumes locaux <\/b>\u00e0 la maison en utilisant les <a href=\"https:\/\/equiterre.org\/en\/project\/schools-take-root\/quebec-fruit-and-vegetable-recipe-cards\"><span class=\"s2\">fiches-recettes<\/span><\/a> d\u2019\u00c9quiterre.\u00a0<\/span><\/li>\n<li class=\"p1\"><span class=\"s1\"><b>Le jardinage \u00e0 l\u2019honneur!<\/b> <\/span><span class=\"s3\">Halton Food<\/span><span class=\"s1\"> anime des conversations hebdomadaires tous les mercredis \u00e0 13<\/span><span class=\"s3\">\u00a0h (HNE). \u00c9coutez les<\/span><span class=\"s1\"> <a href=\"https:\/\/www.youtube.com\/channel\/UCrxC0VqaufvqB7BVTkzIIEw\"><span class=\"s2\">enregistrements<\/span><\/a> des semaines pr\u00e9c\u00e9dentes ou <a href=\"https:\/\/us02web.zoom.us\/meeting\/register\/tZUrd-itrT4qHNC9mLuPAqLkecm7z9NWu83F\"><span class=\"s2\">inscrivez-vous<\/span><\/a> \u00e0 une conversation \u00e0 venir. <\/span><\/li>\n<li class=\"p1\"><span class=\"s1\">Farm to School BC anime<b> <\/b>les<b> webinaires du mercredi<\/b>. Jetez un coup d\u2019\u0153il sur sa liste de <a href=\"https:\/\/farmtoschoolbc.ca\/webinar-series\/\"><span class=\"s2\">sujets \u00e0 venir et d\u2019enregistrements ant\u00e9rieurs<\/span><\/a>. <\/span><\/li>\n<li class=\"p1\"><span class=\"s1\">Growing Chefs in BC a publi\u00e9 un ensemble divertissant de <a href=\"https:\/\/www.growingchefs.ca\/whats-new\"><span class=\"s2\">cours par vid\u00e9o<\/span><\/a> pour apprendre \u00e0 jardiner et \u00e0 cuisiner \u00e0 la maison.<\/span><\/li>\n<li class=\"p1\"><span class=\"s1\">Dans sa rubrique hebdomadaire <a href=\"https:\/\/freshroots.ca\/blog\/category\/at-home-learning-resources\/\"><span class=\"s2\">Fresh Five<\/span><\/a>, la Fresh Root&#8217;s<b> <\/b>Urban Farm Society<b> <\/b>propose une <b>liste d\u2019id\u00e9es et de ressources pour apprendre \u00e0 la maison.<\/b> <\/span><\/li>\n<li>Le projet CHEF de Vancouver a d\u00e9plac\u00e9 une grande partie de sa <strong>programmation en ligne pour soutenir les enseignants, les parents et les enfants<\/strong>. Consultez leur <a href=\"http:\/\/projectchef.ca\/recipes\/\">site web<\/a> et leur <a href=\"https:\/\/www.youtube.com\/channel\/UCO1OmoMkSTQSxZqshkove5w\">cha\u00eene YouTube<\/a> pour une grande vari\u00e9t\u00e9 de ressources \u00e0 domicile, accessibles \u00e0 tous.<\/li>\n<\/ul>\n<hr \/>\n<h6 class=\"p1\"><span class=\"s1\" style=\"color: #00938b;\"><b>Les gouvernements appuient l\u2019\u00ab\u00a0action locale\u00a0\u00bb<\/b><\/span><\/h6>\n<p class=\"p1\"><span class=\"s1\">Tous les ordres de gouvernement appuient les efforts d\u00e9ploy\u00e9s pour augmenter la production alimentaire dans leurs r\u00e9gions et ils nous exhortent tous \u00e0 acheter local. Les liens ci-dessous font partie de cette conversation de plus en plus courante\u00a0:<\/span><\/p>\n<ul>\n<li class=\"p1\"><span class=\"s1\"><strong>Le premier ministre Justin Trudeau<\/strong> encourage les gens \u00e0 <a href=\"https:\/\/globalnews.ca\/news\/6943395\/justin-trudeau-buy-canadian-coronavirus\/\"><span class=\"s2\">acheter des aliments et des produits d\u2019origine canadienne<\/span><\/a> durant la p\u00e9riode de la COVID-19.<\/span><\/li>\n<li class=\"p1\"><span class=\"s1\"><strong>Le d\u00e9put\u00e9 f\u00e9d\u00e9ral de Nanaimo-Ladysmith, Paul Manly du Parti Vert du Canada<\/strong>, exige la <a href=\"https:\/\/www.youtube.com\/watch?v=3puFVAYV4no&amp;feature=share&amp;fbclid=IwAR3djGOPIMv4qM2Nk5r05dGJX1gLpBebYzK8MoDWRybHXX6D1oT88RB7c8s\"><span class=\"s2\">production alimentaire localis\u00e9e<\/span><\/a> au Canada.\u00a0<\/span><\/li>\n<li class=\"p1\"><span class=\"s1\"><strong>Le premier ministre du Nouveau-Brunswick, Blaine Higgs<\/strong>, exige <a href=\"https:\/\/www.cbc.ca\/news\/canada\/new-brunswick\/covid-carrots-producing-food-1.5541180?fbclid=IwAR0UPJGm3sbP-o_O6GenZF0ceygiw5JcA6069Mhg2P3AGRYEhr_Nb0N3MoI\"><span class=\"s2\">plus de fruits et de l\u00e9gumes locaux<\/span><\/a> dans la province. <\/span><\/li>\n<li class=\"p1\"><span class=\"s1\"><strong>Le gouvernement du Qu\u00e9bec<\/strong> investira <a href=\"https:\/\/montreal.ctvnews.ca\/quebec-government-announces-2-5-billion-to-support-local-food-industry-1.3874616\"><span class=\"s2\">2,5 milliards de dollars dans la fili\u00e8re alimentaire provinciale<\/span><\/a> sur une p\u00e9riode de cinq ans. <\/span><\/li>\n<\/ul>\n<hr \/>\n<h6 class=\"p1\"><span class=\"s1\"><b><span style=\"color: #00938b;\">Politiques alimentaires en r\u00e9ponse \u00e0 la COVID-19<\/span> <\/b><\/span><\/h6>\n<ul>\n<li><span class=\"s1\">Document du R\u00e9seau pour une alimentation saine et durable\u00a0: <strong>Accro\u00eetre la r\u00e9silience et l\u2019\u00e9quit\u00e9\u00a0\u2013 Un plan d\u2019action pour la politique alimentaire dans le cadre de la Covid-19<\/strong>. <a href=\"https:\/\/foodsecurecanada.org\/sites\/foodsecurecanada.org\/files\/2020-05_-_gre_exec_summary_fr_12_59.pdf\"><span class=\"s2\">Lire le r\u00e9sum\u00e9<\/span><\/a> et le <a href=\"https:\/\/foodsecurecanada.org\/sites\/foodsecurecanada.org\/files\/2020-05_-_gre_fr_16_28.pdf\"><span class=\"s2\">plan complet<\/span><\/a>. <\/span><\/li>\n<li><span class=\"s2\"><a href=\"https:\/\/click.icptrack.com\/icp\/relay.php?r=38035897&amp;msgid=354517&amp;act=4F23&amp;c=1442707&amp;destination=http%253A%252F%252Fwww.farmtoschool.org%252Fdocuments%252FNFSN-COVID-PolicyPlatform.pdf&amp;cf=15540&amp;v=a47b20c7f340c25a0a2eedb7dda94d9d4f8b8b629b7c8e45ed3df620ad0fea48\">Plateforme politique<\/a><\/span><span class=\"s1\"> relative \u00e0 la COVID-19 du US National Farm to School Network <\/span><\/li>\n<\/ul>\n<hr \/>\n<h6 class=\"p1\"><span class=\"s1\" style=\"color: #00938b;\"><b>Autres ressources et liens relatifs \u00e0 l\u2019alimentation<\/b><\/span><\/h6>\n<ul>\n<li class=\"p1\"><span class=\"s1\"><strong>Mobilizing communities to increase access to healthy school foods while schools are closed.<\/strong> R\u00e9dig\u00e9 par nos partenaires \u00e0 Sustain Ontario, cet article r\u00e9sume certaines des premi\u00e8res interventions communautaires relatives \u00e0 l\u2019alimentation scolaire et \u00e0 la COVID-19. Lisez-le <a href=\"https:\/\/www.healthyschoolfood.ca\/post\/mobilizing-communities-to-increase-access-to-healthy-food-while-schools-are-closed\"><span class=\"s2\">ici.<\/span><\/a> <\/span><\/li>\n<li class=\"p1\"><span class=\"s1\"><strong>La Coalition pour une saine alimentation scolaire<\/strong> dresse une liste des <a href=\"https:\/\/www.healthyschoolfood.ca\/covid-19-school-food\"><span class=\"s2\">articles sur l\u2019alimentation scolaire et la COVID-19<\/span><\/a> publi\u00e9s dans les m\u00e9dias chaque semaine. <\/span><\/li>\n<li class=\"p1\"><span class=\"s1\">On s\u2019int\u00e9resse de plus en plus \u00e0 la p\u00e9dagogie ext\u00e9rieure comme outil pour favoriser la distanciation physique et permettre aux \u00e9l\u00e8ves de b\u00e9n\u00e9ficier de l\u2019apprentissage en nature. Lisez <a href=\"https:\/\/centdegres.ca\/magazine\/sante-et-societe\/deconfinement-distanciation-physique-enfants-pedagogie-exterieure\/\"><span class=\"s2\">cet appel<\/span><\/a> <strong>\u00e0 la p\u00e9dagogie en plein air publi\u00e9 dans la revue qu\u00e9b\u00e9coise 100\u00b0 et consultez<\/strong> <a href=\"https:\/\/meganzeni.com\/playful-learning-outdoors-in-may-during-covid-19\/\"><span class=\"s2\">cette liste<\/span><\/a> d\u2019id\u00e9es d\u2019activit\u00e9s d\u2019apprentissage en plein air dress\u00e9e par une enseignante de la Colombie-Britannique, Megan Zeni.<\/span><\/li>\n<li class=\"p1\"><span class=\"s1\">Cherchez-vous <strong>des recommandations pour manger sainement<\/strong> et de fa\u00e7on salubre durant la pand\u00e9mie de COVID-19? Vous trouverez les renseignements les plus r\u00e9cents sur la salubrit\u00e9 des aliments pendant la pand\u00e9mie de COVID-19 sur le site Web de l\u2019<a href=\"https:\/\/www.canada.ca\/fr\/sante-canada\/services\/aliments-nutrition\/salubrite-aliments\/covid19.html\"><span class=\"s2\">Agence de la sant\u00e9 publique du Canada<\/span><\/a>. <\/span><span class=\"s3\">Les Di\u00e9t\u00e9tistes du Canada fournit aussi des liens menant \u00e0 d\u2019autres renseignements et mises \u00e0 jour sur son <a href=\"https:\/\/www.dietitians.ca\/News\/2020\/Advice-for-the-general-public-about-COVID-19\"><span class=\"s2\">site Web<\/span><\/a>. <\/span><\/li>\n<li class=\"p2\"><span class=\"s1\">Nos partenaires du <strong>US National Farm to School Network<\/strong> ont une liste de plus en plus longue de <a href=\"http:\/\/www.farmtoschool.org\/resources-main\/covid-19-resources-for-farm-to-school-and-ece\"><span class=\"s2\">ressources<\/span><\/a> relatives \u00e0 la COVID-19 et au mouvement De la ferme \u00e0 l\u2019\u00e9cole.<\/span><\/li>\n<\/ul>\n<p class=\"p1\"><strong><span class=\"s1\">Si vous souhaitez nous faire part d\u2019autres articles ou ressources sur le sujet, veuillez nous envoyer un courriel \u00e0 <a href=\"mailto:farm2cafeteriacanada@gmail.com\"><span class=\"s2\">farm2cafeteriacanada@gmail.com<\/span><\/a>.<\/span><\/strong><\/p>\n","protected":false},"excerpt":{"rendered":"<p>Photo : Alyson McPhee sur Unsplash Si la COVID-19 exige la distanciation physique, les gens se rapprochent plus que jamais dans les r\u00e9seaux sociaux, o\u00f9 la conversation tourne souvent autour de la nourriture. La pand\u00e9mie a donn\u00e9 un nouvel \u00e9lan \u00e0 un mouvement grandissant dans la soci\u00e9t\u00e9 civile, celui qui vise \u00e0 red\u00e9couvrir et \u00e0 [&hellip;]<\/p>\n","protected":false},"author":3,"featured_media":19240,"comment_status":"closed","ping_status":"open","sticky":false,"template":"","format":"standard","meta":{"_acf_changed":false,"_exactmetrics_skip_tracking":false,"_exactmetrics_sitenote_active":false,"_exactmetrics_sitenote_note":"","_exactmetrics_sitenote_category":0,"footnotes":""},"categories":[254,29,141,195,192],"tags":[325,327,193,322,321,331,334,342,329,26,356],"class_list":["post-19380","post","type-post","status-publish","format-standard","has-post-thumbnail","hentry","category-blogue-de-page-daccueil","category-francais","category-outils_boite_a_outils","category-video","category-webinar-fr","tag-aliments-locaux","tag-apprentissage-pratique","tag-canada-fr","tag-cuisiner","tag-cultiver","tag-environnement","tag-politique","tag-ressource-pratique","tag-securite-alimentaire","tag-video-fr","tag-webinaire"],"acf":[],"yoast_head":"<!-- This site is optimized with the Yoast SEO plugin v26.7 - https:\/\/yoast.com\/wordpress\/plugins\/seo\/ -->\n<title>D\u00e9couvrir l\u2019alimentation \u00e0 la maison\u00a0: inspiration et ressources durant la p\u00e9riode de la COVID-19 - Farm to Cafeteria Canada<\/title>\n<meta name=\"robots\" content=\"index, follow, max-snippet:-1, max-image-preview:large, max-video-preview:-1\" \/>\n<link rel=\"canonical\" href=\"https:\/\/www.farmtocafeteriacanada.ca\/2020\/06\/learning-about-food-at-home-inspiration-resources-in-the-time-of-covid-19\/\" \/>\n<meta property=\"og:locale\" content=\"fr_FR\" \/>\n<meta property=\"og:type\" content=\"article\" \/>\n<meta property=\"og:title\" content=\"D\u00e9couvrir l\u2019alimentation \u00e0 la maison\u00a0: inspiration et ressources durant la p\u00e9riode de la COVID-19 - Farm to Cafeteria Canada\" \/>\n<meta property=\"og:description\" content=\"Photo : Alyson McPhee sur Unsplash Si la COVID-19 exige la distanciation physique, les gens se rapprochent plus que jamais dans les r\u00e9seaux sociaux, o\u00f9 la conversation tourne souvent autour de la nourriture. La pand\u00e9mie a donn\u00e9 un nouvel \u00e9lan \u00e0 un mouvement grandissant dans la soci\u00e9t\u00e9 civile, celui qui vise \u00e0 red\u00e9couvrir et \u00e0 [&hellip;]\" \/>\n<meta property=\"og:url\" content=\"https:\/\/www.farmtocafeteriacanada.ca\/2020\/06\/learning-about-food-at-home-inspiration-resources-in-the-time-of-covid-19\/\" \/>\n<meta property=\"og:site_name\" content=\"Farm to Cafeteria Canada\" \/>\n<meta property=\"article:publisher\" content=\"https:\/\/www.facebook.com\/groups\/FarmtocafeteriaCanada\/\" \/>\n<meta property=\"article:published_time\" content=\"2020-06-10T11:00:35+00:00\" \/>\n<meta property=\"article:modified_time\" content=\"2021-05-06T21:30:45+00:00\" \/>\n<meta property=\"og:image\" content=\"https:\/\/www.farmtocafeteriacanada.ca\/wp-content\/uploads\/alyson-mcphee-yWG-ndhxvqY-unsplash-1.jpg\" \/>\n\t<meta property=\"og:image:width\" content=\"1920\" \/>\n\t<meta property=\"og:image:height\" content=\"1272\" \/>\n\t<meta property=\"og:image:type\" content=\"image\/jpeg\" \/>\n<meta name=\"author\" content=\"F2CC admin\" \/>\n<meta name=\"twitter:card\" content=\"summary_large_image\" \/>\n<meta name=\"twitter:creator\" content=\"@Farm2Cafeteria\" \/>\n<meta name=\"twitter:site\" content=\"@Farm2Cafeteria\" \/>\n<meta name=\"twitter:label1\" content=\"\u00c9crit par\" \/>\n\t<meta name=\"twitter:data1\" content=\"F2CC admin\" \/>\n\t<meta name=\"twitter:label2\" content=\"Dur\u00e9e de lecture estim\u00e9e\" \/>\n\t<meta name=\"twitter:data2\" content=\"5 minutes\" \/>\n<script type=\"application\/ld+json\" class=\"yoast-schema-graph\">{\"@context\":\"https:\/\/schema.org\",\"@graph\":[{\"@type\":\"Article\",\"@id\":\"https:\/\/www.farmtocafeteriacanada.ca\/2020\/06\/learning-about-food-at-home-inspiration-resources-in-the-time-of-covid-19\/#article\",\"isPartOf\":{\"@id\":\"https:\/\/www.farmtocafeteriacanada.ca\/2020\/06\/learning-about-food-at-home-inspiration-resources-in-the-time-of-covid-19\/\"},\"author\":{\"name\":\"F2CC admin\",\"@id\":\"https:\/\/www.farmtocafeteriacanada.ca\/#\/schema\/person\/03c2a359a7f0c99b895e08c1e7056708\"},\"headline\":\"D\u00e9couvrir l\u2019alimentation \u00e0 la maison\u00a0: inspiration et ressources durant la p\u00e9riode de la COVID-19\",\"datePublished\":\"2020-06-10T11:00:35+00:00\",\"dateModified\":\"2021-05-06T21:30:45+00:00\",\"mainEntityOfPage\":{\"@id\":\"https:\/\/www.farmtocafeteriacanada.ca\/2020\/06\/learning-about-food-at-home-inspiration-resources-in-the-time-of-covid-19\/\"},\"wordCount\":992,\"publisher\":{\"@id\":\"https:\/\/www.farmtocafeteriacanada.ca\/#organization\"},\"image\":{\"@id\":\"https:\/\/www.farmtocafeteriacanada.ca\/2020\/06\/learning-about-food-at-home-inspiration-resources-in-the-time-of-covid-19\/#primaryimage\"},\"thumbnailUrl\":\"https:\/\/www.farmtocafeteriacanada.ca\/wp-content\/uploads\/alyson-mcphee-yWG-ndhxvqY-unsplash-1.jpg\",\"keywords\":[\"Aliments locaux\",\"Apprentissage pratique\",\"Canada\",\"Cuisiner\",\"Cultiver\",\"Environnement\",\"Politique\",\"Ressource pratique\",\"S\u00e9curit\u00e9 alimentaire\",\"Vid\u00e9o\",\"Webinaire\"],\"articleSection\":[\"Blogue de page d'accueil\",\"Fran\u00e7ais\",\"Outils\/Bo\u00eete \u00e0 outils\",\"Vid\u00e9o\",\"Webinar\"],\"inLanguage\":\"fr-FR\"},{\"@type\":\"WebPage\",\"@id\":\"https:\/\/www.farmtocafeteriacanada.ca\/2020\/06\/learning-about-food-at-home-inspiration-resources-in-the-time-of-covid-19\/\",\"url\":\"https:\/\/www.farmtocafeteriacanada.ca\/2020\/06\/learning-about-food-at-home-inspiration-resources-in-the-time-of-covid-19\/\",\"name\":\"D\u00e9couvrir l\u2019alimentation \u00e0 la maison\u00a0: inspiration et ressources durant la p\u00e9riode de la COVID-19 - Farm to Cafeteria Canada\",\"isPartOf\":{\"@id\":\"https:\/\/www.farmtocafeteriacanada.ca\/#website\"},\"primaryImageOfPage\":{\"@id\":\"https:\/\/www.farmtocafeteriacanada.ca\/2020\/06\/learning-about-food-at-home-inspiration-resources-in-the-time-of-covid-19\/#primaryimage\"},\"image\":{\"@id\":\"https:\/\/www.farmtocafeteriacanada.ca\/2020\/06\/learning-about-food-at-home-inspiration-resources-in-the-time-of-covid-19\/#primaryimage\"},\"thumbnailUrl\":\"https:\/\/www.farmtocafeteriacanada.ca\/wp-content\/uploads\/alyson-mcphee-yWG-ndhxvqY-unsplash-1.jpg\",\"datePublished\":\"2020-06-10T11:00:35+00:00\",\"dateModified\":\"2021-05-06T21:30:45+00:00\",\"breadcrumb\":{\"@id\":\"https:\/\/www.farmtocafeteriacanada.ca\/2020\/06\/learning-about-food-at-home-inspiration-resources-in-the-time-of-covid-19\/#breadcrumb\"},\"inLanguage\":\"fr-FR\",\"potentialAction\":[{\"@type\":\"ReadAction\",\"target\":[\"https:\/\/www.farmtocafeteriacanada.ca\/2020\/06\/learning-about-food-at-home-inspiration-resources-in-the-time-of-covid-19\/\"]}]},{\"@type\":\"ImageObject\",\"inLanguage\":\"fr-FR\",\"@id\":\"https:\/\/www.farmtocafeteriacanada.ca\/2020\/06\/learning-about-food-at-home-inspiration-resources-in-the-time-of-covid-19\/#primaryimage\",\"url\":\"https:\/\/www.farmtocafeteriacanada.ca\/wp-content\/uploads\/alyson-mcphee-yWG-ndhxvqY-unsplash-1.jpg\",\"contentUrl\":\"https:\/\/www.farmtocafeteriacanada.ca\/wp-content\/uploads\/alyson-mcphee-yWG-ndhxvqY-unsplash-1.jpg\",\"width\":1920,\"height\":1272,\"caption\":\"Photo by Alyson McPhee on Unsplash\"},{\"@type\":\"BreadcrumbList\",\"@id\":\"https:\/\/www.farmtocafeteriacanada.ca\/2020\/06\/learning-about-food-at-home-inspiration-resources-in-the-time-of-covid-19\/#breadcrumb\",\"itemListElement\":[{\"@type\":\"ListItem\",\"position\":1,\"name\":\"Home\",\"item\":\"https:\/\/www.farmtocafeteriacanada.ca\/fr\/accueil\/\"},{\"@type\":\"ListItem\",\"position\":2,\"name\":\"D\u00e9couvrir l\u2019alimentation \u00e0 la maison\u00a0: inspiration et ressources durant la p\u00e9riode de la COVID-19\"}]},{\"@type\":\"WebSite\",\"@id\":\"https:\/\/www.farmtocafeteriacanada.ca\/#website\",\"url\":\"https:\/\/www.farmtocafeteriacanada.ca\/\",\"name\":\"Farm to Cafeteria Canada\",\"description\":\"\",\"publisher\":{\"@id\":\"https:\/\/www.farmtocafeteriacanada.ca\/#organization\"},\"potentialAction\":[{\"@type\":\"SearchAction\",\"target\":{\"@type\":\"EntryPoint\",\"urlTemplate\":\"https:\/\/www.farmtocafeteriacanada.ca\/?s={search_term_string}\"},\"query-input\":{\"@type\":\"PropertyValueSpecification\",\"valueRequired\":true,\"valueName\":\"search_term_string\"}}],\"inLanguage\":\"fr-FR\"},{\"@type\":\"Organization\",\"@id\":\"https:\/\/www.farmtocafeteriacanada.ca\/#organization\",\"name\":\"Farm to Cafeteria Canada\",\"url\":\"https:\/\/www.farmtocafeteriacanada.ca\/\",\"logo\":{\"@type\":\"ImageObject\",\"inLanguage\":\"fr-FR\",\"@id\":\"https:\/\/www.farmtocafeteriacanada.ca\/#\/schema\/logo\/image\/\",\"url\":\"http:\/\/www.farmtocafeteriacanada.ca\/wp-content\/uploads\/2015\/03\/f2cc_logo_en2.png\",\"contentUrl\":\"http:\/\/www.farmtocafeteriacanada.ca\/wp-content\/uploads\/2015\/03\/f2cc_logo_en2.png\",\"width\":3000,\"height\":476,\"caption\":\"Farm to Cafeteria Canada\"},\"image\":{\"@id\":\"https:\/\/www.farmtocafeteriacanada.ca\/#\/schema\/logo\/image\/\"},\"sameAs\":[\"https:\/\/www.facebook.com\/groups\/FarmtocafeteriaCanada\/\",\"https:\/\/x.com\/Farm2Cafeteria\",\"https:\/\/www.youtube.com\/channel\/UCQjcYiICtAygShD3IwNsewQ\"]},{\"@type\":\"Person\",\"@id\":\"https:\/\/www.farmtocafeteriacanada.ca\/#\/schema\/person\/03c2a359a7f0c99b895e08c1e7056708\",\"name\":\"F2CC admin\",\"image\":{\"@type\":\"ImageObject\",\"inLanguage\":\"fr-FR\",\"@id\":\"https:\/\/www.farmtocafeteriacanada.ca\/#\/schema\/person\/image\/\",\"url\":\"https:\/\/secure.gravatar.com\/avatar\/c1ddaee9a55673d852314381577bb8198996fbef53c8e2320536bf543b7712b4?s=96&d=mm&r=g\",\"contentUrl\":\"https:\/\/secure.gravatar.com\/avatar\/c1ddaee9a55673d852314381577bb8198996fbef53c8e2320536bf543b7712b4?s=96&d=mm&r=g\",\"caption\":\"F2CC admin\"},\"url\":\"https:\/\/www.farmtocafeteriacanada.ca\/fr\/author\/tracey\/\"}]}<\/script>\n<!-- \/ Yoast SEO plugin. -->","yoast_head_json":{"title":"D\u00e9couvrir l\u2019alimentation \u00e0 la maison\u00a0: inspiration et ressources durant la p\u00e9riode de la COVID-19 - Farm to Cafeteria Canada","robots":{"index":"index","follow":"follow","max-snippet":"max-snippet:-1","max-image-preview":"max-image-preview:large","max-video-preview":"max-video-preview:-1"},"canonical":"https:\/\/www.farmtocafeteriacanada.ca\/2020\/06\/learning-about-food-at-home-inspiration-resources-in-the-time-of-covid-19\/","og_locale":"fr_FR","og_type":"article","og_title":"D\u00e9couvrir l\u2019alimentation \u00e0 la maison\u00a0: inspiration et ressources durant la p\u00e9riode de la COVID-19 - Farm to Cafeteria Canada","og_description":"Photo : Alyson McPhee sur Unsplash Si la COVID-19 exige la distanciation physique, les gens se rapprochent plus que jamais dans les r\u00e9seaux sociaux, o\u00f9 la conversation tourne souvent autour de la nourriture. La pand\u00e9mie a donn\u00e9 un nouvel \u00e9lan \u00e0 un mouvement grandissant dans la soci\u00e9t\u00e9 civile, celui qui vise \u00e0 red\u00e9couvrir et \u00e0 [&hellip;]","og_url":"https:\/\/www.farmtocafeteriacanada.ca\/2020\/06\/learning-about-food-at-home-inspiration-resources-in-the-time-of-covid-19\/","og_site_name":"Farm to Cafeteria Canada","article_publisher":"https:\/\/www.facebook.com\/groups\/FarmtocafeteriaCanada\/","article_published_time":"2020-06-10T11:00:35+00:00","article_modified_time":"2021-05-06T21:30:45+00:00","og_image":[{"width":1920,"height":1272,"url":"https:\/\/www.farmtocafeteriacanada.ca\/wp-content\/uploads\/alyson-mcphee-yWG-ndhxvqY-unsplash-1.jpg","type":"image\/jpeg"}],"author":"F2CC admin","twitter_card":"summary_large_image","twitter_creator":"@Farm2Cafeteria","twitter_site":"@Farm2Cafeteria","twitter_misc":{"\u00c9crit par":"F2CC admin","Dur\u00e9e de lecture estim\u00e9e":"5 minutes"},"schema":{"@context":"https:\/\/schema.org","@graph":[{"@type":"Article","@id":"https:\/\/www.farmtocafeteriacanada.ca\/2020\/06\/learning-about-food-at-home-inspiration-resources-in-the-time-of-covid-19\/#article","isPartOf":{"@id":"https:\/\/www.farmtocafeteriacanada.ca\/2020\/06\/learning-about-food-at-home-inspiration-resources-in-the-time-of-covid-19\/"},"author":{"name":"F2CC admin","@id":"https:\/\/www.farmtocafeteriacanada.ca\/#\/schema\/person\/03c2a359a7f0c99b895e08c1e7056708"},"headline":"D\u00e9couvrir l\u2019alimentation \u00e0 la maison\u00a0: inspiration et ressources durant la p\u00e9riode de la COVID-19","datePublished":"2020-06-10T11:00:35+00:00","dateModified":"2021-05-06T21:30:45+00:00","mainEntityOfPage":{"@id":"https:\/\/www.farmtocafeteriacanada.ca\/2020\/06\/learning-about-food-at-home-inspiration-resources-in-the-time-of-covid-19\/"},"wordCount":992,"publisher":{"@id":"https:\/\/www.farmtocafeteriacanada.ca\/#organization"},"image":{"@id":"https:\/\/www.farmtocafeteriacanada.ca\/2020\/06\/learning-about-food-at-home-inspiration-resources-in-the-time-of-covid-19\/#primaryimage"},"thumbnailUrl":"https:\/\/www.farmtocafeteriacanada.ca\/wp-content\/uploads\/alyson-mcphee-yWG-ndhxvqY-unsplash-1.jpg","keywords":["Aliments locaux","Apprentissage pratique","Canada","Cuisiner","Cultiver","Environnement","Politique","Ressource pratique","S\u00e9curit\u00e9 alimentaire","Vid\u00e9o","Webinaire"],"articleSection":["Blogue de page d'accueil","Fran\u00e7ais","Outils\/Bo\u00eete \u00e0 outils","Vid\u00e9o","Webinar"],"inLanguage":"fr-FR"},{"@type":"WebPage","@id":"https:\/\/www.farmtocafeteriacanada.ca\/2020\/06\/learning-about-food-at-home-inspiration-resources-in-the-time-of-covid-19\/","url":"https:\/\/www.farmtocafeteriacanada.ca\/2020\/06\/learning-about-food-at-home-inspiration-resources-in-the-time-of-covid-19\/","name":"D\u00e9couvrir l\u2019alimentation \u00e0 la maison\u00a0: inspiration et ressources durant la p\u00e9riode de la COVID-19 - Farm to Cafeteria Canada","isPartOf":{"@id":"https:\/\/www.farmtocafeteriacanada.ca\/#website"},"primaryImageOfPage":{"@id":"https:\/\/www.farmtocafeteriacanada.ca\/2020\/06\/learning-about-food-at-home-inspiration-resources-in-the-time-of-covid-19\/#primaryimage"},"image":{"@id":"https:\/\/www.farmtocafeteriacanada.ca\/2020\/06\/learning-about-food-at-home-inspiration-resources-in-the-time-of-covid-19\/#primaryimage"},"thumbnailUrl":"https:\/\/www.farmtocafeteriacanada.ca\/wp-content\/uploads\/alyson-mcphee-yWG-ndhxvqY-unsplash-1.jpg","datePublished":"2020-06-10T11:00:35+00:00","dateModified":"2021-05-06T21:30:45+00:00","breadcrumb":{"@id":"https:\/\/www.farmtocafeteriacanada.ca\/2020\/06\/learning-about-food-at-home-inspiration-resources-in-the-time-of-covid-19\/#breadcrumb"},"inLanguage":"fr-FR","potentialAction":[{"@type":"ReadAction","target":["https:\/\/www.farmtocafeteriacanada.ca\/2020\/06\/learning-about-food-at-home-inspiration-resources-in-the-time-of-covid-19\/"]}]},{"@type":"ImageObject","inLanguage":"fr-FR","@id":"https:\/\/www.farmtocafeteriacanada.ca\/2020\/06\/learning-about-food-at-home-inspiration-resources-in-the-time-of-covid-19\/#primaryimage","url":"https:\/\/www.farmtocafeteriacanada.ca\/wp-content\/uploads\/alyson-mcphee-yWG-ndhxvqY-unsplash-1.jpg","contentUrl":"https:\/\/www.farmtocafeteriacanada.ca\/wp-content\/uploads\/alyson-mcphee-yWG-ndhxvqY-unsplash-1.jpg","width":1920,"height":1272,"caption":"Photo by Alyson McPhee on Unsplash"},{"@type":"BreadcrumbList","@id":"https:\/\/www.farmtocafeteriacanada.ca\/2020\/06\/learning-about-food-at-home-inspiration-resources-in-the-time-of-covid-19\/#breadcrumb","itemListElement":[{"@type":"ListItem","position":1,"name":"Home","item":"https:\/\/www.farmtocafeteriacanada.ca\/fr\/accueil\/"},{"@type":"ListItem","position":2,"name":"D\u00e9couvrir l\u2019alimentation \u00e0 la maison\u00a0: inspiration et ressources durant la p\u00e9riode de la COVID-19"}]},{"@type":"WebSite","@id":"https:\/\/www.farmtocafeteriacanada.ca\/#website","url":"https:\/\/www.farmtocafeteriacanada.ca\/","name":"Farm to Cafeteria Canada","description":"","publisher":{"@id":"https:\/\/www.farmtocafeteriacanada.ca\/#organization"},"potentialAction":[{"@type":"SearchAction","target":{"@type":"EntryPoint","urlTemplate":"https:\/\/www.farmtocafeteriacanada.ca\/?s={search_term_string}"},"query-input":{"@type":"PropertyValueSpecification","valueRequired":true,"valueName":"search_term_string"}}],"inLanguage":"fr-FR"},{"@type":"Organization","@id":"https:\/\/www.farmtocafeteriacanada.ca\/#organization","name":"Farm to Cafeteria Canada","url":"https:\/\/www.farmtocafeteriacanada.ca\/","logo":{"@type":"ImageObject","inLanguage":"fr-FR","@id":"https:\/\/www.farmtocafeteriacanada.ca\/#\/schema\/logo\/image\/","url":"http:\/\/www.farmtocafeteriacanada.ca\/wp-content\/uploads\/2015\/03\/f2cc_logo_en2.png","contentUrl":"http:\/\/www.farmtocafeteriacanada.ca\/wp-content\/uploads\/2015\/03\/f2cc_logo_en2.png","width":3000,"height":476,"caption":"Farm to Cafeteria Canada"},"image":{"@id":"https:\/\/www.farmtocafeteriacanada.ca\/#\/schema\/logo\/image\/"},"sameAs":["https:\/\/www.facebook.com\/groups\/FarmtocafeteriaCanada\/","https:\/\/x.com\/Farm2Cafeteria","https:\/\/www.youtube.com\/channel\/UCQjcYiICtAygShD3IwNsewQ"]},{"@type":"Person","@id":"https:\/\/www.farmtocafeteriacanada.ca\/#\/schema\/person\/03c2a359a7f0c99b895e08c1e7056708","name":"F2CC admin","image":{"@type":"ImageObject","inLanguage":"fr-FR","@id":"https:\/\/www.farmtocafeteriacanada.ca\/#\/schema\/person\/image\/","url":"https:\/\/secure.gravatar.com\/avatar\/c1ddaee9a55673d852314381577bb8198996fbef53c8e2320536bf543b7712b4?s=96&d=mm&r=g","contentUrl":"https:\/\/secure.gravatar.com\/avatar\/c1ddaee9a55673d852314381577bb8198996fbef53c8e2320536bf543b7712b4?s=96&d=mm&r=g","caption":"F2CC admin"},"url":"https:\/\/www.farmtocafeteriacanada.ca\/fr\/author\/tracey\/"}]}},"_links":{"self":[{"href":"https:\/\/www.farmtocafeteriacanada.ca\/fr\/wp-json\/wp\/v2\/posts\/19380","targetHints":{"allow":["GET"]}}],"collection":[{"href":"https:\/\/www.farmtocafeteriacanada.ca\/fr\/wp-json\/wp\/v2\/posts"}],"about":[{"href":"https:\/\/www.farmtocafeteriacanada.ca\/fr\/wp-json\/wp\/v2\/types\/post"}],"author":[{"embeddable":true,"href":"https:\/\/www.farmtocafeteriacanada.ca\/fr\/wp-json\/wp\/v2\/users\/3"}],"replies":[{"embeddable":true,"href":"https:\/\/www.farmtocafeteriacanada.ca\/fr\/wp-json\/wp\/v2\/comments?post=19380"}],"version-history":[{"count":6,"href":"https:\/\/www.farmtocafeteriacanada.ca\/fr\/wp-json\/wp\/v2\/posts\/19380\/revisions"}],"predecessor-version":[{"id":24071,"href":"https:\/\/www.farmtocafeteriacanada.ca\/fr\/wp-json\/wp\/v2\/posts\/19380\/revisions\/24071"}],"wp:featuredmedia":[{"embeddable":true,"href":"https:\/\/www.farmtocafeteriacanada.ca\/fr\/wp-json\/wp\/v2\/media\/19240"}],"wp:attachment":[{"href":"https:\/\/www.farmtocafeteriacanada.ca\/fr\/wp-json\/wp\/v2\/media?parent=19380"}],"wp:term":[{"taxonomy":"category","embeddable":true,"href":"https:\/\/www.farmtocafeteriacanada.ca\/fr\/wp-json\/wp\/v2\/categories?post=19380"},{"taxonomy":"post_tag","embeddable":true,"href":"https:\/\/www.farmtocafeteriacanada.ca\/fr\/wp-json\/wp\/v2\/tags?post=19380"}],"curies":[{"name":"wp","href":"https:\/\/api.w.org\/{rel}","templated":true}]}}