
{"id":15455,"date":"2019-05-31T15:04:11","date_gmt":"2019-05-31T20:04:11","guid":{"rendered":"http:\/\/www.farmtocafeteriacanada.ca\/?p=15455"},"modified":"2021-05-17T09:54:35","modified_gmt":"2021-05-17T14:54:35","slug":"guide-de-la-ferme-a-lecole","status":"publish","type":"post","link":"https:\/\/www.farmtocafeteriacanada.ca\/fr\/2019\/05\/guide-de-la-ferme-a-lecole\/","title":{"rendered":"Guide alimentaire De la ferme \u00e0 l&#8217;\u00e9cole"},"content":{"rendered":"<h5 class=\"gmail_default\"><b>Un regard sur comment les initiatives De la ferme \u00e0 l&#8217;\u00e9cole sont align\u00e9es sur le nouveau Guide alimentaire canadien\u00a0<\/b><\/h5>\n<p>Ce document a \u00e9t\u00e9 con\u00e7u pour ressembler au nouveau <a href=\"https:\/\/guide-alimentaire.canada.ca\/fr\/habitudes-alimentaires-saines\/\">Guide alimentaire canadien<\/a> et pour \u00eatre distribu\u00e9 lors de la Conf\u00e9rence nationale De la ferme \u00e0 l\u2019\u00e9cole tenue en mai. Il met en \u00e9vidence certaines des conclusions pr\u00e9liminaires de l\u2019\u00e9valuation de l\u2019initiative <a href=\"https:\/\/guide-alimentaire.canada.ca\/fr\/habitudes-alimentaires-saines\/\">De la ferme \u00e0 l\u2019\u00e9cole : le Canada, une terre fertile!<\/a>\u00a0et\u00a0illustre le r\u00f4le important que peut jouer une <a href=\"https:\/\/www.farmtocafeteriacanada.ca\/fr\/demarrer\/de-la-ferme-a-lecole-canada\/\">approche De la ferme \u00e0 l\u2019\u00e9cole<\/a> pour aider les \u00e9l\u00e8ves canadiens \u00e0 bien manger et \u00e0 bien vivre en utilisant un mod\u00e8le de buffet \u00e0 salades libre-service.<\/p>\n<p><strong>CONSULTEZ LE GUIDE<\/strong><\/p>\n<p data-wp-editing=\"1\"><a href=\"http:\/\/www.farmtocafeteriacanada.ca\/wp-content\/uploads\/F2CC_Infograph_FR_print.pdf\"><img loading=\"lazy\" decoding=\"async\" class=\"alignleft wp-image-3182 size-full\" src=\"http:\/\/www.farmtocafeteriacanada.ca\/wp-content\/uploads\/2014\/05\/pdficon_small.png\" alt=\"\" width=\"16\" height=\"16\" srcset=\"https:\/\/www.farmtocafeteriacanada.ca\/wp-content\/uploads\/2014\/05\/pdficon_small.png 16w, https:\/\/www.farmtocafeteriacanada.ca\/wp-content\/uploads\/2014\/05\/pdficon_small-150x150.png 150w\" sizes=\"auto, (max-width: 16px) 100vw, 16px\" \/><\/a><a href=\"http:\/\/www.farmtocafeteriacanada.ca\/wp-content\/uploads\/F2CC_Infograph_FR_print.pdf\"><strong>Guide alimentaire De la ferme \u00e0 l&#8217;\u00e9cole (Version imprimable)<\/strong><\/a><\/p>\n<p><a href=\"http:\/\/www.farmtocafeteriacanada.ca\/wp-content\/uploads\/F2CC_Infograph_FR_online.pdf\"><img loading=\"lazy\" decoding=\"async\" class=\"alignleft wp-image-3182 size-full\" src=\"http:\/\/www.farmtocafeteriacanada.ca\/wp-content\/uploads\/2014\/05\/pdficon_small.png\" alt=\"\" width=\"16\" height=\"16\" srcset=\"https:\/\/www.farmtocafeteriacanada.ca\/wp-content\/uploads\/2014\/05\/pdficon_small.png 16w, https:\/\/www.farmtocafeteriacanada.ca\/wp-content\/uploads\/2014\/05\/pdficon_small-150x150.png 150w\" sizes=\"auto, (max-width: 16px) 100vw, 16px\" \/><\/a><a href=\"http:\/\/www.farmtocafeteriacanada.ca\/wp-content\/uploads\/F2CC_Infograph_FR_online.pdf\"><strong>Guide alimentaire De la ferme \u00e0 l&#8217;\u00e9cole (Version en ligne)<\/strong><\/a><\/p>\n<p>&nbsp;<\/p>\n","protected":false},"excerpt":{"rendered":"<p>Un regard sur comment les initiatives De la ferme \u00e0 l&#8217;\u00e9cole sont align\u00e9es sur le nouveau Guide alimentaire canadien\u00a0 Ce document a \u00e9t\u00e9 con\u00e7u pour ressembler au nouveau Guide alimentaire canadien et pour \u00eatre distribu\u00e9 lors de la Conf\u00e9rence nationale De la ferme \u00e0 l\u2019\u00e9cole tenue en mai. Il met en \u00e9vidence certaines des conclusions [&hellip;]<\/p>\n","protected":false},"author":18,"featured_media":16405,"comment_status":"closed","ping_status":"open","sticky":false,"template":"","format":"standard","meta":{"_acf_changed":false,"_exactmetrics_skip_tracking":false,"_exactmetrics_sitenote_active":false,"_exactmetrics_sitenote_note":"","_exactmetrics_sitenote_category":0,"footnotes":""},"categories":[254,78,155,29,140,246],"tags":[337,345],"class_list":["post-15455","post","type-post","status-publish","format-standard","has-post-thumbnail","hentry","category-blogue-de-page-daccueil","category-de_la_ferme_a_lecole","category-des-nouvelles-du-reseau","category-francais","category-publications-fr","category-ressources-en-vedette","tag-evaluation-fr","tag-recherche"],"acf":[],"yoast_head":"<!-- This site is optimized with the Yoast SEO plugin v26.7 - https:\/\/yoast.com\/wordpress\/plugins\/seo\/ -->\n<title>Guide alimentaire De la ferme \u00e0 l&#039;\u00e9cole - Farm to Cafeteria Canada<\/title>\n<meta name=\"robots\" content=\"index, follow, max-snippet:-1, max-image-preview:large, max-video-preview:-1\" \/>\n<link rel=\"canonical\" href=\"https:\/\/www.farmtocafeteriacanada.ca\/fr\/2019\/05\/guide-de-la-ferme-a-lecole\/\" \/>\n<meta property=\"og:locale\" content=\"fr_FR\" \/>\n<meta property=\"og:type\" content=\"article\" \/>\n<meta property=\"og:title\" content=\"Guide alimentaire De la ferme \u00e0 l&#039;\u00e9cole - Farm to Cafeteria Canada\" \/>\n<meta property=\"og:description\" content=\"Un regard sur comment les initiatives De la ferme \u00e0 l&#8217;\u00e9cole sont align\u00e9es sur le nouveau Guide alimentaire canadien\u00a0 Ce document a \u00e9t\u00e9 con\u00e7u pour ressembler au nouveau Guide alimentaire canadien et pour \u00eatre distribu\u00e9 lors de la Conf\u00e9rence nationale De la ferme \u00e0 l\u2019\u00e9cole tenue en mai. Il met en \u00e9vidence certaines des conclusions [&hellip;]\" \/>\n<meta property=\"og:url\" content=\"https:\/\/www.farmtocafeteriacanada.ca\/fr\/2019\/05\/guide-de-la-ferme-a-lecole\/\" \/>\n<meta property=\"og:site_name\" content=\"Farm to Cafeteria Canada\" \/>\n<meta property=\"article:publisher\" content=\"https:\/\/www.facebook.com\/groups\/FarmtocafeteriaCanada\/\" \/>\n<meta property=\"article:published_time\" content=\"2019-05-31T20:04:11+00:00\" \/>\n<meta property=\"article:modified_time\" content=\"2021-05-17T14:54:35+00:00\" \/>\n<meta property=\"og:image\" content=\"https:\/\/www.farmtocafeteriacanada.ca\/wp-content\/uploads\/F2CC_Infograph_FR1_online.jpg\" \/>\n\t<meta property=\"og:image:width\" content=\"612\" \/>\n\t<meta property=\"og:image:height\" content=\"792\" \/>\n\t<meta property=\"og:image:type\" content=\"image\/jpeg\" \/>\n<meta name=\"author\" content=\"F2CC Communications\" \/>\n<meta name=\"twitter:card\" content=\"summary_large_image\" \/>\n<meta name=\"twitter:creator\" content=\"@Farm2Cafeteria\" \/>\n<meta name=\"twitter:site\" content=\"@Farm2Cafeteria\" \/>\n<meta name=\"twitter:label1\" content=\"\u00c9crit par\" \/>\n\t<meta name=\"twitter:data1\" content=\"F2CC Communications\" \/>\n\t<meta name=\"twitter:label2\" content=\"Dur\u00e9e de lecture estim\u00e9e\" \/>\n\t<meta name=\"twitter:data2\" content=\"1 minute\" \/>\n<script type=\"application\/ld+json\" class=\"yoast-schema-graph\">{\"@context\":\"https:\/\/schema.org\",\"@graph\":[{\"@type\":\"Article\",\"@id\":\"https:\/\/www.farmtocafeteriacanada.ca\/fr\/2019\/05\/guide-de-la-ferme-a-lecole\/#article\",\"isPartOf\":{\"@id\":\"https:\/\/www.farmtocafeteriacanada.ca\/fr\/2019\/05\/guide-de-la-ferme-a-lecole\/\"},\"author\":{\"name\":\"F2CC Communications\",\"@id\":\"https:\/\/www.farmtocafeteriacanada.ca\/#\/schema\/person\/1cd0c93e11613c1a8eee4e9add313c3a\"},\"headline\":\"Guide alimentaire De la ferme \u00e0 l&#8217;\u00e9cole\",\"datePublished\":\"2019-05-31T20:04:11+00:00\",\"dateModified\":\"2021-05-17T14:54:35+00:00\",\"mainEntityOfPage\":{\"@id\":\"https:\/\/www.farmtocafeteriacanada.ca\/fr\/2019\/05\/guide-de-la-ferme-a-lecole\/\"},\"wordCount\":142,\"publisher\":{\"@id\":\"https:\/\/www.farmtocafeteriacanada.ca\/#organization\"},\"image\":{\"@id\":\"https:\/\/www.farmtocafeteriacanada.ca\/fr\/2019\/05\/guide-de-la-ferme-a-lecole\/#primaryimage\"},\"thumbnailUrl\":\"https:\/\/www.farmtocafeteriacanada.ca\/wp-content\/uploads\/F2CC_Infograph_FR1_online.jpg\",\"keywords\":[\"\u00c9valuation\",\"Recherche\"],\"articleSection\":[\"Blogue de page d'accueil\",\"De la ferme \u00e0 l\u2019\u00e9cole\",\"Des nouvelles du r\u00e9seau\",\"Fran\u00e7ais\",\"Publications-fr\",\"Ressources en Vedette\"],\"inLanguage\":\"fr-FR\"},{\"@type\":\"WebPage\",\"@id\":\"https:\/\/www.farmtocafeteriacanada.ca\/fr\/2019\/05\/guide-de-la-ferme-a-lecole\/\",\"url\":\"https:\/\/www.farmtocafeteriacanada.ca\/fr\/2019\/05\/guide-de-la-ferme-a-lecole\/\",\"name\":\"Guide alimentaire De la ferme \u00e0 l'\u00e9cole - Farm to Cafeteria Canada\",\"isPartOf\":{\"@id\":\"https:\/\/www.farmtocafeteriacanada.ca\/#website\"},\"primaryImageOfPage\":{\"@id\":\"https:\/\/www.farmtocafeteriacanada.ca\/fr\/2019\/05\/guide-de-la-ferme-a-lecole\/#primaryimage\"},\"image\":{\"@id\":\"https:\/\/www.farmtocafeteriacanada.ca\/fr\/2019\/05\/guide-de-la-ferme-a-lecole\/#primaryimage\"},\"thumbnailUrl\":\"https:\/\/www.farmtocafeteriacanada.ca\/wp-content\/uploads\/F2CC_Infograph_FR1_online.jpg\",\"datePublished\":\"2019-05-31T20:04:11+00:00\",\"dateModified\":\"2021-05-17T14:54:35+00:00\",\"breadcrumb\":{\"@id\":\"https:\/\/www.farmtocafeteriacanada.ca\/fr\/2019\/05\/guide-de-la-ferme-a-lecole\/#breadcrumb\"},\"inLanguage\":\"fr-FR\",\"potentialAction\":[{\"@type\":\"ReadAction\",\"target\":[\"https:\/\/www.farmtocafeteriacanada.ca\/fr\/2019\/05\/guide-de-la-ferme-a-lecole\/\"]}]},{\"@type\":\"ImageObject\",\"inLanguage\":\"fr-FR\",\"@id\":\"https:\/\/www.farmtocafeteriacanada.ca\/fr\/2019\/05\/guide-de-la-ferme-a-lecole\/#primaryimage\",\"url\":\"https:\/\/www.farmtocafeteriacanada.ca\/wp-content\/uploads\/F2CC_Infograph_FR1_online.jpg\",\"contentUrl\":\"https:\/\/www.farmtocafeteriacanada.ca\/wp-content\/uploads\/F2CC_Infograph_FR1_online.jpg\",\"width\":612,\"height\":792},{\"@type\":\"BreadcrumbList\",\"@id\":\"https:\/\/www.farmtocafeteriacanada.ca\/fr\/2019\/05\/guide-de-la-ferme-a-lecole\/#breadcrumb\",\"itemListElement\":[{\"@type\":\"ListItem\",\"position\":1,\"name\":\"Home\",\"item\":\"https:\/\/www.farmtocafeteriacanada.ca\/fr\/accueil\/\"},{\"@type\":\"ListItem\",\"position\":2,\"name\":\"Guide alimentaire De la ferme \u00e0 l&#8217;\u00e9cole\"}]},{\"@type\":\"WebSite\",\"@id\":\"https:\/\/www.farmtocafeteriacanada.ca\/#website\",\"url\":\"https:\/\/www.farmtocafeteriacanada.ca\/\",\"name\":\"Farm to Cafeteria Canada\",\"description\":\"\",\"publisher\":{\"@id\":\"https:\/\/www.farmtocafeteriacanada.ca\/#organization\"},\"potentialAction\":[{\"@type\":\"SearchAction\",\"target\":{\"@type\":\"EntryPoint\",\"urlTemplate\":\"https:\/\/www.farmtocafeteriacanada.ca\/?s={search_term_string}\"},\"query-input\":{\"@type\":\"PropertyValueSpecification\",\"valueRequired\":true,\"valueName\":\"search_term_string\"}}],\"inLanguage\":\"fr-FR\"},{\"@type\":\"Organization\",\"@id\":\"https:\/\/www.farmtocafeteriacanada.ca\/#organization\",\"name\":\"Farm to Cafeteria Canada\",\"url\":\"https:\/\/www.farmtocafeteriacanada.ca\/\",\"logo\":{\"@type\":\"ImageObject\",\"inLanguage\":\"fr-FR\",\"@id\":\"https:\/\/www.farmtocafeteriacanada.ca\/#\/schema\/logo\/image\/\",\"url\":\"http:\/\/www.farmtocafeteriacanada.ca\/wp-content\/uploads\/2015\/03\/f2cc_logo_en2.png\",\"contentUrl\":\"http:\/\/www.farmtocafeteriacanada.ca\/wp-content\/uploads\/2015\/03\/f2cc_logo_en2.png\",\"width\":3000,\"height\":476,\"caption\":\"Farm to Cafeteria Canada\"},\"image\":{\"@id\":\"https:\/\/www.farmtocafeteriacanada.ca\/#\/schema\/logo\/image\/\"},\"sameAs\":[\"https:\/\/www.facebook.com\/groups\/FarmtocafeteriaCanada\/\",\"https:\/\/x.com\/Farm2Cafeteria\",\"https:\/\/www.youtube.com\/channel\/UCQjcYiICtAygShD3IwNsewQ\"]},{\"@type\":\"Person\",\"@id\":\"https:\/\/www.farmtocafeteriacanada.ca\/#\/schema\/person\/1cd0c93e11613c1a8eee4e9add313c3a\",\"name\":\"F2CC Communications\",\"image\":{\"@type\":\"ImageObject\",\"inLanguage\":\"fr-FR\",\"@id\":\"https:\/\/www.farmtocafeteriacanada.ca\/#\/schema\/person\/image\/\",\"url\":\"https:\/\/secure.gravatar.com\/avatar\/1235ab22df28a1c1d4f643052f398f8919d3e7e6f7adebafe3fe3bbbbef56465?s=96&d=mm&r=g\",\"contentUrl\":\"https:\/\/secure.gravatar.com\/avatar\/1235ab22df28a1c1d4f643052f398f8919d3e7e6f7adebafe3fe3bbbbef56465?s=96&d=mm&r=g\",\"caption\":\"F2CC Communications\"},\"url\":\"https:\/\/www.farmtocafeteriacanada.ca\/fr\/author\/f2cccommunications\/\"}]}<\/script>\n<!-- \/ Yoast SEO plugin. -->","yoast_head_json":{"title":"Guide alimentaire De la ferme \u00e0 l'\u00e9cole - Farm to Cafeteria Canada","robots":{"index":"index","follow":"follow","max-snippet":"max-snippet:-1","max-image-preview":"max-image-preview:large","max-video-preview":"max-video-preview:-1"},"canonical":"https:\/\/www.farmtocafeteriacanada.ca\/fr\/2019\/05\/guide-de-la-ferme-a-lecole\/","og_locale":"fr_FR","og_type":"article","og_title":"Guide alimentaire De la ferme \u00e0 l'\u00e9cole - Farm to Cafeteria Canada","og_description":"Un regard sur comment les initiatives De la ferme \u00e0 l&#8217;\u00e9cole sont align\u00e9es sur le nouveau Guide alimentaire canadien\u00a0 Ce document a \u00e9t\u00e9 con\u00e7u pour ressembler au nouveau Guide alimentaire canadien et pour \u00eatre distribu\u00e9 lors de la Conf\u00e9rence nationale De la ferme \u00e0 l\u2019\u00e9cole tenue en mai. Il met en \u00e9vidence certaines des conclusions [&hellip;]","og_url":"https:\/\/www.farmtocafeteriacanada.ca\/fr\/2019\/05\/guide-de-la-ferme-a-lecole\/","og_site_name":"Farm to Cafeteria Canada","article_publisher":"https:\/\/www.facebook.com\/groups\/FarmtocafeteriaCanada\/","article_published_time":"2019-05-31T20:04:11+00:00","article_modified_time":"2021-05-17T14:54:35+00:00","og_image":[{"width":612,"height":792,"url":"https:\/\/www.farmtocafeteriacanada.ca\/wp-content\/uploads\/F2CC_Infograph_FR1_online.jpg","type":"image\/jpeg"}],"author":"F2CC Communications","twitter_card":"summary_large_image","twitter_creator":"@Farm2Cafeteria","twitter_site":"@Farm2Cafeteria","twitter_misc":{"\u00c9crit par":"F2CC Communications","Dur\u00e9e de lecture estim\u00e9e":"1 minute"},"schema":{"@context":"https:\/\/schema.org","@graph":[{"@type":"Article","@id":"https:\/\/www.farmtocafeteriacanada.ca\/fr\/2019\/05\/guide-de-la-ferme-a-lecole\/#article","isPartOf":{"@id":"https:\/\/www.farmtocafeteriacanada.ca\/fr\/2019\/05\/guide-de-la-ferme-a-lecole\/"},"author":{"name":"F2CC Communications","@id":"https:\/\/www.farmtocafeteriacanada.ca\/#\/schema\/person\/1cd0c93e11613c1a8eee4e9add313c3a"},"headline":"Guide alimentaire De la ferme \u00e0 l&#8217;\u00e9cole","datePublished":"2019-05-31T20:04:11+00:00","dateModified":"2021-05-17T14:54:35+00:00","mainEntityOfPage":{"@id":"https:\/\/www.farmtocafeteriacanada.ca\/fr\/2019\/05\/guide-de-la-ferme-a-lecole\/"},"wordCount":142,"publisher":{"@id":"https:\/\/www.farmtocafeteriacanada.ca\/#organization"},"image":{"@id":"https:\/\/www.farmtocafeteriacanada.ca\/fr\/2019\/05\/guide-de-la-ferme-a-lecole\/#primaryimage"},"thumbnailUrl":"https:\/\/www.farmtocafeteriacanada.ca\/wp-content\/uploads\/F2CC_Infograph_FR1_online.jpg","keywords":["\u00c9valuation","Recherche"],"articleSection":["Blogue de page d'accueil","De la ferme \u00e0 l\u2019\u00e9cole","Des nouvelles du r\u00e9seau","Fran\u00e7ais","Publications-fr","Ressources en Vedette"],"inLanguage":"fr-FR"},{"@type":"WebPage","@id":"https:\/\/www.farmtocafeteriacanada.ca\/fr\/2019\/05\/guide-de-la-ferme-a-lecole\/","url":"https:\/\/www.farmtocafeteriacanada.ca\/fr\/2019\/05\/guide-de-la-ferme-a-lecole\/","name":"Guide alimentaire De la ferme \u00e0 l'\u00e9cole - Farm to Cafeteria Canada","isPartOf":{"@id":"https:\/\/www.farmtocafeteriacanada.ca\/#website"},"primaryImageOfPage":{"@id":"https:\/\/www.farmtocafeteriacanada.ca\/fr\/2019\/05\/guide-de-la-ferme-a-lecole\/#primaryimage"},"image":{"@id":"https:\/\/www.farmtocafeteriacanada.ca\/fr\/2019\/05\/guide-de-la-ferme-a-lecole\/#primaryimage"},"thumbnailUrl":"https:\/\/www.farmtocafeteriacanada.ca\/wp-content\/uploads\/F2CC_Infograph_FR1_online.jpg","datePublished":"2019-05-31T20:04:11+00:00","dateModified":"2021-05-17T14:54:35+00:00","breadcrumb":{"@id":"https:\/\/www.farmtocafeteriacanada.ca\/fr\/2019\/05\/guide-de-la-ferme-a-lecole\/#breadcrumb"},"inLanguage":"fr-FR","potentialAction":[{"@type":"ReadAction","target":["https:\/\/www.farmtocafeteriacanada.ca\/fr\/2019\/05\/guide-de-la-ferme-a-lecole\/"]}]},{"@type":"ImageObject","inLanguage":"fr-FR","@id":"https:\/\/www.farmtocafeteriacanada.ca\/fr\/2019\/05\/guide-de-la-ferme-a-lecole\/#primaryimage","url":"https:\/\/www.farmtocafeteriacanada.ca\/wp-content\/uploads\/F2CC_Infograph_FR1_online.jpg","contentUrl":"https:\/\/www.farmtocafeteriacanada.ca\/wp-content\/uploads\/F2CC_Infograph_FR1_online.jpg","width":612,"height":792},{"@type":"BreadcrumbList","@id":"https:\/\/www.farmtocafeteriacanada.ca\/fr\/2019\/05\/guide-de-la-ferme-a-lecole\/#breadcrumb","itemListElement":[{"@type":"ListItem","position":1,"name":"Home","item":"https:\/\/www.farmtocafeteriacanada.ca\/fr\/accueil\/"},{"@type":"ListItem","position":2,"name":"Guide alimentaire De la ferme \u00e0 l&#8217;\u00e9cole"}]},{"@type":"WebSite","@id":"https:\/\/www.farmtocafeteriacanada.ca\/#website","url":"https:\/\/www.farmtocafeteriacanada.ca\/","name":"Farm to Cafeteria Canada","description":"","publisher":{"@id":"https:\/\/www.farmtocafeteriacanada.ca\/#organization"},"potentialAction":[{"@type":"SearchAction","target":{"@type":"EntryPoint","urlTemplate":"https:\/\/www.farmtocafeteriacanada.ca\/?s={search_term_string}"},"query-input":{"@type":"PropertyValueSpecification","valueRequired":true,"valueName":"search_term_string"}}],"inLanguage":"fr-FR"},{"@type":"Organization","@id":"https:\/\/www.farmtocafeteriacanada.ca\/#organization","name":"Farm to Cafeteria Canada","url":"https:\/\/www.farmtocafeteriacanada.ca\/","logo":{"@type":"ImageObject","inLanguage":"fr-FR","@id":"https:\/\/www.farmtocafeteriacanada.ca\/#\/schema\/logo\/image\/","url":"http:\/\/www.farmtocafeteriacanada.ca\/wp-content\/uploads\/2015\/03\/f2cc_logo_en2.png","contentUrl":"http:\/\/www.farmtocafeteriacanada.ca\/wp-content\/uploads\/2015\/03\/f2cc_logo_en2.png","width":3000,"height":476,"caption":"Farm to Cafeteria Canada"},"image":{"@id":"https:\/\/www.farmtocafeteriacanada.ca\/#\/schema\/logo\/image\/"},"sameAs":["https:\/\/www.facebook.com\/groups\/FarmtocafeteriaCanada\/","https:\/\/x.com\/Farm2Cafeteria","https:\/\/www.youtube.com\/channel\/UCQjcYiICtAygShD3IwNsewQ"]},{"@type":"Person","@id":"https:\/\/www.farmtocafeteriacanada.ca\/#\/schema\/person\/1cd0c93e11613c1a8eee4e9add313c3a","name":"F2CC Communications","image":{"@type":"ImageObject","inLanguage":"fr-FR","@id":"https:\/\/www.farmtocafeteriacanada.ca\/#\/schema\/person\/image\/","url":"https:\/\/secure.gravatar.com\/avatar\/1235ab22df28a1c1d4f643052f398f8919d3e7e6f7adebafe3fe3bbbbef56465?s=96&d=mm&r=g","contentUrl":"https:\/\/secure.gravatar.com\/avatar\/1235ab22df28a1c1d4f643052f398f8919d3e7e6f7adebafe3fe3bbbbef56465?s=96&d=mm&r=g","caption":"F2CC Communications"},"url":"https:\/\/www.farmtocafeteriacanada.ca\/fr\/author\/f2cccommunications\/"}]}},"_links":{"self":[{"href":"https:\/\/www.farmtocafeteriacanada.ca\/fr\/wp-json\/wp\/v2\/posts\/15455","targetHints":{"allow":["GET"]}}],"collection":[{"href":"https:\/\/www.farmtocafeteriacanada.ca\/fr\/wp-json\/wp\/v2\/posts"}],"about":[{"href":"https:\/\/www.farmtocafeteriacanada.ca\/fr\/wp-json\/wp\/v2\/types\/post"}],"author":[{"embeddable":true,"href":"https:\/\/www.farmtocafeteriacanada.ca\/fr\/wp-json\/wp\/v2\/users\/18"}],"replies":[{"embeddable":true,"href":"https:\/\/www.farmtocafeteriacanada.ca\/fr\/wp-json\/wp\/v2\/comments?post=15455"}],"version-history":[{"count":6,"href":"https:\/\/www.farmtocafeteriacanada.ca\/fr\/wp-json\/wp\/v2\/posts\/15455\/revisions"}],"predecessor-version":[{"id":24294,"href":"https:\/\/www.farmtocafeteriacanada.ca\/fr\/wp-json\/wp\/v2\/posts\/15455\/revisions\/24294"}],"wp:featuredmedia":[{"embeddable":true,"href":"https:\/\/www.farmtocafeteriacanada.ca\/fr\/wp-json\/wp\/v2\/media\/16405"}],"wp:attachment":[{"href":"https:\/\/www.farmtocafeteriacanada.ca\/fr\/wp-json\/wp\/v2\/media?parent=15455"}],"wp:term":[{"taxonomy":"category","embeddable":true,"href":"https:\/\/www.farmtocafeteriacanada.ca\/fr\/wp-json\/wp\/v2\/categories?post=15455"},{"taxonomy":"post_tag","embeddable":true,"href":"https:\/\/www.farmtocafeteriacanada.ca\/fr\/wp-json\/wp\/v2\/tags?post=15455"}],"curies":[{"name":"wp","href":"https:\/\/api.w.org\/{rel}","templated":true}]}}