
{"id":15334,"date":"2019-04-16T12:24:21","date_gmt":"2019-04-16T17:24:21","guid":{"rendered":"http:\/\/www.farmtocafeteriacanada.ca\/?p=15334"},"modified":"2019-07-22T12:36:58","modified_gmt":"2019-07-22T17:36:58","slug":"prix-michelle-lessard-2019","status":"publish","type":"post","link":"https:\/\/www.farmtocafeteriacanada.ca\/fr\/2019\/04\/prix-michelle-lessard-2019\/","title":{"rendered":"Prix Michelle Lessard 2019"},"content":{"rendered":"<h4 style=\"text-align: center;\"><span style=\"color: #cb415e;\">F\u00e9licitations \u00e0 Nan\u00e2tohk M\u00eeciwin (<a href=\"http:\/\/www.schoolfoods.ca\"><u>strat\u00e9gie d\u2019alimentation scolaire universelle<\/u><\/a>), <\/span><\/h4>\n<h5 style=\"text-align: center;\"><strong><span style=\"color: #cb415e;\">gagnante du Prix Michelle Lessard 2019!<\/span><\/strong><\/h5>\n<hr \/>\n<h4 class=\"p1\" style=\"text-align: center;\"><span class=\"s1\" style=\"color: #cb415e;\"><b>Qu\u2019est-ce que le prix Michelle Lessard?<\/b><\/span><\/h4>\n<h5 class=\"p1\"><span class=\"s1\">F2CC pr\u00e9sentera le prix Michelle Lessard \u00e0 un programme ou \u00e0 un groupe de personnes repr\u00e9sentant une organisation r\u00e9gionale, une \u00e9cole ou un ensemble d\u2019\u00e9coles qui ont cr\u00e9\u00e9 un programme, une pratique ou une politique brillante De la ferme \u00e0 l\u2019\u00e9cole au Canada.<\/span><\/h5>\n<p class=\"p1\"><span class=\"s1\"><strong>Michelle Lessard a commenc\u00e9 le premier programme de bar \u00e0 salade, De la ferme \u00e0 l\u2019\u00e9cole, \u00e0 l\u2019\u00e9cole \u00e9l\u00e9mentaire Dragon Lake \u00e0 Quesnel (Colombie-Britannique) en 2007.<\/strong> Dans neuf courtes semaines, elle a cr\u00e9\u00e9 un service de bar \u00e0 salade dans une \u00e9cole qui avait un peu plus d\u2019un placard \u00e0 balai pour nourrir les 230 enfants qui y \u00e9taient inscrits. Le programme a d\u00e9montr\u00e9 que lorsque demand\u00e9 les agriculteurs vont livrer, et lorsque offerts, les enfants remplissent leurs assiettes avec des l\u00e9gumes verts. Le programme initial de Michelle a ouvert la voie \u00e0<span class=\"Apple-converted-space\">\u00a0 <\/span>la cr\u00e9ation d\u2019un r\u00e9seau provincial de plus de 150 programmes championn\u00e9s par Farm to School BC, sous la g\u00e9rance de l\u2019Association de la sant\u00e9 publique de la CB. Ce r\u00e9seau provincial et partenaires \u00e0 travers le Canada m\u00e8nent \u00e0 la cr\u00e9ation De la Ferme \u00e0 la caf\u00e9t\u00e9ria Canada.<\/span><\/p>\n<p class=\"p1\"><span class=\"s1\">Michelle Lessard est d\u00e9c\u00e9d\u00e9e au printemps 2015, apr\u00e8s une longue bataille courageuse avec le cancer.<\/span><\/p>\n<p class=\"p1\"><span class=\"s1\">En hommage \u00e0 la m\u00e9moire de Michelle et \u00e0 l\u2019h\u00e9ritage qu\u2019elle a cr\u00e9\u00e9, De la Ferme \u00e0 la caf\u00e9t\u00e9ria Canada pr\u00e9sentera ce prix m\u00e9ritant un programme ou un groupe de personnes \u00e0 chacune de ses r\u00e9unions nationales.<\/span><\/p>\n<h6 class=\"p1\"><span class=\"s1\">Crit\u00e8res d\u2019attribution:<\/span><\/h6>\n<p class=\"p1\"><span class=\"s1\">Le programme de la ferme \u00e0 l\u2019\u00e9cole ou la pratique ou la politique est celle qui:<\/span><\/p>\n<ul>\n<li class=\"p1\"><span class=\"s1\">Contribue utilement \u00e0 la viabilit\u00e9 du syst\u00e8me alimentaire r\u00e9gional<\/span><\/li>\n<li class=\"p1\"><span class=\"s1\">Augmente l\u2019approvisionnement alimentaire local et le service alimentaire local dans une ou plusieurs \u00e9coles<\/span><\/li>\n<li><span class=\"s1\">A une forte composante de litt\u00e9racie des aliments \u00e0 l\u2019\u00e9cole int\u00e9gr\u00e9e \u00e0 la composante du service alimentaire scolaire<\/span><\/li>\n<li><span class=\"s1\"> Engage les \u00e9tudiants, la communaut\u00e9 scolaire, les producteurs alimentaires locaux et la communaut\u00e9 \u00e9largie dans le d\u00e9veloppement, la mise en \u0153uvre et l\u2019\u00e9valuation<\/span><\/li>\n<li><span class=\"s1\">Est \u00e9conomiquement viable ou a la promesse d\u2019une viabilit\u00e9 \u00e9conomique<\/span><\/li>\n<li><span class=\"s1\">Ne laisse aucun enfant derri\u00e8re (c.-\u00e0-d. tout enfant peut participer ind\u00e9pendamment des moyens)<\/span><\/li>\n<li><span class=\"s1\">A conduit \u00e0 la r\u00e9plication dans d\u2019autres communaut\u00e9s du Canada<\/span><\/li>\n<\/ul>\n<hr \/>\n<h5 class=\"p1\" style=\"text-align: center;\"><span class=\"s1\"><b>Voici les nomin\u00e9s 2019<\/b><\/span><\/h5>\n<p class=\"p1\" style=\"text-align: center;\"><span class=\"s1\" style=\"color: #cb415e;\"><b>Programme de distribution de l\u00e9gumes et de fruits du programme de nutrition \u00e9tudiante en Ontario<\/b><\/span><\/p>\n<p class=\"p1\" style=\"text-align: center;\"><span class=\"s1\" style=\"color: #cb415e;\"><b>Projet \u00c9coles enracin\u00e9es<\/b><\/span><\/p>\n<p class=\"p1\" style=\"text-align: center;\"><span class=\"s1\" style=\"color: #cb415e;\"><b>Apprenti en Action<\/b><\/span><\/p>\n<p class=\"p1\" style=\"text-align: center;\"><span class=\"s1\" style=\"color: #cb415e;\"><b>Think&amp;EatGreen@School<\/b><\/span><\/p>\n<p class=\"p1\" style=\"text-align: center;\"><span class=\"s1\" style=\"color: #cb415e;\"><b>Nan\u00e2tohk M\u00eeciwin<\/b><\/span><\/p>\n<p class=\"p1\" style=\"text-align: center;\"><span class=\"s1\" style=\"color: #cb415e;\"><b>Comit\u00e9 d\u2019aliment locaux dans les \u00e9coles de Haida Gwaii<\/b><\/span><\/p>\n<hr \/>\n<h4 class=\"p1\"><span class=\"s1\" style=\"color: #cb415e;\"><b><a style=\"color: #cb415e;\" href=\"https:\/\/www.facebook.com\/OSNPsouthwest\/\">Programme<\/a> de distribution de l\u00e9gumes et de fruits du programme de nutrition \u00e9tudiante en Ontario<\/b><\/span><\/h4>\n<h4 class=\"p1\"><span class=\"s1\" style=\"color: #cb415e;\"><b>\u00a0<\/b><\/span><\/h4>\n<p><img loading=\"lazy\" decoding=\"async\" class=\"size-full wp-image-15295 aligncenter\" src=\"http:\/\/www.farmtocafeteriacanada.ca\/wp-content\/uploads\/V_F_Delivery_Program_Inforgraphic_Updated_Feb_2019_V2_no_title_wide.jpg\" alt=\"\" width=\"3900\" height=\"1500\" srcset=\"https:\/\/www.farmtocafeteriacanada.ca\/wp-content\/uploads\/V_F_Delivery_Program_Inforgraphic_Updated_Feb_2019_V2_no_title_wide.jpg 3900w, https:\/\/www.farmtocafeteriacanada.ca\/wp-content\/uploads\/V_F_Delivery_Program_Inforgraphic_Updated_Feb_2019_V2_no_title_wide-768x295.jpg 768w\" sizes=\"auto, (max-width: 3900px) 100vw, 3900px\" \/><\/p>\n<p class=\"p1\"><span class=\"s1\">En 2014, le programme de nutrition \u00e9tudiante de l\u2019Ontario, r\u00e9gion du Sud-Ouest, s\u2019est associ\u00e9 \u00e0 la collectivit\u00e9 de Chatham-Kent pour piloter une petite initiative de la ferme \u00e0 l\u2019\u00e9cole qui visait \u00e0 obtenir davantage de nourriture locale dans leurs programmes de nutrition \u00e9tudiante et \u00e0 enseigner aux \u00e9l\u00e8ves o\u00f9 ces aliments on \u00e9t\u00e9 cultiv\u00e9s.<span class=\"Apple-converted-space\">\u00a0 <\/span>L\u2019engagement et le partenariat de quelques personnes, d\u2019une unit\u00e9 de sant\u00e9 publique et de la communaut\u00e9 de Chatham-Kent ont permis \u00e0 ce programme de s\u2019enraciner et de devenir un programme r\u00e9gional de distribution de fruits et l\u00e9gumes qui dessert plus de 150 \u00e9coles tout en offrant l\u2019acc\u00e8s \u00e0 la nourriture locale et l\u2019\u00e9ducation alimentaire locale par le biais d\u2019un programme \u00ab<\/span> <span class=\"s1\">Tasty Ontario Tuesday \u00bb et d\u2019autres partenariats communautaires.<\/span><\/p>\n<p><a href=\"http:\/\/www.osnp.ca\/8_weeks_of_fruit_and_vegetable_delivery\">http:\/\/www.osnp.ca\/8_weeks_of_fruit_and_vegetable_delivery<\/a><\/p>\n<p><iframe loading=\"lazy\" width=\"1150\" height=\"647\" src=\"https:\/\/www.youtube.com\/embed\/LNBRCMc149o?feature=oembed\" frameborder=\"0\" allow=\"accelerometer; autoplay; encrypted-media; gyroscope; picture-in-picture\" allowfullscreen><\/iframe><\/p>\n<hr \/>\n<h4 class=\"p1\"><span class=\"s1\" style=\"color: #cb415e;\"><b>Projet \u00c9coles enracin\u00e9es<\/b><\/span><\/h4>\n<p><img loading=\"lazy\" decoding=\"async\" class=\"alignleft wp-image-15300 size-full\" src=\"http:\/\/www.farmtocafeteriacanada.ca\/wp-content\/uploads\/image2.jpeg\" alt=\"\" width=\"338\" height=\"273\" \/><\/p>\n<p class=\"p1\"><span class=\"s1\">Le projet \u00c9coles enracin\u00e9es fait la promotion des aliments sains, locaux et \u00e9coresponsables dans les \u00e9tablissements scolaires, les milieux de la petite enfance et les organisations communautaires du Qu\u00e9bec. Le projet vise \u00e0 ce que les communaut\u00e9s autour de ces milieux, incluant les enfants, les \u00e9l\u00e8ves, les enseignants, les \u00e9ducateurs et les parents, d\u00e9couvrent, cuisinent et consomment davantage d\u2019aliments locaux et biologiques.<\/span><\/p>\n<p class=\"p1\"><span class=\"s1\"><strong>For more information:<\/strong> in\u00a0<a href=\"http:\/\/www.equiterre.org\/ecolesenracinees\">French<\/a>\u00a0and in\u00a0<a href=\"http:\/\/equiterre.org\/en\/project\/local-food-procurement\/schools-take-root-for-healthy-local-and-sustainable-food\">English<\/a><\/span><\/p>\n<p><iframe loading=\"lazy\" width=\"1150\" height=\"647\" src=\"https:\/\/www.youtube.com\/embed\/425SMI4oNrE?feature=oembed\" frameborder=\"0\" allow=\"accelerometer; autoplay; encrypted-media; gyroscope; picture-in-picture\" allowfullscreen><\/iframe><\/p>\n<hr \/>\n<h4 class=\"p1\"><span class=\"s1\" style=\"color: #cb415e;\"><b>Apprenti en Action<\/b><\/span><\/h4>\n<p><img loading=\"lazy\" decoding=\"async\" class=\"alignleft wp-image-15303\" src=\"http:\/\/www.farmtocafeteriacanada.ca\/wp-content\/uploads\/image4.jpg\" alt=\"\" width=\"346\" height=\"346\" srcset=\"https:\/\/www.farmtocafeteriacanada.ca\/wp-content\/uploads\/image4.jpg 960w, https:\/\/www.farmtocafeteriacanada.ca\/wp-content\/uploads\/image4-768x768.jpg 768w\" sizes=\"auto, (max-width: 346px) 100vw, 346px\" \/><\/p>\n<p class=\"p1\"><span class=\"s1\">Au Nouveau-Brunswick, cuisiner \u00e0 l\u2019\u00e9cole devient de plus en plus accessible gr\u00e2ce \u00e0 la cr\u00e9ation \u00e0 l\u2019automne 2018 de l\u2019organisme\u00a0Apprenti en action \u2013 Labo \u00e9ducatif en alimentation inc. \u00a0<\/span><\/p>\n<p class=\"p1\"><span class=\"s1\">Il s\u2019agit d\u2019un laboratoire dynamique d\u2019initiatives \u00e9ducatives en alimentation en milieu scolaire et communautaire ayant comme priorit\u00e9 le d\u00e9veloppement des comp\u00e9tences culinaires.\u00a0 Un continuum culinaire de la maternelle \u00e0 la 8e ann\u00e9e a \u00e9t\u00e9 \u00e9labor\u00e9 afin d\u2019engager les jeunes dans leurs apprentissages.\u00a0 Les ateliers culinaires am\u00e8nent les jeunes \u00e0 d\u00e9couvrir et \u00e0 cr\u00e9er avec les produits du terroir en utilisant leurs 5 sens !\u00a0<\/span><\/p>\n<p class=\"p1\"><span class=\"s1\">Au menu de cette entreprise sociale, on retrouve divers produits, tel que des ressources \u00e9ducatives, accessoires de cuisine, charriot culinaire et des services d\u2019animation d\u2019atelier culinaire, de formation en salubrit\u00e9 alimentaire de base, de consultation p\u00e9dagogique, etc. \u00a0<\/span><\/p>\n<p><a href=\"https:\/\/www.facebook.com\/Apprentienaction\/\">https:\/\/www.facebook.com\/Apprentienaction\/<\/a><\/p>\n<hr \/>\n<h4 class=\"p1\"><span class=\"s1\" style=\"color: #cb415e;\"><b>Think&amp;EatGreen@School<\/b><\/span><\/h4>\n<p class=\"p1\"><span class=\"s1\">Le projet Think &amp; EatGreen @ School (TEGS) a travaill\u00e9 continuellement depuis 2010 dans le but d\u2019amener la litt\u00e9racie alimentaire aux enfants et le perfectionnement professionnel dans la litt\u00e9racie alimentaire aux \u00e9coles du district scolaire de Vancouver.<\/span><\/p>\n<p><a href=\"https:\/\/thinkeatgreen.ca\/\">https:\/\/thinkeatgreen.ca\/<\/a><\/p>\n<p><iframe loading=\"lazy\" width=\"1150\" height=\"647\" src=\"https:\/\/www.youtube.com\/embed\/t2UA4iSKsYA?feature=oembed\" frameborder=\"0\" allow=\"accelerometer; autoplay; encrypted-media; gyroscope; picture-in-picture\" allowfullscreen><\/iframe><\/p>\n<hr \/>\n<h4 class=\"p1\"><span class=\"s1\" style=\"color: #cb415e;\"><b>Nan\u00e2tohk M\u00eeciwin<\/b><\/span><\/h4>\n<p class=\"p1\"><span class=\"s1\"><img loading=\"lazy\" decoding=\"async\" class=\"size-full wp-image-15307 alignnone\" src=\"http:\/\/www.farmtocafeteriacanada.ca\/wp-content\/uploads\/image7.jpeg\" alt=\"\" width=\"904\" height=\"413\" srcset=\"https:\/\/www.farmtocafeteriacanada.ca\/wp-content\/uploads\/image7.jpeg 904w, https:\/\/www.farmtocafeteriacanada.ca\/wp-content\/uploads\/image7-768x351.jpeg 768w\" sizes=\"auto, (max-width: 904px) 100vw, 904px\" \/><\/span><span class=\"s1\">Nan\u00e2tohk M\u00eeciwin (Universal School Food Strategy \u2013 USFS) fournit des repas sains, des collations et des boissons pour les 11 \u00e9coles de la Commission des \u00e9coles d\u2019\u00e9ducation de Maskwac\u00ees (MESC). En plus de fournir une \u00e9ducation alimentaire compl\u00e8te, Nan\u00e2tohk M\u00eeciwin engage les \u00e9tudiants dans la culture et la pr\u00e9paration des repas.<\/span><\/p>\n<p class=\"p1\"><span class=\"s1\"><strong>Read more at:<\/strong> <i><a href=\"http:\/\/www.schoolfoods.ca\/\" target=\"_blank\" rel=\"noopener\" data-saferedirecturl=\"https:\/\/www.google.com\/url?q=http:\/\/www.schoolfoods.ca\/&amp;source=gmail&amp;ust=1555609067112000&amp;usg=AFQjCNHRY-mSw3ZkHtdZd1TcWkaNARSRLQ\">www.schoolfoods.ca<\/a>\u00a0<\/i><\/span><\/p>\n<p><iframe loading=\"lazy\" src=\"\/\/www.cbc.ca\/i\/caffeine\/syndicate\/?mediaId=1354187332001\" width=\"800\" height=\"400\" frameborder=\"0\" allowfullscreen=\"allowfullscreen\" data-mce-fragment=\"1\"><\/iframe><\/p>\n<hr \/>\n<h4 class=\"p1\"><span class=\"s1\" style=\"color: #cb415e;\"><b>Comit\u00e9 d\u2019aliment locaux dans les \u00e9coles de Haida Gwaii<\/b><\/span><\/h4>\n<p class=\"p1\"><span class=\"s1\">Le c<\/span><span class=\"s2\">omit\u00e9 d\u2019alimentation<span class=\"Apple-converted-space\">\u00a0 <\/span>locale dans les \u00e9coles de Haida Gwaii <\/span><span class=\"s1\">est un programme qui permet d&#8217;introduire des aliments cultiv\u00e9s et r\u00e9colt\u00e9s localement dans les \u00e9coles et de soutenir des activit\u00e9s qui renforcent le lien des \u00e9l\u00e8ves avec la provenance de leurs aliments. Le programme donne \u00e9galement des connaissances sur la pr\u00e9paration, le nettoyage et la cuisson des ingr\u00e9dients disponibles pour la pr\u00e9paration des repas et la conservation des aliments en fonction des disponibilit\u00e9s saisonni\u00e8res offertes par le programme du garde-manger d\u2019aliments locaux. <\/span><\/p>\n<p><iframe loading=\"lazy\" src=\"https:\/\/player.vimeo.com\/video\/164774819?dnt=1&#038;app_id=122963\" width=\"1150\" height=\"485\" frameborder=\"0\" title=\"Local Foods to School: Reconnecting the Children of Haida Gwaii to Their Food and Their Land\" allow=\"autoplay; fullscreen\" allowfullscreen><\/iframe><\/p>\n<p><a href=\"https:\/\/www.facebook.com\/pg\/localfoodtoschoolhaidagwaii\/about\/?ref=page_internal\">https:\/\/www.facebook.com\/pg\/localfoodtoschoolhaidagwaii\/about\/?ref=page_internal<\/a><\/p>\n<p style=\"text-align: left;\">\n","protected":false},"excerpt":{"rendered":"<p>F\u00e9licitations \u00e0 Nan\u00e2tohk M\u00eeciwin (strat\u00e9gie d\u2019alimentation scolaire universelle), gagnante du Prix Michelle Lessard 2019! Qu\u2019est-ce que le prix Michelle Lessard? F2CC pr\u00e9sentera le prix Michelle Lessard \u00e0 un programme ou \u00e0 un groupe de personnes repr\u00e9sentant une organisation r\u00e9gionale, une \u00e9cole ou un ensemble d\u2019\u00e9coles qui ont cr\u00e9\u00e9 un programme, une pratique ou une politique [&hellip;]<\/p>\n","protected":false},"author":3,"featured_media":15311,"comment_status":"closed","ping_status":"open","sticky":false,"template":"","format":"standard","meta":{"_acf_changed":false,"_exactmetrics_skip_tracking":false,"_exactmetrics_sitenote_active":false,"_exactmetrics_sitenote_note":"","_exactmetrics_sitenote_category":0,"footnotes":""},"categories":[191],"tags":[193],"class_list":["post-15334","post","type-post","status-publish","format-standard","has-post-thumbnail","hentry","category-stories_from_the_field-fr","tag-canada-fr"],"acf":[],"yoast_head":"<!-- This site is optimized with the Yoast SEO plugin v26.7 - https:\/\/yoast.com\/wordpress\/plugins\/seo\/ -->\n<title>Prix Michelle Lessard 2019 - Farm to Cafeteria Canada<\/title>\n<meta name=\"robots\" content=\"index, follow, max-snippet:-1, max-image-preview:large, max-video-preview:-1\" \/>\n<link rel=\"canonical\" href=\"https:\/\/www.farmtocafeteriacanada.ca\/fr\/2019\/04\/prix-michelle-lessard-2019\/\" \/>\n<meta property=\"og:locale\" content=\"fr_FR\" \/>\n<meta property=\"og:type\" content=\"article\" \/>\n<meta property=\"og:title\" content=\"Prix Michelle Lessard 2019 - Farm to Cafeteria Canada\" \/>\n<meta property=\"og:description\" content=\"F\u00e9licitations \u00e0 Nan\u00e2tohk M\u00eeciwin (strat\u00e9gie d\u2019alimentation scolaire universelle), gagnante du Prix Michelle Lessard 2019! Qu\u2019est-ce que le prix Michelle Lessard? F2CC pr\u00e9sentera le prix Michelle Lessard \u00e0 un programme ou \u00e0 un groupe de personnes repr\u00e9sentant une organisation r\u00e9gionale, une \u00e9cole ou un ensemble d\u2019\u00e9coles qui ont cr\u00e9\u00e9 un programme, une pratique ou une politique [&hellip;]\" \/>\n<meta property=\"og:url\" content=\"https:\/\/www.farmtocafeteriacanada.ca\/fr\/2019\/04\/prix-michelle-lessard-2019\/\" \/>\n<meta property=\"og:site_name\" content=\"Farm to Cafeteria Canada\" \/>\n<meta property=\"article:publisher\" content=\"https:\/\/www.facebook.com\/groups\/FarmtocafeteriaCanada\/\" \/>\n<meta property=\"article:published_time\" content=\"2019-04-16T17:24:21+00:00\" \/>\n<meta property=\"article:modified_time\" content=\"2019-07-22T17:36:58+00:00\" \/>\n<meta property=\"og:image\" content=\"https:\/\/www.farmtocafeteriacanada.ca\/wp-content\/uploads\/10641282_986045251412197_1779570719723596506_n-1.jpg\" \/>\n\t<meta property=\"og:image:width\" content=\"812\" \/>\n\t<meta property=\"og:image:height\" content=\"342\" \/>\n\t<meta property=\"og:image:type\" content=\"image\/jpeg\" \/>\n<meta name=\"author\" content=\"F2CC admin\" \/>\n<meta name=\"twitter:card\" content=\"summary_large_image\" \/>\n<meta name=\"twitter:creator\" content=\"@Farm2Cafeteria\" \/>\n<meta name=\"twitter:site\" content=\"@Farm2Cafeteria\" \/>\n<meta name=\"twitter:label1\" content=\"\u00c9crit par\" \/>\n\t<meta name=\"twitter:data1\" content=\"F2CC admin\" \/>\n\t<meta name=\"twitter:label2\" content=\"Dur\u00e9e de lecture estim\u00e9e\" \/>\n\t<meta name=\"twitter:data2\" content=\"5 minutes\" \/>\n<script type=\"application\/ld+json\" class=\"yoast-schema-graph\">{\"@context\":\"https:\/\/schema.org\",\"@graph\":[{\"@type\":\"Article\",\"@id\":\"https:\/\/www.farmtocafeteriacanada.ca\/fr\/2019\/04\/prix-michelle-lessard-2019\/#article\",\"isPartOf\":{\"@id\":\"https:\/\/www.farmtocafeteriacanada.ca\/fr\/2019\/04\/prix-michelle-lessard-2019\/\"},\"author\":{\"name\":\"F2CC admin\",\"@id\":\"https:\/\/www.farmtocafeteriacanada.ca\/#\/schema\/person\/03c2a359a7f0c99b895e08c1e7056708\"},\"headline\":\"Prix Michelle Lessard 2019\",\"datePublished\":\"2019-04-16T17:24:21+00:00\",\"dateModified\":\"2019-07-22T17:36:58+00:00\",\"mainEntityOfPage\":{\"@id\":\"https:\/\/www.farmtocafeteriacanada.ca\/fr\/2019\/04\/prix-michelle-lessard-2019\/\"},\"wordCount\":1080,\"publisher\":{\"@id\":\"https:\/\/www.farmtocafeteriacanada.ca\/#organization\"},\"image\":{\"@id\":\"https:\/\/www.farmtocafeteriacanada.ca\/fr\/2019\/04\/prix-michelle-lessard-2019\/#primaryimage\"},\"thumbnailUrl\":\"https:\/\/www.farmtocafeteriacanada.ca\/wp-content\/uploads\/10641282_986045251412197_1779570719723596506_n-1.jpg\",\"keywords\":[\"Canada\"],\"articleSection\":[\"Stories from the field\"],\"inLanguage\":\"fr-FR\"},{\"@type\":\"WebPage\",\"@id\":\"https:\/\/www.farmtocafeteriacanada.ca\/fr\/2019\/04\/prix-michelle-lessard-2019\/\",\"url\":\"https:\/\/www.farmtocafeteriacanada.ca\/fr\/2019\/04\/prix-michelle-lessard-2019\/\",\"name\":\"Prix Michelle Lessard 2019 - Farm to Cafeteria Canada\",\"isPartOf\":{\"@id\":\"https:\/\/www.farmtocafeteriacanada.ca\/#website\"},\"primaryImageOfPage\":{\"@id\":\"https:\/\/www.farmtocafeteriacanada.ca\/fr\/2019\/04\/prix-michelle-lessard-2019\/#primaryimage\"},\"image\":{\"@id\":\"https:\/\/www.farmtocafeteriacanada.ca\/fr\/2019\/04\/prix-michelle-lessard-2019\/#primaryimage\"},\"thumbnailUrl\":\"https:\/\/www.farmtocafeteriacanada.ca\/wp-content\/uploads\/10641282_986045251412197_1779570719723596506_n-1.jpg\",\"datePublished\":\"2019-04-16T17:24:21+00:00\",\"dateModified\":\"2019-07-22T17:36:58+00:00\",\"breadcrumb\":{\"@id\":\"https:\/\/www.farmtocafeteriacanada.ca\/fr\/2019\/04\/prix-michelle-lessard-2019\/#breadcrumb\"},\"inLanguage\":\"fr-FR\",\"potentialAction\":[{\"@type\":\"ReadAction\",\"target\":[\"https:\/\/www.farmtocafeteriacanada.ca\/fr\/2019\/04\/prix-michelle-lessard-2019\/\"]}]},{\"@type\":\"ImageObject\",\"inLanguage\":\"fr-FR\",\"@id\":\"https:\/\/www.farmtocafeteriacanada.ca\/fr\/2019\/04\/prix-michelle-lessard-2019\/#primaryimage\",\"url\":\"https:\/\/www.farmtocafeteriacanada.ca\/wp-content\/uploads\/10641282_986045251412197_1779570719723596506_n-1.jpg\",\"contentUrl\":\"https:\/\/www.farmtocafeteriacanada.ca\/wp-content\/uploads\/10641282_986045251412197_1779570719723596506_n-1.jpg\",\"width\":812,\"height\":342},{\"@type\":\"BreadcrumbList\",\"@id\":\"https:\/\/www.farmtocafeteriacanada.ca\/fr\/2019\/04\/prix-michelle-lessard-2019\/#breadcrumb\",\"itemListElement\":[{\"@type\":\"ListItem\",\"position\":1,\"name\":\"Home\",\"item\":\"https:\/\/www.farmtocafeteriacanada.ca\/fr\/accueil\/\"},{\"@type\":\"ListItem\",\"position\":2,\"name\":\"Prix Michelle Lessard 2019\"}]},{\"@type\":\"WebSite\",\"@id\":\"https:\/\/www.farmtocafeteriacanada.ca\/#website\",\"url\":\"https:\/\/www.farmtocafeteriacanada.ca\/\",\"name\":\"Farm to Cafeteria Canada\",\"description\":\"\",\"publisher\":{\"@id\":\"https:\/\/www.farmtocafeteriacanada.ca\/#organization\"},\"potentialAction\":[{\"@type\":\"SearchAction\",\"target\":{\"@type\":\"EntryPoint\",\"urlTemplate\":\"https:\/\/www.farmtocafeteriacanada.ca\/?s={search_term_string}\"},\"query-input\":{\"@type\":\"PropertyValueSpecification\",\"valueRequired\":true,\"valueName\":\"search_term_string\"}}],\"inLanguage\":\"fr-FR\"},{\"@type\":\"Organization\",\"@id\":\"https:\/\/www.farmtocafeteriacanada.ca\/#organization\",\"name\":\"Farm to Cafeteria Canada\",\"url\":\"https:\/\/www.farmtocafeteriacanada.ca\/\",\"logo\":{\"@type\":\"ImageObject\",\"inLanguage\":\"fr-FR\",\"@id\":\"https:\/\/www.farmtocafeteriacanada.ca\/#\/schema\/logo\/image\/\",\"url\":\"http:\/\/www.farmtocafeteriacanada.ca\/wp-content\/uploads\/2015\/03\/f2cc_logo_en2.png\",\"contentUrl\":\"http:\/\/www.farmtocafeteriacanada.ca\/wp-content\/uploads\/2015\/03\/f2cc_logo_en2.png\",\"width\":3000,\"height\":476,\"caption\":\"Farm to Cafeteria Canada\"},\"image\":{\"@id\":\"https:\/\/www.farmtocafeteriacanada.ca\/#\/schema\/logo\/image\/\"},\"sameAs\":[\"https:\/\/www.facebook.com\/groups\/FarmtocafeteriaCanada\/\",\"https:\/\/x.com\/Farm2Cafeteria\",\"https:\/\/www.youtube.com\/channel\/UCQjcYiICtAygShD3IwNsewQ\"]},{\"@type\":\"Person\",\"@id\":\"https:\/\/www.farmtocafeteriacanada.ca\/#\/schema\/person\/03c2a359a7f0c99b895e08c1e7056708\",\"name\":\"F2CC admin\",\"image\":{\"@type\":\"ImageObject\",\"inLanguage\":\"fr-FR\",\"@id\":\"https:\/\/www.farmtocafeteriacanada.ca\/#\/schema\/person\/image\/\",\"url\":\"https:\/\/secure.gravatar.com\/avatar\/c1ddaee9a55673d852314381577bb8198996fbef53c8e2320536bf543b7712b4?s=96&d=mm&r=g\",\"contentUrl\":\"https:\/\/secure.gravatar.com\/avatar\/c1ddaee9a55673d852314381577bb8198996fbef53c8e2320536bf543b7712b4?s=96&d=mm&r=g\",\"caption\":\"F2CC admin\"},\"url\":\"https:\/\/www.farmtocafeteriacanada.ca\/fr\/author\/tracey\/\"}]}<\/script>\n<!-- \/ Yoast SEO plugin. -->","yoast_head_json":{"title":"Prix Michelle Lessard 2019 - Farm to Cafeteria Canada","robots":{"index":"index","follow":"follow","max-snippet":"max-snippet:-1","max-image-preview":"max-image-preview:large","max-video-preview":"max-video-preview:-1"},"canonical":"https:\/\/www.farmtocafeteriacanada.ca\/fr\/2019\/04\/prix-michelle-lessard-2019\/","og_locale":"fr_FR","og_type":"article","og_title":"Prix Michelle Lessard 2019 - Farm to Cafeteria Canada","og_description":"F\u00e9licitations \u00e0 Nan\u00e2tohk M\u00eeciwin (strat\u00e9gie d\u2019alimentation scolaire universelle), gagnante du Prix Michelle Lessard 2019! Qu\u2019est-ce que le prix Michelle Lessard? F2CC pr\u00e9sentera le prix Michelle Lessard \u00e0 un programme ou \u00e0 un groupe de personnes repr\u00e9sentant une organisation r\u00e9gionale, une \u00e9cole ou un ensemble d\u2019\u00e9coles qui ont cr\u00e9\u00e9 un programme, une pratique ou une politique [&hellip;]","og_url":"https:\/\/www.farmtocafeteriacanada.ca\/fr\/2019\/04\/prix-michelle-lessard-2019\/","og_site_name":"Farm to Cafeteria Canada","article_publisher":"https:\/\/www.facebook.com\/groups\/FarmtocafeteriaCanada\/","article_published_time":"2019-04-16T17:24:21+00:00","article_modified_time":"2019-07-22T17:36:58+00:00","og_image":[{"width":812,"height":342,"url":"https:\/\/www.farmtocafeteriacanada.ca\/wp-content\/uploads\/10641282_986045251412197_1779570719723596506_n-1.jpg","type":"image\/jpeg"}],"author":"F2CC admin","twitter_card":"summary_large_image","twitter_creator":"@Farm2Cafeteria","twitter_site":"@Farm2Cafeteria","twitter_misc":{"\u00c9crit par":"F2CC admin","Dur\u00e9e de lecture estim\u00e9e":"5 minutes"},"schema":{"@context":"https:\/\/schema.org","@graph":[{"@type":"Article","@id":"https:\/\/www.farmtocafeteriacanada.ca\/fr\/2019\/04\/prix-michelle-lessard-2019\/#article","isPartOf":{"@id":"https:\/\/www.farmtocafeteriacanada.ca\/fr\/2019\/04\/prix-michelle-lessard-2019\/"},"author":{"name":"F2CC admin","@id":"https:\/\/www.farmtocafeteriacanada.ca\/#\/schema\/person\/03c2a359a7f0c99b895e08c1e7056708"},"headline":"Prix Michelle Lessard 2019","datePublished":"2019-04-16T17:24:21+00:00","dateModified":"2019-07-22T17:36:58+00:00","mainEntityOfPage":{"@id":"https:\/\/www.farmtocafeteriacanada.ca\/fr\/2019\/04\/prix-michelle-lessard-2019\/"},"wordCount":1080,"publisher":{"@id":"https:\/\/www.farmtocafeteriacanada.ca\/#organization"},"image":{"@id":"https:\/\/www.farmtocafeteriacanada.ca\/fr\/2019\/04\/prix-michelle-lessard-2019\/#primaryimage"},"thumbnailUrl":"https:\/\/www.farmtocafeteriacanada.ca\/wp-content\/uploads\/10641282_986045251412197_1779570719723596506_n-1.jpg","keywords":["Canada"],"articleSection":["Stories from the field"],"inLanguage":"fr-FR"},{"@type":"WebPage","@id":"https:\/\/www.farmtocafeteriacanada.ca\/fr\/2019\/04\/prix-michelle-lessard-2019\/","url":"https:\/\/www.farmtocafeteriacanada.ca\/fr\/2019\/04\/prix-michelle-lessard-2019\/","name":"Prix Michelle Lessard 2019 - Farm to Cafeteria Canada","isPartOf":{"@id":"https:\/\/www.farmtocafeteriacanada.ca\/#website"},"primaryImageOfPage":{"@id":"https:\/\/www.farmtocafeteriacanada.ca\/fr\/2019\/04\/prix-michelle-lessard-2019\/#primaryimage"},"image":{"@id":"https:\/\/www.farmtocafeteriacanada.ca\/fr\/2019\/04\/prix-michelle-lessard-2019\/#primaryimage"},"thumbnailUrl":"https:\/\/www.farmtocafeteriacanada.ca\/wp-content\/uploads\/10641282_986045251412197_1779570719723596506_n-1.jpg","datePublished":"2019-04-16T17:24:21+00:00","dateModified":"2019-07-22T17:36:58+00:00","breadcrumb":{"@id":"https:\/\/www.farmtocafeteriacanada.ca\/fr\/2019\/04\/prix-michelle-lessard-2019\/#breadcrumb"},"inLanguage":"fr-FR","potentialAction":[{"@type":"ReadAction","target":["https:\/\/www.farmtocafeteriacanada.ca\/fr\/2019\/04\/prix-michelle-lessard-2019\/"]}]},{"@type":"ImageObject","inLanguage":"fr-FR","@id":"https:\/\/www.farmtocafeteriacanada.ca\/fr\/2019\/04\/prix-michelle-lessard-2019\/#primaryimage","url":"https:\/\/www.farmtocafeteriacanada.ca\/wp-content\/uploads\/10641282_986045251412197_1779570719723596506_n-1.jpg","contentUrl":"https:\/\/www.farmtocafeteriacanada.ca\/wp-content\/uploads\/10641282_986045251412197_1779570719723596506_n-1.jpg","width":812,"height":342},{"@type":"BreadcrumbList","@id":"https:\/\/www.farmtocafeteriacanada.ca\/fr\/2019\/04\/prix-michelle-lessard-2019\/#breadcrumb","itemListElement":[{"@type":"ListItem","position":1,"name":"Home","item":"https:\/\/www.farmtocafeteriacanada.ca\/fr\/accueil\/"},{"@type":"ListItem","position":2,"name":"Prix Michelle Lessard 2019"}]},{"@type":"WebSite","@id":"https:\/\/www.farmtocafeteriacanada.ca\/#website","url":"https:\/\/www.farmtocafeteriacanada.ca\/","name":"Farm to Cafeteria Canada","description":"","publisher":{"@id":"https:\/\/www.farmtocafeteriacanada.ca\/#organization"},"potentialAction":[{"@type":"SearchAction","target":{"@type":"EntryPoint","urlTemplate":"https:\/\/www.farmtocafeteriacanada.ca\/?s={search_term_string}"},"query-input":{"@type":"PropertyValueSpecification","valueRequired":true,"valueName":"search_term_string"}}],"inLanguage":"fr-FR"},{"@type":"Organization","@id":"https:\/\/www.farmtocafeteriacanada.ca\/#organization","name":"Farm to Cafeteria Canada","url":"https:\/\/www.farmtocafeteriacanada.ca\/","logo":{"@type":"ImageObject","inLanguage":"fr-FR","@id":"https:\/\/www.farmtocafeteriacanada.ca\/#\/schema\/logo\/image\/","url":"http:\/\/www.farmtocafeteriacanada.ca\/wp-content\/uploads\/2015\/03\/f2cc_logo_en2.png","contentUrl":"http:\/\/www.farmtocafeteriacanada.ca\/wp-content\/uploads\/2015\/03\/f2cc_logo_en2.png","width":3000,"height":476,"caption":"Farm to Cafeteria Canada"},"image":{"@id":"https:\/\/www.farmtocafeteriacanada.ca\/#\/schema\/logo\/image\/"},"sameAs":["https:\/\/www.facebook.com\/groups\/FarmtocafeteriaCanada\/","https:\/\/x.com\/Farm2Cafeteria","https:\/\/www.youtube.com\/channel\/UCQjcYiICtAygShD3IwNsewQ"]},{"@type":"Person","@id":"https:\/\/www.farmtocafeteriacanada.ca\/#\/schema\/person\/03c2a359a7f0c99b895e08c1e7056708","name":"F2CC admin","image":{"@type":"ImageObject","inLanguage":"fr-FR","@id":"https:\/\/www.farmtocafeteriacanada.ca\/#\/schema\/person\/image\/","url":"https:\/\/secure.gravatar.com\/avatar\/c1ddaee9a55673d852314381577bb8198996fbef53c8e2320536bf543b7712b4?s=96&d=mm&r=g","contentUrl":"https:\/\/secure.gravatar.com\/avatar\/c1ddaee9a55673d852314381577bb8198996fbef53c8e2320536bf543b7712b4?s=96&d=mm&r=g","caption":"F2CC admin"},"url":"https:\/\/www.farmtocafeteriacanada.ca\/fr\/author\/tracey\/"}]}},"_links":{"self":[{"href":"https:\/\/www.farmtocafeteriacanada.ca\/fr\/wp-json\/wp\/v2\/posts\/15334","targetHints":{"allow":["GET"]}}],"collection":[{"href":"https:\/\/www.farmtocafeteriacanada.ca\/fr\/wp-json\/wp\/v2\/posts"}],"about":[{"href":"https:\/\/www.farmtocafeteriacanada.ca\/fr\/wp-json\/wp\/v2\/types\/post"}],"author":[{"embeddable":true,"href":"https:\/\/www.farmtocafeteriacanada.ca\/fr\/wp-json\/wp\/v2\/users\/3"}],"replies":[{"embeddable":true,"href":"https:\/\/www.farmtocafeteriacanada.ca\/fr\/wp-json\/wp\/v2\/comments?post=15334"}],"version-history":[{"count":5,"href":"https:\/\/www.farmtocafeteriacanada.ca\/fr\/wp-json\/wp\/v2\/posts\/15334\/revisions"}],"predecessor-version":[{"id":15762,"href":"https:\/\/www.farmtocafeteriacanada.ca\/fr\/wp-json\/wp\/v2\/posts\/15334\/revisions\/15762"}],"wp:featuredmedia":[{"embeddable":true,"href":"https:\/\/www.farmtocafeteriacanada.ca\/fr\/wp-json\/wp\/v2\/media\/15311"}],"wp:attachment":[{"href":"https:\/\/www.farmtocafeteriacanada.ca\/fr\/wp-json\/wp\/v2\/media?parent=15334"}],"wp:term":[{"taxonomy":"category","embeddable":true,"href":"https:\/\/www.farmtocafeteriacanada.ca\/fr\/wp-json\/wp\/v2\/categories?post=15334"},{"taxonomy":"post_tag","embeddable":true,"href":"https:\/\/www.farmtocafeteriacanada.ca\/fr\/wp-json\/wp\/v2\/tags?post=15334"}],"curies":[{"name":"wp","href":"https:\/\/api.w.org\/{rel}","templated":true}]}}