
{"id":13494,"date":"2018-07-16T12:01:21","date_gmt":"2018-07-16T17:01:21","guid":{"rendered":"http:\/\/www.farmtocafeteriacanada.ca\/?p=13494"},"modified":"2020-08-03T09:45:46","modified_gmt":"2020-08-03T14:45:46","slug":"des-legumes-biologiques-au-chu-sainte-justine","status":"publish","type":"post","link":"https:\/\/www.farmtocafeteriacanada.ca\/fr\/2018\/07\/des-legumes-biologiques-au-chu-sainte-justine\/","title":{"rendered":"Des L\u00e9gumes Biologiques au CHU Sainte-Justine"},"content":{"rendered":"<p><strong>Le Centre hospitalier universitaire Sainte-Justine fait un grand pas vers une offre alimentaire plus saine pour ses patients, ses visiteurs et les membres de son personnel.<\/strong> D\u00e9lipapilles, le service alimentaire du CHU, s&#8217;approvisionne d\u00e8s cet \u00e9t\u00e9 avec des l\u00e9gumes biologiques locaux pour la pr\u00e9paration de ses repas. Gr\u00e2ce \u00e0 une collaboration avec \u00c9quiterre, D\u00e9lipapilles fait directement affaire avec trois fermes biologiques qu\u00e9b\u00e9coises du collectif\u00a0<a href=\"https:\/\/www.biolocaux.coop\/\" target=\"_blank\" rel=\"noopener noreferrer\">Bio Locaux<\/a>, membres de la coop\u00e9rative CAP\u00c9 et du r\u00e9seau des\u00a0<a href=\"https:\/\/www.fermierdefamille.com\/fr\/\" target=\"_blank\" rel=\"noopener noreferrer\">fermiers de famille<\/a>\u00a0d\u2019\u00c9quiterre. Pour souligner le d\u00e9but de ce projet, \u00c9quiterre a r\u00e9cemment organis\u00e9 une visite pour quelques membres de l\u2019\u00e9quipe du service alimentaire dans le but de leur faire d\u00e9couvrir ces fermes et les bienfaits de l\u2019agriculture biologique.\u00a0\u00a0<a href=\"https:\/\/equiterre.org\/news\/des-legumes-biologiques-au-chu-sainte-justine#.W0yZXrM36zo.facebook\"><b>Lire la suite<\/b><\/a><\/p>\n","protected":false},"excerpt":{"rendered":"<p>Le Centre hospitalier universitaire Sainte-Justine fait un grand pas vers une offre alimentaire plus saine pour ses patients, ses visiteurs et les membres de son personnel. D\u00e9lipapilles, le service alimentaire du CHU, s&#8217;approvisionne d\u00e8s cet \u00e9t\u00e9 avec des l\u00e9gumes biologiques locaux pour la pr\u00e9paration de ses repas. Gr\u00e2ce \u00e0 une collaboration avec \u00c9quiterre, D\u00e9lipapilles fait [&hellip;]<\/p>\n","protected":false},"author":3,"featured_media":13492,"comment_status":"closed","ping_status":"open","sticky":false,"template":"","format":"standard","meta":{"_acf_changed":false,"_exactmetrics_skip_tracking":false,"_exactmetrics_sitenote_active":false,"_exactmetrics_sitenote_note":"","_exactmetrics_sitenote_category":0,"footnotes":""},"categories":[77,155,29,191],"tags":[325,321,117,344,333,323,101],"class_list":["post-13494","post","type-post","status-publish","format-standard","has-post-thumbnail","hentry","category-de_la_ferme_aux_etablissements_de_sante","category-des-nouvelles-du-reseau","category-francais","category-stories_from_the_field-fr","tag-aliments-locaux","tag-cultiver","tag-etablissements-de-sante","tag-histoire","tag-liens-avec-la-communaute","tag-manger","tag-quebec-fr"],"acf":[],"yoast_head":"<!-- This site is optimized with the Yoast SEO plugin v26.7 - https:\/\/yoast.com\/wordpress\/plugins\/seo\/ -->\n<title>Des L\u00e9gumes Biologiques au CHU Sainte-Justine - Farm to Cafeteria Canada<\/title>\n<meta name=\"robots\" content=\"index, follow, max-snippet:-1, max-image-preview:large, max-video-preview:-1\" \/>\n<link rel=\"canonical\" href=\"https:\/\/www.farmtocafeteriacanada.ca\/2018\/07\/organic-vegetables-at-chu-sainte-justine\/\" \/>\n<meta property=\"og:locale\" content=\"fr_FR\" \/>\n<meta property=\"og:type\" content=\"article\" \/>\n<meta property=\"og:title\" content=\"Des L\u00e9gumes Biologiques au CHU Sainte-Justine - Farm to Cafeteria Canada\" \/>\n<meta property=\"og:description\" content=\"Le Centre hospitalier universitaire Sainte-Justine fait un grand pas vers une offre alimentaire plus saine pour ses patients, ses visiteurs et les membres de son personnel. D\u00e9lipapilles, le service alimentaire du CHU, s&#8217;approvisionne d\u00e8s cet \u00e9t\u00e9 avec des l\u00e9gumes biologiques locaux pour la pr\u00e9paration de ses repas. Gr\u00e2ce \u00e0 une collaboration avec \u00c9quiterre, D\u00e9lipapilles fait [&hellip;]\" \/>\n<meta property=\"og:url\" content=\"https:\/\/www.farmtocafeteriacanada.ca\/2018\/07\/organic-vegetables-at-chu-sainte-justine\/\" \/>\n<meta property=\"og:site_name\" content=\"Farm to Cafeteria Canada\" \/>\n<meta property=\"article:publisher\" content=\"https:\/\/www.facebook.com\/groups\/FarmtocafeteriaCanada\/\" \/>\n<meta property=\"article:published_time\" content=\"2018-07-16T17:01:21+00:00\" \/>\n<meta property=\"article:modified_time\" content=\"2020-08-03T14:45:46+00:00\" \/>\n<meta property=\"og:image\" content=\"https:\/\/www.farmtocafeteriacanada.ca\/wp-content\/uploads\/2018\/07\/visiteferme_muriellevrinschusj_2018_448x216.png\" \/>\n\t<meta property=\"og:image:width\" content=\"448\" \/>\n\t<meta property=\"og:image:height\" content=\"216\" \/>\n\t<meta property=\"og:image:type\" content=\"image\/png\" \/>\n<meta name=\"author\" content=\"F2CC admin\" \/>\n<meta name=\"twitter:card\" content=\"summary_large_image\" \/>\n<meta name=\"twitter:creator\" content=\"@Farm2Cafeteria\" \/>\n<meta name=\"twitter:site\" content=\"@Farm2Cafeteria\" \/>\n<meta name=\"twitter:label1\" content=\"\u00c9crit par\" \/>\n\t<meta name=\"twitter:data1\" content=\"F2CC admin\" \/>\n\t<meta name=\"twitter:label2\" content=\"Dur\u00e9e de lecture estim\u00e9e\" \/>\n\t<meta name=\"twitter:data2\" content=\"1 minute\" \/>\n<script type=\"application\/ld+json\" class=\"yoast-schema-graph\">{\"@context\":\"https:\/\/schema.org\",\"@graph\":[{\"@type\":\"Article\",\"@id\":\"https:\/\/www.farmtocafeteriacanada.ca\/2018\/07\/organic-vegetables-at-chu-sainte-justine\/#article\",\"isPartOf\":{\"@id\":\"https:\/\/www.farmtocafeteriacanada.ca\/2018\/07\/organic-vegetables-at-chu-sainte-justine\/\"},\"author\":{\"name\":\"F2CC admin\",\"@id\":\"https:\/\/www.farmtocafeteriacanada.ca\/#\/schema\/person\/03c2a359a7f0c99b895e08c1e7056708\"},\"headline\":\"Des L\u00e9gumes Biologiques au CHU Sainte-Justine\",\"datePublished\":\"2018-07-16T17:01:21+00:00\",\"dateModified\":\"2020-08-03T14:45:46+00:00\",\"mainEntityOfPage\":{\"@id\":\"https:\/\/www.farmtocafeteriacanada.ca\/2018\/07\/organic-vegetables-at-chu-sainte-justine\/\"},\"wordCount\":141,\"publisher\":{\"@id\":\"https:\/\/www.farmtocafeteriacanada.ca\/#organization\"},\"image\":{\"@id\":\"https:\/\/www.farmtocafeteriacanada.ca\/2018\/07\/organic-vegetables-at-chu-sainte-justine\/#primaryimage\"},\"thumbnailUrl\":\"https:\/\/www.farmtocafeteriacanada.ca\/wp-content\/uploads\/2018\/07\/visiteferme_muriellevrinschusj_2018_448x216.png\",\"keywords\":[\"Aliments locaux\",\"Cultiver\",\"\u00c9tablissements de sant\u00e9\",\"Histoire\",\"Liens avec la communaut\u00e9\",\"Manger\",\"Qu\u00e9bec\"],\"articleSection\":[\"De la ferme aux \u00e9tablissements de sant\u00e9\",\"Des nouvelles du r\u00e9seau\",\"Fran\u00e7ais\",\"Stories from the field\"],\"inLanguage\":\"fr-FR\"},{\"@type\":\"WebPage\",\"@id\":\"https:\/\/www.farmtocafeteriacanada.ca\/2018\/07\/organic-vegetables-at-chu-sainte-justine\/\",\"url\":\"https:\/\/www.farmtocafeteriacanada.ca\/2018\/07\/organic-vegetables-at-chu-sainte-justine\/\",\"name\":\"Des L\u00e9gumes Biologiques au CHU Sainte-Justine - Farm to Cafeteria Canada\",\"isPartOf\":{\"@id\":\"https:\/\/www.farmtocafeteriacanada.ca\/#website\"},\"primaryImageOfPage\":{\"@id\":\"https:\/\/www.farmtocafeteriacanada.ca\/2018\/07\/organic-vegetables-at-chu-sainte-justine\/#primaryimage\"},\"image\":{\"@id\":\"https:\/\/www.farmtocafeteriacanada.ca\/2018\/07\/organic-vegetables-at-chu-sainte-justine\/#primaryimage\"},\"thumbnailUrl\":\"https:\/\/www.farmtocafeteriacanada.ca\/wp-content\/uploads\/2018\/07\/visiteferme_muriellevrinschusj_2018_448x216.png\",\"datePublished\":\"2018-07-16T17:01:21+00:00\",\"dateModified\":\"2020-08-03T14:45:46+00:00\",\"breadcrumb\":{\"@id\":\"https:\/\/www.farmtocafeteriacanada.ca\/2018\/07\/organic-vegetables-at-chu-sainte-justine\/#breadcrumb\"},\"inLanguage\":\"fr-FR\",\"potentialAction\":[{\"@type\":\"ReadAction\",\"target\":[\"https:\/\/www.farmtocafeteriacanada.ca\/2018\/07\/organic-vegetables-at-chu-sainte-justine\/\"]}]},{\"@type\":\"ImageObject\",\"inLanguage\":\"fr-FR\",\"@id\":\"https:\/\/www.farmtocafeteriacanada.ca\/2018\/07\/organic-vegetables-at-chu-sainte-justine\/#primaryimage\",\"url\":\"https:\/\/www.farmtocafeteriacanada.ca\/wp-content\/uploads\/2018\/07\/visiteferme_muriellevrinschusj_2018_448x216.png\",\"contentUrl\":\"https:\/\/www.farmtocafeteriacanada.ca\/wp-content\/uploads\/2018\/07\/visiteferme_muriellevrinschusj_2018_448x216.png\",\"width\":448,\"height\":216,\"caption\":\"ORGANIC VEGETABLES AT CHU SAINTE-JUSTINE\"},{\"@type\":\"BreadcrumbList\",\"@id\":\"https:\/\/www.farmtocafeteriacanada.ca\/2018\/07\/organic-vegetables-at-chu-sainte-justine\/#breadcrumb\",\"itemListElement\":[{\"@type\":\"ListItem\",\"position\":1,\"name\":\"Home\",\"item\":\"https:\/\/www.farmtocafeteriacanada.ca\/fr\/accueil\/\"},{\"@type\":\"ListItem\",\"position\":2,\"name\":\"Des L\u00e9gumes Biologiques au CHU Sainte-Justine\"}]},{\"@type\":\"WebSite\",\"@id\":\"https:\/\/www.farmtocafeteriacanada.ca\/#website\",\"url\":\"https:\/\/www.farmtocafeteriacanada.ca\/\",\"name\":\"Farm to Cafeteria Canada\",\"description\":\"\",\"publisher\":{\"@id\":\"https:\/\/www.farmtocafeteriacanada.ca\/#organization\"},\"potentialAction\":[{\"@type\":\"SearchAction\",\"target\":{\"@type\":\"EntryPoint\",\"urlTemplate\":\"https:\/\/www.farmtocafeteriacanada.ca\/?s={search_term_string}\"},\"query-input\":{\"@type\":\"PropertyValueSpecification\",\"valueRequired\":true,\"valueName\":\"search_term_string\"}}],\"inLanguage\":\"fr-FR\"},{\"@type\":\"Organization\",\"@id\":\"https:\/\/www.farmtocafeteriacanada.ca\/#organization\",\"name\":\"Farm to Cafeteria Canada\",\"url\":\"https:\/\/www.farmtocafeteriacanada.ca\/\",\"logo\":{\"@type\":\"ImageObject\",\"inLanguage\":\"fr-FR\",\"@id\":\"https:\/\/www.farmtocafeteriacanada.ca\/#\/schema\/logo\/image\/\",\"url\":\"http:\/\/www.farmtocafeteriacanada.ca\/wp-content\/uploads\/2015\/03\/f2cc_logo_en2.png\",\"contentUrl\":\"http:\/\/www.farmtocafeteriacanada.ca\/wp-content\/uploads\/2015\/03\/f2cc_logo_en2.png\",\"width\":3000,\"height\":476,\"caption\":\"Farm to Cafeteria Canada\"},\"image\":{\"@id\":\"https:\/\/www.farmtocafeteriacanada.ca\/#\/schema\/logo\/image\/\"},\"sameAs\":[\"https:\/\/www.facebook.com\/groups\/FarmtocafeteriaCanada\/\",\"https:\/\/x.com\/Farm2Cafeteria\",\"https:\/\/www.youtube.com\/channel\/UCQjcYiICtAygShD3IwNsewQ\"]},{\"@type\":\"Person\",\"@id\":\"https:\/\/www.farmtocafeteriacanada.ca\/#\/schema\/person\/03c2a359a7f0c99b895e08c1e7056708\",\"name\":\"F2CC admin\",\"image\":{\"@type\":\"ImageObject\",\"inLanguage\":\"fr-FR\",\"@id\":\"https:\/\/www.farmtocafeteriacanada.ca\/#\/schema\/person\/image\/\",\"url\":\"https:\/\/secure.gravatar.com\/avatar\/c1ddaee9a55673d852314381577bb8198996fbef53c8e2320536bf543b7712b4?s=96&d=mm&r=g\",\"contentUrl\":\"https:\/\/secure.gravatar.com\/avatar\/c1ddaee9a55673d852314381577bb8198996fbef53c8e2320536bf543b7712b4?s=96&d=mm&r=g\",\"caption\":\"F2CC admin\"},\"url\":\"https:\/\/www.farmtocafeteriacanada.ca\/fr\/author\/tracey\/\"}]}<\/script>\n<!-- \/ Yoast SEO plugin. -->","yoast_head_json":{"title":"Des L\u00e9gumes Biologiques au CHU Sainte-Justine - Farm to Cafeteria Canada","robots":{"index":"index","follow":"follow","max-snippet":"max-snippet:-1","max-image-preview":"max-image-preview:large","max-video-preview":"max-video-preview:-1"},"canonical":"https:\/\/www.farmtocafeteriacanada.ca\/2018\/07\/organic-vegetables-at-chu-sainte-justine\/","og_locale":"fr_FR","og_type":"article","og_title":"Des L\u00e9gumes Biologiques au CHU Sainte-Justine - Farm to Cafeteria Canada","og_description":"Le Centre hospitalier universitaire Sainte-Justine fait un grand pas vers une offre alimentaire plus saine pour ses patients, ses visiteurs et les membres de son personnel. D\u00e9lipapilles, le service alimentaire du CHU, s&#8217;approvisionne d\u00e8s cet \u00e9t\u00e9 avec des l\u00e9gumes biologiques locaux pour la pr\u00e9paration de ses repas. Gr\u00e2ce \u00e0 une collaboration avec \u00c9quiterre, D\u00e9lipapilles fait [&hellip;]","og_url":"https:\/\/www.farmtocafeteriacanada.ca\/2018\/07\/organic-vegetables-at-chu-sainte-justine\/","og_site_name":"Farm to Cafeteria Canada","article_publisher":"https:\/\/www.facebook.com\/groups\/FarmtocafeteriaCanada\/","article_published_time":"2018-07-16T17:01:21+00:00","article_modified_time":"2020-08-03T14:45:46+00:00","og_image":[{"width":448,"height":216,"url":"https:\/\/www.farmtocafeteriacanada.ca\/wp-content\/uploads\/2018\/07\/visiteferme_muriellevrinschusj_2018_448x216.png","type":"image\/png"}],"author":"F2CC admin","twitter_card":"summary_large_image","twitter_creator":"@Farm2Cafeteria","twitter_site":"@Farm2Cafeteria","twitter_misc":{"\u00c9crit par":"F2CC admin","Dur\u00e9e de lecture estim\u00e9e":"1 minute"},"schema":{"@context":"https:\/\/schema.org","@graph":[{"@type":"Article","@id":"https:\/\/www.farmtocafeteriacanada.ca\/2018\/07\/organic-vegetables-at-chu-sainte-justine\/#article","isPartOf":{"@id":"https:\/\/www.farmtocafeteriacanada.ca\/2018\/07\/organic-vegetables-at-chu-sainte-justine\/"},"author":{"name":"F2CC admin","@id":"https:\/\/www.farmtocafeteriacanada.ca\/#\/schema\/person\/03c2a359a7f0c99b895e08c1e7056708"},"headline":"Des L\u00e9gumes Biologiques au CHU Sainte-Justine","datePublished":"2018-07-16T17:01:21+00:00","dateModified":"2020-08-03T14:45:46+00:00","mainEntityOfPage":{"@id":"https:\/\/www.farmtocafeteriacanada.ca\/2018\/07\/organic-vegetables-at-chu-sainte-justine\/"},"wordCount":141,"publisher":{"@id":"https:\/\/www.farmtocafeteriacanada.ca\/#organization"},"image":{"@id":"https:\/\/www.farmtocafeteriacanada.ca\/2018\/07\/organic-vegetables-at-chu-sainte-justine\/#primaryimage"},"thumbnailUrl":"https:\/\/www.farmtocafeteriacanada.ca\/wp-content\/uploads\/2018\/07\/visiteferme_muriellevrinschusj_2018_448x216.png","keywords":["Aliments locaux","Cultiver","\u00c9tablissements de sant\u00e9","Histoire","Liens avec la communaut\u00e9","Manger","Qu\u00e9bec"],"articleSection":["De la ferme aux \u00e9tablissements de sant\u00e9","Des nouvelles du r\u00e9seau","Fran\u00e7ais","Stories from the field"],"inLanguage":"fr-FR"},{"@type":"WebPage","@id":"https:\/\/www.farmtocafeteriacanada.ca\/2018\/07\/organic-vegetables-at-chu-sainte-justine\/","url":"https:\/\/www.farmtocafeteriacanada.ca\/2018\/07\/organic-vegetables-at-chu-sainte-justine\/","name":"Des L\u00e9gumes Biologiques au CHU Sainte-Justine - Farm to Cafeteria Canada","isPartOf":{"@id":"https:\/\/www.farmtocafeteriacanada.ca\/#website"},"primaryImageOfPage":{"@id":"https:\/\/www.farmtocafeteriacanada.ca\/2018\/07\/organic-vegetables-at-chu-sainte-justine\/#primaryimage"},"image":{"@id":"https:\/\/www.farmtocafeteriacanada.ca\/2018\/07\/organic-vegetables-at-chu-sainte-justine\/#primaryimage"},"thumbnailUrl":"https:\/\/www.farmtocafeteriacanada.ca\/wp-content\/uploads\/2018\/07\/visiteferme_muriellevrinschusj_2018_448x216.png","datePublished":"2018-07-16T17:01:21+00:00","dateModified":"2020-08-03T14:45:46+00:00","breadcrumb":{"@id":"https:\/\/www.farmtocafeteriacanada.ca\/2018\/07\/organic-vegetables-at-chu-sainte-justine\/#breadcrumb"},"inLanguage":"fr-FR","potentialAction":[{"@type":"ReadAction","target":["https:\/\/www.farmtocafeteriacanada.ca\/2018\/07\/organic-vegetables-at-chu-sainte-justine\/"]}]},{"@type":"ImageObject","inLanguage":"fr-FR","@id":"https:\/\/www.farmtocafeteriacanada.ca\/2018\/07\/organic-vegetables-at-chu-sainte-justine\/#primaryimage","url":"https:\/\/www.farmtocafeteriacanada.ca\/wp-content\/uploads\/2018\/07\/visiteferme_muriellevrinschusj_2018_448x216.png","contentUrl":"https:\/\/www.farmtocafeteriacanada.ca\/wp-content\/uploads\/2018\/07\/visiteferme_muriellevrinschusj_2018_448x216.png","width":448,"height":216,"caption":"ORGANIC VEGETABLES AT CHU SAINTE-JUSTINE"},{"@type":"BreadcrumbList","@id":"https:\/\/www.farmtocafeteriacanada.ca\/2018\/07\/organic-vegetables-at-chu-sainte-justine\/#breadcrumb","itemListElement":[{"@type":"ListItem","position":1,"name":"Home","item":"https:\/\/www.farmtocafeteriacanada.ca\/fr\/accueil\/"},{"@type":"ListItem","position":2,"name":"Des L\u00e9gumes Biologiques au CHU Sainte-Justine"}]},{"@type":"WebSite","@id":"https:\/\/www.farmtocafeteriacanada.ca\/#website","url":"https:\/\/www.farmtocafeteriacanada.ca\/","name":"Farm to Cafeteria Canada","description":"","publisher":{"@id":"https:\/\/www.farmtocafeteriacanada.ca\/#organization"},"potentialAction":[{"@type":"SearchAction","target":{"@type":"EntryPoint","urlTemplate":"https:\/\/www.farmtocafeteriacanada.ca\/?s={search_term_string}"},"query-input":{"@type":"PropertyValueSpecification","valueRequired":true,"valueName":"search_term_string"}}],"inLanguage":"fr-FR"},{"@type":"Organization","@id":"https:\/\/www.farmtocafeteriacanada.ca\/#organization","name":"Farm to Cafeteria Canada","url":"https:\/\/www.farmtocafeteriacanada.ca\/","logo":{"@type":"ImageObject","inLanguage":"fr-FR","@id":"https:\/\/www.farmtocafeteriacanada.ca\/#\/schema\/logo\/image\/","url":"http:\/\/www.farmtocafeteriacanada.ca\/wp-content\/uploads\/2015\/03\/f2cc_logo_en2.png","contentUrl":"http:\/\/www.farmtocafeteriacanada.ca\/wp-content\/uploads\/2015\/03\/f2cc_logo_en2.png","width":3000,"height":476,"caption":"Farm to Cafeteria Canada"},"image":{"@id":"https:\/\/www.farmtocafeteriacanada.ca\/#\/schema\/logo\/image\/"},"sameAs":["https:\/\/www.facebook.com\/groups\/FarmtocafeteriaCanada\/","https:\/\/x.com\/Farm2Cafeteria","https:\/\/www.youtube.com\/channel\/UCQjcYiICtAygShD3IwNsewQ"]},{"@type":"Person","@id":"https:\/\/www.farmtocafeteriacanada.ca\/#\/schema\/person\/03c2a359a7f0c99b895e08c1e7056708","name":"F2CC admin","image":{"@type":"ImageObject","inLanguage":"fr-FR","@id":"https:\/\/www.farmtocafeteriacanada.ca\/#\/schema\/person\/image\/","url":"https:\/\/secure.gravatar.com\/avatar\/c1ddaee9a55673d852314381577bb8198996fbef53c8e2320536bf543b7712b4?s=96&d=mm&r=g","contentUrl":"https:\/\/secure.gravatar.com\/avatar\/c1ddaee9a55673d852314381577bb8198996fbef53c8e2320536bf543b7712b4?s=96&d=mm&r=g","caption":"F2CC admin"},"url":"https:\/\/www.farmtocafeteriacanada.ca\/fr\/author\/tracey\/"}]}},"_links":{"self":[{"href":"https:\/\/www.farmtocafeteriacanada.ca\/fr\/wp-json\/wp\/v2\/posts\/13494","targetHints":{"allow":["GET"]}}],"collection":[{"href":"https:\/\/www.farmtocafeteriacanada.ca\/fr\/wp-json\/wp\/v2\/posts"}],"about":[{"href":"https:\/\/www.farmtocafeteriacanada.ca\/fr\/wp-json\/wp\/v2\/types\/post"}],"author":[{"embeddable":true,"href":"https:\/\/www.farmtocafeteriacanada.ca\/fr\/wp-json\/wp\/v2\/users\/3"}],"replies":[{"embeddable":true,"href":"https:\/\/www.farmtocafeteriacanada.ca\/fr\/wp-json\/wp\/v2\/comments?post=13494"}],"version-history":[{"count":5,"href":"https:\/\/www.farmtocafeteriacanada.ca\/fr\/wp-json\/wp\/v2\/posts\/13494\/revisions"}],"predecessor-version":[{"id":20297,"href":"https:\/\/www.farmtocafeteriacanada.ca\/fr\/wp-json\/wp\/v2\/posts\/13494\/revisions\/20297"}],"wp:featuredmedia":[{"embeddable":true,"href":"https:\/\/www.farmtocafeteriacanada.ca\/fr\/wp-json\/wp\/v2\/media\/13492"}],"wp:attachment":[{"href":"https:\/\/www.farmtocafeteriacanada.ca\/fr\/wp-json\/wp\/v2\/media?parent=13494"}],"wp:term":[{"taxonomy":"category","embeddable":true,"href":"https:\/\/www.farmtocafeteriacanada.ca\/fr\/wp-json\/wp\/v2\/categories?post=13494"},{"taxonomy":"post_tag","embeddable":true,"href":"https:\/\/www.farmtocafeteriacanada.ca\/fr\/wp-json\/wp\/v2\/tags?post=13494"}],"curies":[{"name":"wp","href":"https:\/\/api.w.org\/{rel}","templated":true}]}}