
{"id":13236,"date":"2018-06-27T12:16:59","date_gmt":"2018-06-27T17:16:59","guid":{"rendered":"http:\/\/www.farmtocafeteriacanada.ca\/?p=13236"},"modified":"2018-11-29T12:32:20","modified_gmt":"2018-11-29T18:32:20","slug":"nouvelles-du-reseau-de-la-ferme-a-la-cafeteria-canada-juin-2018-numero-8","status":"publish","type":"post","link":"https:\/\/www.farmtocafeteriacanada.ca\/fr\/2018\/06\/nouvelles-du-reseau-de-la-ferme-a-la-cafeteria-canada-juin-2018-numero-8\/","title":{"rendered":"Nouvelles du r\u00e9seau De la ferme \u00e0 la caf\u00e9t\u00e9ria Canada juin 2018, num\u00e9ro 8"},"content":{"rendered":"<h3 class=\"p2\"><strong>DANS CE NUM\u00c9RO\u00a0:<\/strong><\/h3>\n<h4><strong><span style=\"color: #008080;\">Aliments locaux au menu public\u00a0:<br \/>\nNouvelles pancanadiennes<\/span><\/strong><\/h4>\n<h5 class=\"null\">De la Ferme \u00e0 la caf\u00e9t\u00e9ria au Canada sans limites<\/h5>\n<figure id=\"attachment_13237\" aria-describedby=\"caption-attachment-13237\" style=\"width: 250px\" class=\"wp-caption alignleft\"><img loading=\"lazy\" decoding=\"async\" class=\"wp-image-13237 size-full\" src=\"http:\/\/www.farmtocafeteriacanada.ca\/wp-content\/uploads\/2018\/06\/Screen-Shot-2018-06-20-at-2.18.10-PM.png\" alt=\"\" width=\"250\" height=\"240\" \/><figcaption id=\"caption-attachment-13237\" class=\"wp-caption-text\">Joanne Bays, directrice nationale du r\u00e9seau De la ferme \u00e0 la caf\u00e9t\u00e9ria Canada, Victoria(Colombie-Britannique) et Kim Herrington, directrice des finances et des programmes de la Fondation Whole Kids, Austin (Texas)<\/figcaption><\/figure>\n<blockquote>\n<p class=\"p1\"><strong><span class=\"s1\">\u00ab\u00a0Il y a de charmants et bienveillants voisins au-del\u00e0 de nos fronti\u00e8res, et il n\u2019y a pas de meilleur moment que maintenant pour leur tendre la main.\u00a0\u00bb<\/span><\/strong><\/p>\n<\/blockquote>\n<p class=\"p1\"><span class=\"s1\"><strong>C\u2019est dur \u00e0 croire que cela fait maintenant huit ans que je me tenais sur le podium \u00e0 Detroit pour parler au nom d\u2019une \u00e9quipe d\u00e9termin\u00e9e de Canadiens.<\/strong> L\u00e0-bas, j\u2019ai annonc\u00e9 \u00e0 un auditoire enthousiaste de 1\u00a0100 membres am\u00e9ricains du r\u00e9seau De la ferme \u00e0 la caf\u00e9t\u00e9ria que \u00ab\u00a0le Canada pr\u00e9voit \u00e9tablir son propre r\u00e9seau national De la Ferme \u00e0 l\u2019\u00e9cole \u00bb. Sous un tonnerre d\u2019applaudissements, j\u2019ai poursuivi en disant\u00a0: \u00ab\u00a0Attendez-vous \u00e0 recevoir une invitation \u00e0 la conf\u00e9rence nationale canadienne!\u00a0\u00bb.<\/span><\/p>\n<p class=\"p1\"><span class=\"s1\">Depuis cette annonce, un petit groupe de visionnaires a \u00e9t\u00e9 convoqu\u00e9 pour d\u00e9velopper une vision, un plan et finalement une organisation nationale\u00a0: De la ferme \u00e0 la caf\u00e9t\u00e9ria Canada qui dirige aujourd\u2019hui le mouvement De la ferme \u00e0 l\u2019\u00e9cole au Canada. Ensemble, ils ont trouv\u00e9 des innovateurs et des partenaires et ont commenc\u00e9 \u00e0 semer les graines pour r\u00e9aliser le r\u00eave d\u2019une alimentation saine et locale dans toutes les institutions publiques.<\/span><\/p>\n<p class=\"p1\"><span class=\"s1\">Aujourd\u2019hui, avec des partenariats multisectoriels publics et priv\u00e9s qui investissent plus de 3,5\u00a0M$ dans les initiatives actuelles De la ferme \u00e0 l\u2019\u00e9cole au Canada, le r\u00e9seau De la ferme \u00e0 la caf\u00e9t\u00e9ria Canada finance et \u00e9value directement les meilleures pratiques dans les \u00e9coles et campus d\u2019un bout \u00e0 l\u2019autre du pays. Chacun de ces programmes directement financ\u00e9s contribue \u00e0 la beaut\u00e9 et \u00e0 la floraison du paysage des activit\u00e9s De la ferme \u00e0 l\u2019\u00e9cole en cours au Canada.<\/span><\/p>\n<p class=\"p1\"><span class=\"s1\">Aujourd\u2019hui, gr\u00e2ce aux efforts de nombreuses personnes, nous pouvons dire avec plaisir et fiert\u00e9\u00a0: \u00ab De la ferme \u00e0 l\u2019\u00e9cole a pris racine au Canada!\u00a0\u00bb De plus, notre intention est de nourrir et d\u2019\u00e9tendre ces racines. Dans mes nouvelles fonctions de directrice nationale du r\u00e9seau De la ferme \u00e0 la caf\u00e9t\u00e9ria Canada, je travaille \u00e9troitement avec Jesse Veenstra, qui est la nouvelle responsable nationale des initiatives De la ferme \u00e0 l\u2019\u00e9cole du programme De la ferme \u00e0 la caf\u00e9t\u00e9ria au Canada, pour continuer de stimuler l\u2019\u00e9lan national enclench\u00e9. Pendant que Jesse prend les r\u00eanes de la gestion de l\u2019implantation des services nationaux De la ferme \u00e0 l\u2019\u00e9cole existants, mon attention se tourne vers l\u2019avenir et je m\u2019occupe maintenant de renforcer et de d\u00e9velopper nos partenariats et d\u2019explorer les tendances et les innovations en me fixant comme nouvel objectif\u00a0: De la Ferme \u00e0 la caf\u00e9t\u00e9ria sans limites!<\/span><\/p>\n<p class=\"p1\"><span class=\"s1\">J\u2019esp\u00e8re que vous nous rejoindrez au printemps prochain dans la magnifique ville de Victoria, en Colombie-Britannique, pour la conf\u00e9rence nationale De la ferme \u00e0 l\u2019\u00e9cole, comme promis.<\/span><\/p>\n<p class=\"p1\"><strong><span class=\"s1\">Joanne Bays, directrice nationale du r\u00e9seau De la ferme \u00e0 la caf\u00e9t\u00e9ria Canada.<\/span><\/strong><\/p>\n<hr \/>\n<h5 class=\"p1\"><span class=\"s1\"><b>De la ferme \u00e0 l\u2019\u00e9cole continue de s\u2019\u00e9tendre \u2013 33 \u00e9coles dans 5 provinces diff\u00e9rentes recevront des subventions De la ferme \u00e0 l\u2019\u00e9cole Canada.<\/b><\/span><\/h5>\n<p><img loading=\"lazy\" decoding=\"async\" class=\"wp-image-11937 alignnone\" src=\"http:\/\/www.farmtocafeteriacanada.ca\/wp-content\/uploads\/2015\/12\/2018-Grant-doc-header-1.jpg\" alt=\"\" width=\"899\" height=\"292\" srcset=\"https:\/\/www.farmtocafeteriacanada.ca\/wp-content\/uploads\/2015\/12\/2018-Grant-doc-header-1.jpg 2550w, https:\/\/www.farmtocafeteriacanada.ca\/wp-content\/uploads\/2015\/12\/2018-Grant-doc-header-1-768x249.jpg 768w\" sizes=\"auto, (max-width: 899px) 100vw, 899px\" \/><\/p>\n<p class=\"p1\"><strong><span class=\"s1\">Le r\u00e9seau De la ferme \u00e0 la caf\u00e9t\u00e9ria Canada et la fondation Whole Kids sont heureux de d\u00e9voiler le nom des 33 \u00e9coles retenues pour la ronde de subventions 2018 De la ferme \u00e0 l\u2019\u00e9cole Canada.\u00a0Chacune de ces \u00e9coles recevra une subvention \u00e0 la hauteur de 10\u00a0000\u00a0$ pour proposer, dans les caf\u00e9t\u00e9rias des \u00e9coles,plus de produits locaux qui seront servis dans les bars \u00e0 salade.<\/span><\/strong><\/p>\n<p class=\"p1\"><span class=\"s1\">Tout comme les 50 \u00e9coles qui ont re\u00e7u des subventions en 2016, 33 \u00e9coles dans la deuxi\u00e8me ronde de subventions seront engag\u00e9es dans une initiative multisectorielle pancanadienne intitul\u00e9e <em>De la ferme \u00e0 l\u2019\u00e9cole\u00a0: Le Canada une terre fertile !<\/em> \u00c9tant donn\u00e9 l\u2019int\u00e9r\u00eat grandissant pour l\u2019alimentation saine et locale et les connaissances alimentaires, l\u2019objectif de l\u2019initiative De la ferme \u00e0 l\u2019\u00e9cole\u00a0: le Canada, une terre fertile est d\u2019amplifier et d\u2019\u00e9valuer les pratiques De la Ferme \u00e0 l\u2019\u00e9cole dans afin d\u2019influencer la d\u00e9fense de la cause et l\u2019\u00e9laboration de politiques.<\/span><\/p>\n<hr \/>\n<h5>Conf\u00e9rence nationale De la ferme \u00e0 l&#8217;\u00e9cole<\/h5>\n<p><img loading=\"lazy\" decoding=\"async\" class=\"size-full wp-image-13141 alignnone\" src=\"http:\/\/www.farmtocafeteriacanada.ca\/wp-content\/uploads\/2018\/06\/F2S-Conf-2019_save-the-date_FR.jpg\" alt=\"Save the Date F2S Conference 2019\" width=\"864\" height=\"576\" srcset=\"https:\/\/www.farmtocafeteriacanada.ca\/wp-content\/uploads\/2018\/06\/F2S-Conf-2019_save-the-date_FR.jpg 864w, https:\/\/www.farmtocafeteriacanada.ca\/wp-content\/uploads\/2018\/06\/F2S-Conf-2019_save-the-date_FR-768x512.jpg 768w\" sizes=\"auto, (max-width: 864px) 100vw, 864px\" \/><\/p>\n<p><strong>Joignez-vous \u00e0 nous sur la c\u00f4te est du Canada, dans la magnifique ville de Victoria, en Colombie-Britannique, territoire traditionnel des peuples de langue lekwungen (L\u2019kwungen)\u00a0des Premi\u00e8res Nations Songhees et Esquimalt et des peuples de langue saanich (SEN\u0106O\u0166EN) de la Premi\u00e8re Nation W\u0331S\u00c1NE\u0106.\u00a0<\/strong><\/p>\n<p>Ce congr\u00e8s r\u00e9unira plus de 450 participants de partout sur le continent qui souhaitent apprendre, c\u00e9l\u00e9brer, partager et inspirer le mouvement visant \u00e0 accro\u00eetre la pr\u00e9sence d\u2019aliments sains, locaux et durables dans l\u2019esprit et dans l\u2019assiette des \u00e9l\u00e8ves et des \u00e9tudiants du Canada et d\u2019ailleurs.<\/p>\n<p>Assurez-vous de r\u00e9server la date et de\u00a0<a href=\"https:\/\/www.farmtocafeteriacanada.ca\/fr\/soyez-informe\/\" target=\"_blank\" rel=\"noopener\">rester en contact<\/a>\u00a0avec nous par l\u2019interm\u00e9diaire de notre bulletin et de nos plateformes de m\u00e9dias sociaux afin d\u2019\u00eatre les premiers \u00e0 conna\u00eetre tous les palpitants d\u00e9tails du programme!\u00a0\u00a0<strong><a href=\"http:\/\/www.farmtoschoolconference2019.ca\/fr\" target=\"_blank\" rel=\"noopener\">D\u00e9tails<\/a><\/strong><\/p>\n<hr \/>\n<h5><img loading=\"lazy\" decoding=\"async\" class=\"size-full wp-image-13238 alignnone\" src=\"http:\/\/www.farmtocafeteriacanada.ca\/wp-content\/uploads\/2018\/06\/F2SM2018graphic_Newsletter_fr.jpg\" alt=\"\" width=\"601\" height=\"448\" srcset=\"https:\/\/www.farmtocafeteriacanada.ca\/wp-content\/uploads\/2018\/06\/F2SM2018graphic_Newsletter_fr.jpg 601w, https:\/\/www.farmtocafeteriacanada.ca\/wp-content\/uploads\/2018\/06\/F2SM2018graphic_Newsletter_fr-600x448.jpg 600w, https:\/\/www.farmtocafeteriacanada.ca\/wp-content\/uploads\/2018\/06\/F2SM2018graphic_Newsletter_fr-290x215.jpg 290w\" sizes=\"auto, (max-width: 601px) 100vw, 601px\" \/><\/h5>\n<hr \/>\n<h5><strong>On c\u00e9l\u00e8bre la bonne nourriture sur les campus du Canada<\/strong><\/h5>\n<p><img loading=\"lazy\" decoding=\"async\" class=\"aligncenter size-full wp-image-13035\" src=\"http:\/\/www.farmtocafeteriacanada.ca\/wp-content\/uploads\/2018\/06\/DraftGoodFoodWheel.jpg\" alt=\"Good Food Challenge\" width=\"2023\" height=\"1270\" srcset=\"https:\/\/www.farmtocafeteriacanada.ca\/wp-content\/uploads\/2018\/06\/DraftGoodFoodWheel.jpg 2023w, https:\/\/www.farmtocafeteriacanada.ca\/wp-content\/uploads\/2018\/06\/DraftGoodFoodWheel-768x482.jpg 768w\" sizes=\"auto, (max-width: 2023px) 100vw, 2023px\" \/><\/p>\n<p><strong><img loading=\"lazy\" decoding=\"async\" src=\"https:\/\/gallery.mailchimp.com\/ec9d2bbf4ce1bf9cd66d7dbe4\/images\/574e24fe-ca25-45f9-a840-04d143ceaaab.png\" width=\"100\" height=\"99\" align=\"left\" data-file-id=\"5603725\" \/><\/strong><\/p>\n<p><strong>Au r\u00e9seau Meal Exchange,\u00a0<\/strong>nous avons pass\u00e9 les deux derni\u00e8res ann\u00e9es \u00e0 travailler avec quelque 200\u00a0\u00e9tudiants, experts, chercheurs, producteurs d\u2019aliments et dirigeants communautaires pour concevoir le d\u00e9fi bonne bouffe \u2013<a href=\"https:\/\/www.mealexchange.com\/gfc\/\" target=\"_blank\" rel=\"noopener\">Good Food Challenge<\/a>\u00a0\u2013 une initiative nationale visant \u00e0 mobiliser le pouvoir des \u00e9tudiants pour cr\u00e9er sur nos campus des syst\u00e8mes alimentaires favorables pour les producteurs, les consommateurs, les communaut\u00e9s et la plan\u00e8te. Fiers partenaires de l\u2019initiative\u00a0<a href=\"https:\/\/www.farmtocafeteriacanada.ca\/fr\/nos-initiatives\/a-propos-de-linitiative-de-la-ferme-a-lecole-le-canada-une-terre-fertile\/\" target=\"_blank\" rel=\"noopener\">De la ferme \u00e0 l\u2019\u00e9cole\u00a0: le Canada, une terre fertile!<\/a>, nous d\u00e9ployons des efforts pour enraciner ce programme dans une d\u00e9marche De la ferme au campus afin que les \u00e9tudiants des campus du Canada aient acc\u00e8s \u00e0 des aliments frais et sains produits localement.\u00a0\u00a0<a href=\"https:\/\/www.farmtocafeteriacanada.ca\/fr\/2018\/06\/on-celebre-la-bonne-nourriture-sur-les-campus-du-canada\/\" target=\"_blank\" rel=\"noopener\"><strong>D\u00e9tails<\/strong><\/a><\/p>\n<hr \/>\n<h4 class=\"null\"><span style=\"color: #008080;\">Aliments locaux au menu des institutions publiques : Initiatives pancanadiennes<\/span><\/h4>\n<h5>(C.-B.) Un voyage au c\u0153ur de la diversit\u00e9 du r\u00e9seau De la ferme \u00e0 l\u2019\u00e9cole en Colombie-Britannique<\/h5>\n<figure id=\"attachment_13046\" aria-describedby=\"caption-attachment-13046\" style=\"width: 179px\" class=\"wp-caption alignleft\"><img loading=\"lazy\" decoding=\"async\" class=\" wp-image-13046\" src=\"http:\/\/www.farmtocafeteriacanada.ca\/wp-content\/uploads\/2018\/06\/Newletter-6.jpg\" alt=\"\" width=\"179\" height=\"134\" srcset=\"https:\/\/www.farmtocafeteriacanada.ca\/wp-content\/uploads\/2018\/06\/Newletter-6.jpg 864w, https:\/\/www.farmtocafeteriacanada.ca\/wp-content\/uploads\/2018\/06\/Newletter-6-768x576.jpg 768w, https:\/\/www.farmtocafeteriacanada.ca\/wp-content\/uploads\/2018\/06\/Newletter-6-290x215.jpg 290w\" sizes=\"auto, (max-width: 179px) 100vw, 179px\" \/><figcaption id=\"caption-attachment-13046\" class=\"wp-caption-text\">A Journey Through Farm to School Diversity in BC<\/figcaption><\/figure>\n<p class=\"p1\"><span class=\"s1\"><strong>En mai dernier, Claudia Paez et Marcus Lobb,<\/strong> deux animateurs du r\u00e9seau De la ferme \u00e0 l\u2019\u00e9cole en Colombie-Britannique ont fait leurs bagages et ont voyag\u00e9 \u00e0 travers la province pour voir le mouvement De la Ferme \u00e0 l\u2019\u00e9cole en action dans 14 \u00e9coles. La totalit\u00e9 des \u00e9coles \u00e9tant \u00e0 leur deuxi\u00e8me ann\u00e9e du\u00a0Programme de bar \u00e0 salade De la ferme \u00e0 l\u2019\u00e9cole, le moment \u00e9tait tout d\u00e9sign\u00e9 pour leur rendre visite et constater l\u2019\u00e9volution de leur initiative. Claudia, notre animatrice sur terre ferme, s\u2019est dirig\u00e9e vers l\u2019est, dans les r\u00e9gions de l\u2019Okanagan et des Kootenays, tandis que Marcus, notre animateur en r\u00e9gion c\u00f4ti\u00e8re, a visit\u00e9 les \u00e9coles de l\u2019\u00eele de Vancouver et de la r\u00e9gion de Cariboo.<\/span> \u00a0<a href=\"https:\/\/www.farmtocafeteriacanada.ca\/fr\/2018\/06\/un-voyage-au-coeur-de-la-diversite-du-reseau-de-la-ferme-a-lecole-en-colombie-britannique\/\" target=\"_blank\" rel=\"noopener\"><strong>D\u00e9tails<\/strong><\/a><\/p>\n<hr \/>\n<h5>(ONT.) Savoir-faire en alimentation locale \u00e0 l\u2019\u00e9cole : une foire aux questions de l\u2019Ontario<\/h5>\n<p><strong><img loading=\"lazy\" decoding=\"async\" class=\"alignleft wp-image-13071\" src=\"http:\/\/www.farmtocafeteriacanada.ca\/wp-content\/uploads\/2018\/06\/LocalFoodLiteracyFAQ.png\" alt=\"Local Food Literacy in Schools\" width=\"161\" height=\"145\" \/>En d\u00e9cembre 2017,\u00a0<\/strong>Sustain Ontario a publi\u00e9 un\u00a0<a href=\"https:\/\/sustainontario.com\/custom\/uploads\/2017\/12\/FAQs_LocalFoodLiteracyInSchools.pdf\" target=\"_blank\" rel=\"noopener\">guide de questions fr\u00e9quemment pos\u00e9es sur le savoir-faire en alimentation locale \u00e0 l\u2019\u00e9cole<\/a>\u00a0afin d\u2019offrir des id\u00e9es et des ressources utiles aux champions qui facilitent l\u2019alphab\u00e9tisation alimentaire dans leur salle de classe. Depuis la publication du guide, nous avons aussi diffus\u00e9 chacune des dix questions sous forme de billet de blogue accompagn\u00e9 de liens et d\u2019histoires (y compris beaucoup de r\u00e9cits De la ferme \u00e0 l\u2019\u00e9cole!) et nous avons aliment\u00e9 une discussion sur Twitter. Cherchez\u00a0<a href=\"https:\/\/twitter.com\/search?q=%2523localfoodliteracy&amp;src=typd\" target=\"_blank\" rel=\"noopener\">#LocalFoodLiteracy<\/a>\u00a0pour participer \u00e0 ces conversations.\u00a0\u00a0<a href=\"https:\/\/www.farmtocafeteriacanada.ca\/fr\/2018\/06\/savoir-faire-en-alimentation-locale-a-lecole-une-foire-aux-questions-de-lontario\/\" target=\"_blank\" rel=\"noopener\"><strong>D\u00e9tails<\/strong><\/a><\/p>\n<hr \/>\n<h5>(QC)\u00a0<span class=\"s1\"><b>Campagne de financement \u00c9coles enracin\u00e9es<\/b><\/span><\/h5>\n<p><strong><img loading=\"lazy\" decoding=\"async\" class=\"alignleft wp-image-12678\" src=\"http:\/\/www.farmtocafeteriacanada.ca\/wp-content\/uploads\/2018\/03\/illustration_equation_final-690x264_0.jpg\" alt=\"ID\u00c9E DE G\u00c9NIE : PROPOSEZ \u00c0 VOTRE \u00c9TABLISSEMENT DE VENDRE DES L\u00c9GUMES BIO POUR FINANCER UN PROJET!\" width=\"232\" height=\"112\" \/>\u00c9quiterre vous invite<\/strong>\u00a0\u00e0 mener une campagne de financement novatrice et \u00e0 saisir une occasion unique de faire de l\u2019\u00e9ducation sur l\u2019alimentation saine, locale et biologique aupr\u00e8s des jeunes et de leur famille :\u00a0<strong>l<\/strong><strong>a vente de paniers de l\u00e9gumes biologiques produits par nos fermiers de famille!<\/strong><\/p>\n<p>Chaque panier co\u00fbte 30 $ (6 $ revient \u00e0 votre \u00e9tablissement). La livraison des paniers se fait dans votre \u00e9tablissement, \u00e0 une date d\u00e9termin\u00e9e par vous et le producteur.\u00a0Nous vous invitons \u00e0 prendre connaissance des \u00e9tapes \u00e0 suivre pour d\u00e9ployer cette campagne (<a href=\"http:\/\/equiterre.org\/sites\/fichiers\/ee2018_marcheasuivre_150318_1.pdf\" target=\"_blank\" rel=\"noopener\">Marche \u00e0 suivre d\u00e9taill\u00e9e<\/a>\u00a0et\u00a0<a href=\"http:\/\/equiterre.org\/sites\/fichiers\/ee2018_sommaireetapes_150318.pdf\" target=\"_blank\" rel=\"noopener\">Sommaire des principales \u00e9tapes<\/a>). Pour la pr\u00e9senter \u00e0 la direction ou au conseil de votre \u00e9tablissement, servez-vous de la capsule vid\u00e9o et du\u00a0<a href=\"http:\/\/equiterre.org\/sites\/fichiers\/ee2018_feuillet_etablissement_15032018.pdf\" target=\"_blank\" rel=\"noopener\">feuillet d&#8217;information<\/a>!\u00a0\u00a0<a href=\"http:\/\/equiterre.org\/node\/12590\" target=\"_blank\" rel=\"noopener\"><strong>D\u00e9tails<\/strong><\/a><\/p>\n<hr \/>\n<h5>(N.-B.)\u00a0<strong>Le mouvement de l\u2019alimentation locale rayonne dans les \u00e9coles du Sud-Est du Nouveau-Brunswick<\/strong><\/h5>\n<p><strong><img loading=\"lazy\" decoding=\"async\" class=\"alignleft wp-image-12691\" src=\"http:\/\/www.farmtocafeteriacanada.ca\/wp-content\/uploads\/2018\/03\/cafeterias-nouveau-brunswick-acadie.jpg\" alt=\"Les entrepreneurs en herbe pr\u00e9parent des roul\u00e9s aux fruits pour les vendre \u00e0 leurs camarades d'\u00e9cole. Photo : Radio-Canada\" width=\"206\" height=\"116\" srcset=\"https:\/\/www.farmtocafeteriacanada.ca\/wp-content\/uploads\/2018\/03\/cafeterias-nouveau-brunswick-acadie.jpg 960w, https:\/\/www.farmtocafeteriacanada.ca\/wp-content\/uploads\/2018\/03\/cafeterias-nouveau-brunswick-acadie-768x432.jpg 768w\" sizes=\"auto, (max-width: 206px) 100vw, 206px\" \/>Le R\u00e9seau des caf\u00e9t\u00e9rias communautaires et la source du mouvement d\u2019alimentation locale dans les \u00e9coles du Sud-Est du Nouveau-Brunswick.<\/strong><\/p>\n<p>En 2009, Rachel Schofield-Martin en avait ras le bol de voir les enfants de son \u00e9cole se faire servir des aliments transform\u00e9s ou congel\u00e9s.\u00a0Cette enseignante de Bouctouche, au Nouveau-Brunswick, s\u2019est donc donn\u00e9 comme objectif d\u2019abolir le contrat entre l\u2019\u00e9cole et le fournisseur de la caf\u00e9t\u00e9ria afin de profiter des produits agricoles du Nouveau-Brunswick. Peu apr\u00e8s, M<sup>me<\/sup>\u00a0Schofield-Martin a lanc\u00e9 le R\u00e9seau des caf\u00e9t\u00e9rias communautaires, une entreprise sociale qui en seulement neuf ans s\u2019est d\u00e9velopp\u00e9e pour maintenant fournir \u00e0 21\u00a0000\u00a0\u00e9l\u00e8ves francophones de 24\u00a0\u00e9coles des repas sains compos\u00e9s \u00e0 plus de 45\u00a0% d\u2019aliments achet\u00e9s localement au Nouveau-Brunswick.\u00a0<a href=\"https:\/\/www.farmtocafeteriacanada.ca\/fr\/2018\/06\/le-mouvement-de-lalimentation-locale-rayonne-dans-les-ecoles-du-sud-est-du-nouveau-brunswick\/\" target=\"_blank\" rel=\"noopener\"><strong>D\u00e9tails<\/strong><\/a><\/p>\n<hr \/>\n<h5>(T.-N.-L.)\u00a0<span class=\"s1\"><b>Des fermes locales enrichissent le syst\u00e8me de sant\u00e9 local \u00e0 Terre-Neuve-et-Labrador : Un projet pilote est en cours<\/b><\/span><\/h5>\n<p><strong id=\"yui_3_17_2_1_1529356549275_501\"><img loading=\"lazy\" decoding=\"async\" class=\"alignleft wp-image-13239\" src=\"http:\/\/www.farmtocafeteriacanada.ca\/wp-content\/uploads\/2018\/06\/18a0d5cb-d205-49d8-927e-8d460d6dba42.jpg\" alt=\"\" width=\"207\" height=\"138\" \/>Ce projet a pour but de tirer parti de l\u2019\u00e9norme potentiel de nos \u00e9tablissements de sant\u00e9 pour appuyer un syst\u00e8me alimentaire dynamique dans notre province en offrant aux patients des repas sains compos\u00e9s d\u2019ingr\u00e9dients locaux.<\/strong><br \/>\nBon nombre des projets de Food First NL reposent en partie sur un objectif commun, celui de faire du choix sant\u00e9 le choix facile pour les r\u00e9sidents de Terre-Neuve-et-Labrador. Qui plus est, Food First NL veut que le choix local devienne le choix facile.\u00a0\u00a0<a href=\"http:\/\/www.foodfirstnl.ca\/our-projects\/des-fermes-locales-enrichissent-le-systme-de-sant-local-terre-neuve-et-labrador-un-projet-pilote-est-en-cours\" target=\"_blank\" rel=\"noopener\"><strong>D\u00e9tails<\/strong><\/a><\/p>\n<hr \/>\n<h5>De nouveaux visages autour de la table<\/h5>\n<p class=\"p1\"><span class=\"s1\"><strong><img loading=\"lazy\" decoding=\"async\" class=\"alignleft wp-image-13240\" src=\"http:\/\/www.farmtocafeteriacanada.ca\/wp-content\/uploads\/2018\/06\/27d5d1d3-7a61-45d5-b22b-42f608fda813.jpg\" alt=\"\" width=\"203\" height=\"152\" srcset=\"https:\/\/www.farmtocafeteriacanada.ca\/wp-content\/uploads\/2018\/06\/27d5d1d3-7a61-45d5-b22b-42f608fda813.jpg 600w, https:\/\/www.farmtocafeteriacanada.ca\/wp-content\/uploads\/2018\/06\/27d5d1d3-7a61-45d5-b22b-42f608fda813-290x215.jpg 290w\" sizes=\"auto, (max-width: 203px) 100vw, 203px\" \/><\/strong><\/span><\/p>\n<p class=\"p1\"><span class=\"s1\"><strong>Au r\u00e9seau De la ferme \u00e0 la caf\u00e9t\u00e9ria Canada,<\/strong> nous nous sentons privil\u00e9gi\u00e9s de travailler avec des personnes cr\u00e9atives et d\u00e9vou\u00e9es venant de partout au Canada. Ces personnes travaillent fort afin de mettre plus de produits locaux et sains dans l\u2019esprit et dans l\u2019assiette des jeunes !<\/span><\/p>\n<p class=\"p1\"><span class=\"s1\">Au cours de l\u2019automne et au d\u00e9but du printemps, nous avons \u00e9t\u00e9 heureux d\u2019accueillir quelques nouveaux visages au sein de la communaut\u00e9\u00a0De la ferme \u00e0 la Caf\u00e9taria. Pour rencontrer, conna\u00eetre ou \u00e9changer avec les acteurs de votre quartier, consultez la page des principaux acteurs r\u00e9gionaux sur le site internet F2CC.<\/span><\/p>\n<hr \/>\n<h5><strong>Nouvelles ressources :\u00a0<\/strong>Nouveau-Brunswick De la ferme \u00e0 l\u2019\u00e9cole : le guide<\/h5>\n<p class=\"p1\"><span class=\"s1\"><strong><img loading=\"lazy\" decoding=\"async\" class=\"alignleft wp-image-12011\" src=\"http:\/\/www.farmtocafeteriacanada.ca\/wp-content\/uploads\/2017\/12\/NB-F2S-Storybook_FR_cover.jpg\" alt=\"Nouveau-Brunswick De la ferme \u00e0 l\u2019\u00e9cole : le guide\" width=\"206\" height=\"159\" srcset=\"https:\/\/www.farmtocafeteriacanada.ca\/wp-content\/uploads\/2017\/12\/NB-F2S-Storybook_FR_cover.jpg 1056w, https:\/\/www.farmtocafeteriacanada.ca\/wp-content\/uploads\/2017\/12\/NB-F2S-Storybook_FR_cover-768x593.jpg 768w\" sizes=\"auto, (max-width: 206px) 100vw, 206px\" \/><\/strong><\/span><\/p>\n<p class=\"p1\"><span class=\"s1\"><strong>En novembre 2017, <em>De la ferme \u00e0 la caf\u00e9t\u00e9ria Canada<\/em> a publi\u00e9 ,<\/strong> dans les deux langues officielles, un guide magnifiquement illustr\u00e9, con\u00e7u pour aider les communaut\u00e9s scolaires et le secteur de l\u2019approvisionnement en aliments locaux \u00e0 faire progresser le mouvement De la ferme \u00e0 l\u2019\u00e9cole au Nouveau-Brunswick. M\u00eame si le guide a \u00e9t\u00e9 \u00e9labor\u00e9 pour le Nouveau-Brunswick en particulier, il s\u2019inspire des d\u00e9marches et des outils les plus r\u00e9cents et les plus innovateurs cr\u00e9\u00e9s en sols canadien et am\u00e9ricain pour appuyer les programmes De la ferme \u00e0 l\u2019\u00e9cole. Ses possibilit\u00e9s d\u2019utilisation dans les collectivit\u00e9s \u00e0 la grandeur du Canada seront nombreuses.<\/span> <a href=\"https:\/\/www.farmtocafeteriacanada.ca\/fr\/2017\/12\/nouveau-brunswick-de-la-ferme-a-lecole-le-guide\/\" target=\"_blank\" rel=\"noopener\"><strong>D\u00e9tails<\/strong><\/a><\/p>\n<hr \/>\n<h5>Mettez votre \u00e9cole sur la carte !<\/h5>\n<p class=\"p1\"><span class=\"s1\"><img loading=\"lazy\" decoding=\"async\" class=\"alignleft size-medium wp-image-8457\" src=\"http:\/\/www.farmtocafeteriacanada.ca\/wp-content\/uploads\/2016\/04\/f2cc_map_fr-300x253.jpg\" alt=\"\" width=\"300\" height=\"253\" srcset=\"https:\/\/www.farmtocafeteriacanada.ca\/wp-content\/uploads\/2016\/04\/f2cc_map_fr-300x253.jpg 300w, https:\/\/www.farmtocafeteriacanada.ca\/wp-content\/uploads\/2016\/04\/f2cc_map_fr.jpg 663w\" sizes=\"auto, (max-width: 300px) 100vw, 300px\" \/>Saviez-vous qu\u2019en <\/span><a href=\"\/?page_id=6141\"><span class=\"s2\">inscrivant<\/span><\/a><span class=\"s1\"> votre \u00e9cole\u00a0<\/span><span class=\"s1\">\u00e0<\/span><span class=\"s1\">\u00a0<\/span><span class=\"s2\">notre <a href=\"https:\/\/www.farmtocafeteriacanada.ca\/fr\/notre-impact\/carte-de-alimentation-scolaire-au-canada\/\">Carte d\u2019alimentation scolaire<\/a><\/span><span class=\"s1\">,\u00a0<\/span><span class=\"s1\">vous faites mieux conna\u00eetre les activit\u00e9s que m\u00e8ne le r\u00e9seau De la ferme \u00e0 l\u2019\u00e9cole partout\u00a0au Canada ? Cela permet d\u2019attirer l\u2019attention des d\u00e9cideurs et des intervenants du milieu afin qu\u2019ils appuient le mouvement De la ferme \u00e0 l\u2019\u00e9cole\u00a0\u00e0 travers le Canada ! Rejoignez les quelque 1\u00a0100 \u00e9coles canadiennes qui figurent d\u00e9j\u00e0 sur la carte en vous inscrivant d\u00e8s aujourd\u2019hui !<\/span><\/p>\n","protected":false},"excerpt":{"rendered":"<p>DANS CE NUM\u00c9RO\u00a0: Aliments locaux au menu public\u00a0: Nouvelles pancanadiennes De la Ferme \u00e0 la caf\u00e9t\u00e9ria au Canada sans limites \u00ab\u00a0Il y a de charmants et bienveillants voisins au-del\u00e0 de nos fronti\u00e8res, et il n\u2019y a pas de meilleur moment que maintenant pour leur tendre la main.\u00a0\u00bb C\u2019est dur \u00e0 croire que cela fait maintenant [&hellip;]<\/p>\n","protected":false},"author":3,"featured_media":11490,"comment_status":"closed","ping_status":"open","sticky":false,"template":"","format":"standard","meta":{"_acf_changed":false,"_exactmetrics_skip_tracking":false,"_exactmetrics_sitenote_active":false,"_exactmetrics_sitenote_note":"","_exactmetrics_sitenote_category":0,"footnotes":""},"categories":[174,78,77,155,29,191],"tags":[193],"class_list":["post-13236","post","type-post","status-publish","format-standard","has-post-thumbnail","hentry","category-bulletin","category-de_la_ferme_a_lecole","category-de_la_ferme_aux_etablissements_de_sante","category-des-nouvelles-du-reseau","category-francais","category-stories_from_the_field-fr","tag-canada-fr"],"acf":[],"yoast_head":"<!-- This site is optimized with the Yoast SEO plugin v26.7 - https:\/\/yoast.com\/wordpress\/plugins\/seo\/ -->\n<title>Nouvelles du r\u00e9seau De la ferme \u00e0 la caf\u00e9t\u00e9ria Canada juin 2018, num\u00e9ro 8 - Farm to Cafeteria Canada<\/title>\n<meta name=\"robots\" content=\"index, follow, max-snippet:-1, max-image-preview:large, max-video-preview:-1\" \/>\n<link rel=\"canonical\" href=\"https:\/\/www.farmtocafeteriacanada.ca\/2018\/06\/farm-to-cafeteria-canada-news-june-2018-issue-7\/\" \/>\n<meta property=\"og:locale\" content=\"fr_FR\" \/>\n<meta property=\"og:type\" content=\"article\" \/>\n<meta property=\"og:title\" content=\"Nouvelles du r\u00e9seau De la ferme \u00e0 la caf\u00e9t\u00e9ria Canada juin 2018, num\u00e9ro 8 - Farm to Cafeteria Canada\" \/>\n<meta property=\"og:description\" content=\"DANS CE NUM\u00c9RO\u00a0: Aliments locaux au menu public\u00a0: Nouvelles pancanadiennes De la Ferme \u00e0 la caf\u00e9t\u00e9ria au Canada sans limites \u00ab\u00a0Il y a de charmants et bienveillants voisins au-del\u00e0 de nos fronti\u00e8res, et il n\u2019y a pas de meilleur moment que maintenant pour leur tendre la main.\u00a0\u00bb C\u2019est dur \u00e0 croire que cela fait maintenant [&hellip;]\" \/>\n<meta property=\"og:url\" content=\"https:\/\/www.farmtocafeteriacanada.ca\/2018\/06\/farm-to-cafeteria-canada-news-june-2018-issue-7\/\" \/>\n<meta property=\"og:site_name\" content=\"Farm to Cafeteria Canada\" \/>\n<meta property=\"article:publisher\" content=\"https:\/\/www.facebook.com\/groups\/FarmtocafeteriaCanada\/\" \/>\n<meta property=\"article:published_time\" content=\"2018-06-27T17:16:59+00:00\" \/>\n<meta property=\"article:modified_time\" content=\"2018-11-29T18:32:20+00:00\" \/>\n<meta property=\"og:image\" content=\"https:\/\/www.farmtocafeteriacanada.ca\/wp-content\/uploads\/2017\/10\/cdi_2017_slider3_fr.jpg\" \/>\n\t<meta property=\"og:image:width\" content=\"1240\" \/>\n\t<meta property=\"og:image:height\" content=\"450\" \/>\n\t<meta property=\"og:image:type\" content=\"image\/jpeg\" \/>\n<meta name=\"author\" content=\"F2CC admin\" \/>\n<meta name=\"twitter:card\" content=\"summary_large_image\" \/>\n<meta name=\"twitter:creator\" content=\"@Farm2Cafeteria\" \/>\n<meta name=\"twitter:site\" content=\"@Farm2Cafeteria\" \/>\n<meta name=\"twitter:label1\" content=\"\u00c9crit par\" \/>\n\t<meta name=\"twitter:data1\" content=\"F2CC admin\" \/>\n\t<meta name=\"twitter:label2\" content=\"Dur\u00e9e de lecture estim\u00e9e\" \/>\n\t<meta name=\"twitter:data2\" content=\"10 minutes\" \/>\n<script type=\"application\/ld+json\" class=\"yoast-schema-graph\">{\"@context\":\"https:\/\/schema.org\",\"@graph\":[{\"@type\":\"Article\",\"@id\":\"https:\/\/www.farmtocafeteriacanada.ca\/2018\/06\/farm-to-cafeteria-canada-news-june-2018-issue-7\/#article\",\"isPartOf\":{\"@id\":\"https:\/\/www.farmtocafeteriacanada.ca\/2018\/06\/farm-to-cafeteria-canada-news-june-2018-issue-7\/\"},\"author\":{\"name\":\"F2CC admin\",\"@id\":\"https:\/\/www.farmtocafeteriacanada.ca\/#\/schema\/person\/03c2a359a7f0c99b895e08c1e7056708\"},\"headline\":\"Nouvelles du r\u00e9seau De la ferme \u00e0 la caf\u00e9t\u00e9ria Canada juin 2018, num\u00e9ro 8\",\"datePublished\":\"2018-06-27T17:16:59+00:00\",\"dateModified\":\"2018-11-29T18:32:20+00:00\",\"mainEntityOfPage\":{\"@id\":\"https:\/\/www.farmtocafeteriacanada.ca\/2018\/06\/farm-to-cafeteria-canada-news-june-2018-issue-7\/\"},\"wordCount\":2039,\"publisher\":{\"@id\":\"https:\/\/www.farmtocafeteriacanada.ca\/#organization\"},\"image\":{\"@id\":\"https:\/\/www.farmtocafeteriacanada.ca\/2018\/06\/farm-to-cafeteria-canada-news-june-2018-issue-7\/#primaryimage\"},\"thumbnailUrl\":\"https:\/\/www.farmtocafeteriacanada.ca\/wp-content\/uploads\/2017\/10\/cdi_2017_slider3_fr.jpg\",\"keywords\":[\"Canada\"],\"articleSection\":[\"Bulletin\",\"De la ferme \u00e0 l\u2019\u00e9cole\",\"De la ferme aux \u00e9tablissements de sant\u00e9\",\"Des nouvelles du r\u00e9seau\",\"Fran\u00e7ais\",\"Stories from the field\"],\"inLanguage\":\"fr-FR\"},{\"@type\":\"WebPage\",\"@id\":\"https:\/\/www.farmtocafeteriacanada.ca\/2018\/06\/farm-to-cafeteria-canada-news-june-2018-issue-7\/\",\"url\":\"https:\/\/www.farmtocafeteriacanada.ca\/2018\/06\/farm-to-cafeteria-canada-news-june-2018-issue-7\/\",\"name\":\"Nouvelles du r\u00e9seau De la ferme \u00e0 la caf\u00e9t\u00e9ria Canada juin 2018, num\u00e9ro 8 - Farm to Cafeteria Canada\",\"isPartOf\":{\"@id\":\"https:\/\/www.farmtocafeteriacanada.ca\/#website\"},\"primaryImageOfPage\":{\"@id\":\"https:\/\/www.farmtocafeteriacanada.ca\/2018\/06\/farm-to-cafeteria-canada-news-june-2018-issue-7\/#primaryimage\"},\"image\":{\"@id\":\"https:\/\/www.farmtocafeteriacanada.ca\/2018\/06\/farm-to-cafeteria-canada-news-june-2018-issue-7\/#primaryimage\"},\"thumbnailUrl\":\"https:\/\/www.farmtocafeteriacanada.ca\/wp-content\/uploads\/2017\/10\/cdi_2017_slider3_fr.jpg\",\"datePublished\":\"2018-06-27T17:16:59+00:00\",\"dateModified\":\"2018-11-29T18:32:20+00:00\",\"breadcrumb\":{\"@id\":\"https:\/\/www.farmtocafeteriacanada.ca\/2018\/06\/farm-to-cafeteria-canada-news-june-2018-issue-7\/#breadcrumb\"},\"inLanguage\":\"fr-FR\",\"potentialAction\":[{\"@type\":\"ReadAction\",\"target\":[\"https:\/\/www.farmtocafeteriacanada.ca\/2018\/06\/farm-to-cafeteria-canada-news-june-2018-issue-7\/\"]}]},{\"@type\":\"ImageObject\",\"inLanguage\":\"fr-FR\",\"@id\":\"https:\/\/www.farmtocafeteriacanada.ca\/2018\/06\/farm-to-cafeteria-canada-news-june-2018-issue-7\/#primaryimage\",\"url\":\"https:\/\/www.farmtocafeteriacanada.ca\/wp-content\/uploads\/2017\/10\/cdi_2017_slider3_fr.jpg\",\"contentUrl\":\"https:\/\/www.farmtocafeteriacanada.ca\/wp-content\/uploads\/2017\/10\/cdi_2017_slider3_fr.jpg\",\"width\":1240,\"height\":450,\"caption\":\"De la ferme \u00e0 l\u2019\u00e9cole : Le Canada, une terre fertile!\"},{\"@type\":\"BreadcrumbList\",\"@id\":\"https:\/\/www.farmtocafeteriacanada.ca\/2018\/06\/farm-to-cafeteria-canada-news-june-2018-issue-7\/#breadcrumb\",\"itemListElement\":[{\"@type\":\"ListItem\",\"position\":1,\"name\":\"Home\",\"item\":\"https:\/\/www.farmtocafeteriacanada.ca\/fr\/accueil\/\"},{\"@type\":\"ListItem\",\"position\":2,\"name\":\"Nouvelles du r\u00e9seau De la ferme \u00e0 la caf\u00e9t\u00e9ria Canada juin 2018, num\u00e9ro 8\"}]},{\"@type\":\"WebSite\",\"@id\":\"https:\/\/www.farmtocafeteriacanada.ca\/#website\",\"url\":\"https:\/\/www.farmtocafeteriacanada.ca\/\",\"name\":\"Farm to Cafeteria Canada\",\"description\":\"\",\"publisher\":{\"@id\":\"https:\/\/www.farmtocafeteriacanada.ca\/#organization\"},\"potentialAction\":[{\"@type\":\"SearchAction\",\"target\":{\"@type\":\"EntryPoint\",\"urlTemplate\":\"https:\/\/www.farmtocafeteriacanada.ca\/?s={search_term_string}\"},\"query-input\":{\"@type\":\"PropertyValueSpecification\",\"valueRequired\":true,\"valueName\":\"search_term_string\"}}],\"inLanguage\":\"fr-FR\"},{\"@type\":\"Organization\",\"@id\":\"https:\/\/www.farmtocafeteriacanada.ca\/#organization\",\"name\":\"Farm to Cafeteria Canada\",\"url\":\"https:\/\/www.farmtocafeteriacanada.ca\/\",\"logo\":{\"@type\":\"ImageObject\",\"inLanguage\":\"fr-FR\",\"@id\":\"https:\/\/www.farmtocafeteriacanada.ca\/#\/schema\/logo\/image\/\",\"url\":\"http:\/\/www.farmtocafeteriacanada.ca\/wp-content\/uploads\/2015\/03\/f2cc_logo_en2.png\",\"contentUrl\":\"http:\/\/www.farmtocafeteriacanada.ca\/wp-content\/uploads\/2015\/03\/f2cc_logo_en2.png\",\"width\":3000,\"height\":476,\"caption\":\"Farm to Cafeteria Canada\"},\"image\":{\"@id\":\"https:\/\/www.farmtocafeteriacanada.ca\/#\/schema\/logo\/image\/\"},\"sameAs\":[\"https:\/\/www.facebook.com\/groups\/FarmtocafeteriaCanada\/\",\"https:\/\/x.com\/Farm2Cafeteria\",\"https:\/\/www.youtube.com\/channel\/UCQjcYiICtAygShD3IwNsewQ\"]},{\"@type\":\"Person\",\"@id\":\"https:\/\/www.farmtocafeteriacanada.ca\/#\/schema\/person\/03c2a359a7f0c99b895e08c1e7056708\",\"name\":\"F2CC admin\",\"image\":{\"@type\":\"ImageObject\",\"inLanguage\":\"fr-FR\",\"@id\":\"https:\/\/www.farmtocafeteriacanada.ca\/#\/schema\/person\/image\/\",\"url\":\"https:\/\/secure.gravatar.com\/avatar\/c1ddaee9a55673d852314381577bb8198996fbef53c8e2320536bf543b7712b4?s=96&d=mm&r=g\",\"contentUrl\":\"https:\/\/secure.gravatar.com\/avatar\/c1ddaee9a55673d852314381577bb8198996fbef53c8e2320536bf543b7712b4?s=96&d=mm&r=g\",\"caption\":\"F2CC admin\"},\"url\":\"https:\/\/www.farmtocafeteriacanada.ca\/fr\/author\/tracey\/\"}]}<\/script>\n<!-- \/ Yoast SEO plugin. -->","yoast_head_json":{"title":"Nouvelles du r\u00e9seau De la ferme \u00e0 la caf\u00e9t\u00e9ria Canada juin 2018, num\u00e9ro 8 - Farm to Cafeteria Canada","robots":{"index":"index","follow":"follow","max-snippet":"max-snippet:-1","max-image-preview":"max-image-preview:large","max-video-preview":"max-video-preview:-1"},"canonical":"https:\/\/www.farmtocafeteriacanada.ca\/2018\/06\/farm-to-cafeteria-canada-news-june-2018-issue-7\/","og_locale":"fr_FR","og_type":"article","og_title":"Nouvelles du r\u00e9seau De la ferme \u00e0 la caf\u00e9t\u00e9ria Canada juin 2018, num\u00e9ro 8 - Farm to Cafeteria Canada","og_description":"DANS CE NUM\u00c9RO\u00a0: Aliments locaux au menu public\u00a0: Nouvelles pancanadiennes De la Ferme \u00e0 la caf\u00e9t\u00e9ria au Canada sans limites \u00ab\u00a0Il y a de charmants et bienveillants voisins au-del\u00e0 de nos fronti\u00e8res, et il n\u2019y a pas de meilleur moment que maintenant pour leur tendre la main.\u00a0\u00bb C\u2019est dur \u00e0 croire que cela fait maintenant [&hellip;]","og_url":"https:\/\/www.farmtocafeteriacanada.ca\/2018\/06\/farm-to-cafeteria-canada-news-june-2018-issue-7\/","og_site_name":"Farm to Cafeteria Canada","article_publisher":"https:\/\/www.facebook.com\/groups\/FarmtocafeteriaCanada\/","article_published_time":"2018-06-27T17:16:59+00:00","article_modified_time":"2018-11-29T18:32:20+00:00","og_image":[{"width":1240,"height":450,"url":"https:\/\/www.farmtocafeteriacanada.ca\/wp-content\/uploads\/2017\/10\/cdi_2017_slider3_fr.jpg","type":"image\/jpeg"}],"author":"F2CC admin","twitter_card":"summary_large_image","twitter_creator":"@Farm2Cafeteria","twitter_site":"@Farm2Cafeteria","twitter_misc":{"\u00c9crit par":"F2CC admin","Dur\u00e9e de lecture estim\u00e9e":"10 minutes"},"schema":{"@context":"https:\/\/schema.org","@graph":[{"@type":"Article","@id":"https:\/\/www.farmtocafeteriacanada.ca\/2018\/06\/farm-to-cafeteria-canada-news-june-2018-issue-7\/#article","isPartOf":{"@id":"https:\/\/www.farmtocafeteriacanada.ca\/2018\/06\/farm-to-cafeteria-canada-news-june-2018-issue-7\/"},"author":{"name":"F2CC admin","@id":"https:\/\/www.farmtocafeteriacanada.ca\/#\/schema\/person\/03c2a359a7f0c99b895e08c1e7056708"},"headline":"Nouvelles du r\u00e9seau De la ferme \u00e0 la caf\u00e9t\u00e9ria Canada juin 2018, num\u00e9ro 8","datePublished":"2018-06-27T17:16:59+00:00","dateModified":"2018-11-29T18:32:20+00:00","mainEntityOfPage":{"@id":"https:\/\/www.farmtocafeteriacanada.ca\/2018\/06\/farm-to-cafeteria-canada-news-june-2018-issue-7\/"},"wordCount":2039,"publisher":{"@id":"https:\/\/www.farmtocafeteriacanada.ca\/#organization"},"image":{"@id":"https:\/\/www.farmtocafeteriacanada.ca\/2018\/06\/farm-to-cafeteria-canada-news-june-2018-issue-7\/#primaryimage"},"thumbnailUrl":"https:\/\/www.farmtocafeteriacanada.ca\/wp-content\/uploads\/2017\/10\/cdi_2017_slider3_fr.jpg","keywords":["Canada"],"articleSection":["Bulletin","De la ferme \u00e0 l\u2019\u00e9cole","De la ferme aux \u00e9tablissements de sant\u00e9","Des nouvelles du r\u00e9seau","Fran\u00e7ais","Stories from the field"],"inLanguage":"fr-FR"},{"@type":"WebPage","@id":"https:\/\/www.farmtocafeteriacanada.ca\/2018\/06\/farm-to-cafeteria-canada-news-june-2018-issue-7\/","url":"https:\/\/www.farmtocafeteriacanada.ca\/2018\/06\/farm-to-cafeteria-canada-news-june-2018-issue-7\/","name":"Nouvelles du r\u00e9seau De la ferme \u00e0 la caf\u00e9t\u00e9ria Canada juin 2018, num\u00e9ro 8 - Farm to Cafeteria Canada","isPartOf":{"@id":"https:\/\/www.farmtocafeteriacanada.ca\/#website"},"primaryImageOfPage":{"@id":"https:\/\/www.farmtocafeteriacanada.ca\/2018\/06\/farm-to-cafeteria-canada-news-june-2018-issue-7\/#primaryimage"},"image":{"@id":"https:\/\/www.farmtocafeteriacanada.ca\/2018\/06\/farm-to-cafeteria-canada-news-june-2018-issue-7\/#primaryimage"},"thumbnailUrl":"https:\/\/www.farmtocafeteriacanada.ca\/wp-content\/uploads\/2017\/10\/cdi_2017_slider3_fr.jpg","datePublished":"2018-06-27T17:16:59+00:00","dateModified":"2018-11-29T18:32:20+00:00","breadcrumb":{"@id":"https:\/\/www.farmtocafeteriacanada.ca\/2018\/06\/farm-to-cafeteria-canada-news-june-2018-issue-7\/#breadcrumb"},"inLanguage":"fr-FR","potentialAction":[{"@type":"ReadAction","target":["https:\/\/www.farmtocafeteriacanada.ca\/2018\/06\/farm-to-cafeteria-canada-news-june-2018-issue-7\/"]}]},{"@type":"ImageObject","inLanguage":"fr-FR","@id":"https:\/\/www.farmtocafeteriacanada.ca\/2018\/06\/farm-to-cafeteria-canada-news-june-2018-issue-7\/#primaryimage","url":"https:\/\/www.farmtocafeteriacanada.ca\/wp-content\/uploads\/2017\/10\/cdi_2017_slider3_fr.jpg","contentUrl":"https:\/\/www.farmtocafeteriacanada.ca\/wp-content\/uploads\/2017\/10\/cdi_2017_slider3_fr.jpg","width":1240,"height":450,"caption":"De la ferme \u00e0 l\u2019\u00e9cole : Le Canada, une terre fertile!"},{"@type":"BreadcrumbList","@id":"https:\/\/www.farmtocafeteriacanada.ca\/2018\/06\/farm-to-cafeteria-canada-news-june-2018-issue-7\/#breadcrumb","itemListElement":[{"@type":"ListItem","position":1,"name":"Home","item":"https:\/\/www.farmtocafeteriacanada.ca\/fr\/accueil\/"},{"@type":"ListItem","position":2,"name":"Nouvelles du r\u00e9seau De la ferme \u00e0 la caf\u00e9t\u00e9ria Canada juin 2018, num\u00e9ro 8"}]},{"@type":"WebSite","@id":"https:\/\/www.farmtocafeteriacanada.ca\/#website","url":"https:\/\/www.farmtocafeteriacanada.ca\/","name":"Farm to Cafeteria Canada","description":"","publisher":{"@id":"https:\/\/www.farmtocafeteriacanada.ca\/#organization"},"potentialAction":[{"@type":"SearchAction","target":{"@type":"EntryPoint","urlTemplate":"https:\/\/www.farmtocafeteriacanada.ca\/?s={search_term_string}"},"query-input":{"@type":"PropertyValueSpecification","valueRequired":true,"valueName":"search_term_string"}}],"inLanguage":"fr-FR"},{"@type":"Organization","@id":"https:\/\/www.farmtocafeteriacanada.ca\/#organization","name":"Farm to Cafeteria Canada","url":"https:\/\/www.farmtocafeteriacanada.ca\/","logo":{"@type":"ImageObject","inLanguage":"fr-FR","@id":"https:\/\/www.farmtocafeteriacanada.ca\/#\/schema\/logo\/image\/","url":"http:\/\/www.farmtocafeteriacanada.ca\/wp-content\/uploads\/2015\/03\/f2cc_logo_en2.png","contentUrl":"http:\/\/www.farmtocafeteriacanada.ca\/wp-content\/uploads\/2015\/03\/f2cc_logo_en2.png","width":3000,"height":476,"caption":"Farm to Cafeteria Canada"},"image":{"@id":"https:\/\/www.farmtocafeteriacanada.ca\/#\/schema\/logo\/image\/"},"sameAs":["https:\/\/www.facebook.com\/groups\/FarmtocafeteriaCanada\/","https:\/\/x.com\/Farm2Cafeteria","https:\/\/www.youtube.com\/channel\/UCQjcYiICtAygShD3IwNsewQ"]},{"@type":"Person","@id":"https:\/\/www.farmtocafeteriacanada.ca\/#\/schema\/person\/03c2a359a7f0c99b895e08c1e7056708","name":"F2CC admin","image":{"@type":"ImageObject","inLanguage":"fr-FR","@id":"https:\/\/www.farmtocafeteriacanada.ca\/#\/schema\/person\/image\/","url":"https:\/\/secure.gravatar.com\/avatar\/c1ddaee9a55673d852314381577bb8198996fbef53c8e2320536bf543b7712b4?s=96&d=mm&r=g","contentUrl":"https:\/\/secure.gravatar.com\/avatar\/c1ddaee9a55673d852314381577bb8198996fbef53c8e2320536bf543b7712b4?s=96&d=mm&r=g","caption":"F2CC admin"},"url":"https:\/\/www.farmtocafeteriacanada.ca\/fr\/author\/tracey\/"}]}},"_links":{"self":[{"href":"https:\/\/www.farmtocafeteriacanada.ca\/fr\/wp-json\/wp\/v2\/posts\/13236","targetHints":{"allow":["GET"]}}],"collection":[{"href":"https:\/\/www.farmtocafeteriacanada.ca\/fr\/wp-json\/wp\/v2\/posts"}],"about":[{"href":"https:\/\/www.farmtocafeteriacanada.ca\/fr\/wp-json\/wp\/v2\/types\/post"}],"author":[{"embeddable":true,"href":"https:\/\/www.farmtocafeteriacanada.ca\/fr\/wp-json\/wp\/v2\/users\/3"}],"replies":[{"embeddable":true,"href":"https:\/\/www.farmtocafeteriacanada.ca\/fr\/wp-json\/wp\/v2\/comments?post=13236"}],"version-history":[{"count":5,"href":"https:\/\/www.farmtocafeteriacanada.ca\/fr\/wp-json\/wp\/v2\/posts\/13236\/revisions"}],"predecessor-version":[{"id":14978,"href":"https:\/\/www.farmtocafeteriacanada.ca\/fr\/wp-json\/wp\/v2\/posts\/13236\/revisions\/14978"}],"wp:featuredmedia":[{"embeddable":true,"href":"https:\/\/www.farmtocafeteriacanada.ca\/fr\/wp-json\/wp\/v2\/media\/11490"}],"wp:attachment":[{"href":"https:\/\/www.farmtocafeteriacanada.ca\/fr\/wp-json\/wp\/v2\/media?parent=13236"}],"wp:term":[{"taxonomy":"category","embeddable":true,"href":"https:\/\/www.farmtocafeteriacanada.ca\/fr\/wp-json\/wp\/v2\/categories?post=13236"},{"taxonomy":"post_tag","embeddable":true,"href":"https:\/\/www.farmtocafeteriacanada.ca\/fr\/wp-json\/wp\/v2\/tags?post=13236"}],"curies":[{"name":"wp","href":"https:\/\/api.w.org\/{rel}","templated":true}]}}