
{"id":11480,"date":"2017-10-02T14:06:51","date_gmt":"2017-10-02T19:06:51","guid":{"rendered":"http:\/\/www.farmtocafeteriacanada.ca\/?p=11480\/"},"modified":"2020-08-03T10:33:14","modified_gmt":"2020-08-03T15:33:14","slug":"le-reseau-de-la-ferme-a-lecole-senracine-au-canada","status":"publish","type":"post","link":"https:\/\/www.farmtocafeteriacanada.ca\/fr\/2017\/10\/le-reseau-de-la-ferme-a-lecole-senracine-au-canada\/","title":{"rendered":"Le r\u00e9seau De la ferme \u00e0 l\u2019\u00e9cole s\u2019enracine au Canada"},"content":{"rendered":"<h5 class=\"p1\"><span class=\"s1\"><b>Nous inspirons une nouvelle g\u00e9n\u00e9ration \u00e0 instaurer une alimentation locale dans les caf\u00e9t\u00e9rias scolaires.<\/b><\/span><\/h5>\n<p class=\"p1\"><span class=\"s1\">Communiqu\u00e9<br \/>\n<\/span><span class=\"s1\">Pour diffusion imm\u00e9diate<br \/>\n<\/span><span class=\"s1\">Le 1<\/span><span class=\"s2\"><sup>er<\/sup><\/span><span class=\"s1\"> octobre 2017 \u2013<span class=\"Apple-converted-space\">\u00a0 <\/span>Burnaby (Colombie-Britannique) \u2013 De la ferme \u00e0 la caf\u00e9t\u00e9ria Canada<\/span><\/p>\n<p class=\"p1\"><span class=\"s1\">Octobre est le <a href=\"\/?page_id=11335\"><i>Mois De la ferme \u00e0 l\u2019\u00e9cole<\/i> au Canada<\/a>. Aujourd\u2019hui et durant tout le mois, des agriculteurs, parents, chefs, \u00e9l\u00e8ves, \u00e9tudiants et enseignants canadiens participeront \u00e0 des festivit\u00e9s pour souligner le Mois De la ferme \u00e0 l\u2019\u00e9cole et inspirer le mouvement. Ils se r\u00e9uniront dans les champs des agriculteurs et dans les jardins, cuisines et caf\u00e9t\u00e9rias des \u00e9tablissements d\u2019enseignement.\u00a0<\/span><span class=\"s1\">Munis d\u2019une fourche ou d\u2019une spatule, ils y cr\u00e9eront un lieu fertile pour le mouvement De la ferme \u00e0 l\u2019\u00e9cole. Et toutes ces activit\u00e9s seront inscrites sur une carte interactive <\/span><span class=\"s2\">pancanadienne<\/span><span class=\"s1\"> des initiatives d\u2019alimentation scolaire au Canada.<\/span><\/p>\n<p class=\"p1\"><span class=\"s1\">Selon les <a href=\"https:\/\/www.farmtocafeteriacanada.ca\/fr\/notre-impact\/carte-de-alimentation-scolaire-au-canada\/\">donn\u00e9es<\/a> recueillies par De la ferme \u00e0 la caf\u00e9t\u00e9ria Canada, l\u2019organisme qui pilote le mouvement\u00a0<\/span><span class=\"s2\">pancanadien<\/span><span class=\"s1\"> De la ferme \u00e0 l\u2019\u00e9cole, ce dernier est en plein essor.\u00a0<\/span><span class=\"s1\">Plus de 755\u00a0000 \u00e9l\u00e8ves et \u00e9tudiants dans plus de 1\u00a0100 \u00e9tablissements pr\u00e9scolaires, \u00e9coles et campus ont l\u2019occasion de participer \u00e0 des activit\u00e9s De la ferme \u00e0 l\u2019\u00e9cole au Canada. Au total, 507 \u00e9coles indiquent avoir un jardin ou une serre dans leur cour et 511\u00a0signalent offrir des cours de cuisine ax\u00e9s sur l\u2019alimentation locale. Environ le tiers des \u00e9coles (313) servent des produits locaux comme repas ou collations. Ensemble, ces \u00e9tablissements pr\u00e9scolaires, \u00e9coles et campus d\u00e9clarent d\u00e9penser pr\u00e8s de 16\u00a0millions de dollars en aliments locaux chaque ann\u00e9e.<\/span><\/p>\n<p><img loading=\"lazy\" decoding=\"async\" class=\"aligncenter size-full wp-image-11477\" src=\"http:\/\/www.farmtocafeteriacanada.ca\/wp-content\/uploads\/2017\/10\/F2CC-Map-Poster2017_FR_online.jpg\" alt=\"Carte canadienne De la ferme \u00e0 l\u2019\u00e9cole\" width=\"2304\" height=\"1536\" srcset=\"https:\/\/www.farmtocafeteriacanada.ca\/wp-content\/uploads\/2017\/10\/F2CC-Map-Poster2017_FR_online.jpg 2304w, https:\/\/www.farmtocafeteriacanada.ca\/wp-content\/uploads\/2017\/10\/F2CC-Map-Poster2017_FR_online-768x512.jpg 768w, https:\/\/www.farmtocafeteriacanada.ca\/wp-content\/uploads\/2017\/10\/F2CC-Map-Poster2017_FR_online-1500x1000.jpg 1500w\" sizes=\"auto, (max-width: 2304px) 100vw, 2304px\" \/><\/p>\n<p>&nbsp;<\/p>\n<blockquote>\n<p class=\"p1\"><span class=\"s1\"><i>\u00ab Nous sommes ravis de voir se d\u00e9velopper ce mouvement au Canada et de constater qu\u2019il a des retomb\u00e9es positives pour l\u2019alimentation et l\u2019apprentissage des jeunes tout en appuyant les producteurs du syst\u00e8me alimentaire local. Ce qui nous impressionne peut-\u00eatre le plus, c\u2019est la fa\u00e7on dont le mouvement De la ferme \u00e0 l\u2019\u00e9cole interpelle les jeunes de tous les \u00e2ges. Quand les f\u00e8ves l\u2019emportent sur les frites dans les caf\u00e9t\u00e9rias scolaires, on sait qu\u2019il s\u2019y op\u00e8re un changement transformateur\u00a0\u00bb, <\/i>indique Joanne Bays, directrice nationale du r\u00e9seau De la ferme \u00e0 la caf\u00e9t\u00e9ria Canada, \u00e0 Burnaby, en Colombie-Britannique.<\/span><\/p>\n<\/blockquote>\n<p class=\"p1\"><span class=\"s1\">Le mouvement canadien De la ferme \u00e0 l\u2019\u00e9cole a re\u00e7u une impulsion consid\u00e9rable lorsque la fondation Whole Kids s\u2019est associ\u00e9e au r\u00e9seau De la ferme \u00e0 la caf\u00e9t\u00e9ria Canada pour cr\u00e9er un programme de subventions De la ferme \u00e0 l\u2019\u00e9cole Canada dans le cadre duquel plus de 722 k$ ont \u00e9t\u00e9 distribu\u00e9s directement \u00e0 des \u00e9coles en Colombie-Britannique et en Ontario. Le 3\u00a0octobre prochain, on attend l\u2019annonce de fonds suppl\u00e9mentaires lors d\u2019une activit\u00e9 organis\u00e9e \u00e0 l\u2019\u00e9cole Norman Johnson Secondary School, \u00e0 Ottawa, en Ontario, pour donner le coup d\u2019envoi officiel au Mois De la ferme \u00e0 l\u2019\u00e9cole Canada. <\/span><\/p>\n<blockquote>\n<p class=\"p1\"><span class=\"s1\"><i>&#8220;Nous sommes ravis d&#8217;\u00eatre partenaire dans cette approche compl\u00e8te et novatrice afin de supporter les \u00e9coles du pays \u00e0 amener plus d&#8217;aliments sains et locaux au menu de leurs caf\u00e9t\u00e9rias,&#8221; affirme Kim Herrington, Directrice de la Programmation, Whole Kids Foundation. &#8220;Nous sommes fiers de faire partie de cette pr\u00e9cieuse collaboration &#8220;public-priv\u00e9&#8221;, content de faire grandir le mouvement tous ensemble!&#8221;<\/i><\/span><\/p>\n<\/blockquote>\n<p class=\"p1\"><span class=\"s1\">Les \u00e9tudes sur l\u2019incidence et les bienfaits \u00e9mergents du mouvement De la ferme \u00e0 l\u2019\u00e9cole au Canada r\u00e9v\u00e8lent des tendances semblables \u00e0 celles signal\u00e9es par les \u00e9tudes am\u00e9ricaines. Les \u00e9l\u00e8ves qui participent au mouvement De la ferme \u00e0 l\u2019\u00e9cole mangent une plus grande s\u00e9lection d\u2019aliments que leurs pairs, incluant plus de fruits et de l\u00e9gumes, sont mieux renseign\u00e9s sur leur alimentation et sont plus enclins \u00e0 go\u00fbter de nouveaux aliments.<\/span><\/p>\n<blockquote>\n<p class=\"p1\"><span class=\"s1\"><i>\u00ab Il n\u2019y a rien de plus enrichissant que d\u2019enseigner \u00e0 des enfants \u00e0 produire de quoi se nourrir. Semer une graine est \u00e0 la fois un acte d\u2019espoir pour l\u2019avenir, l\u2019acquisition d\u2019un moyen pour assurer sa s\u00e9curit\u00e9 alimentaire personnelle et un acte de communion et de rassemblement autour de la nourriture.\u00a0\u00bb<\/i> Jamie Richards, agriculteur, \u00e9cole Primrose Elementary School, Mulmur (Ontario)<\/span><\/p>\n<\/blockquote>\n<p class=\"p1\"><span class=\"s1\">Pour en savoir plus sur le mouvement De la ferme \u00e0 l\u2019\u00e9cole ou la campagne du Mois De la ferme \u00e0 l\u2019\u00e9cole CANADA, veuillez communiquer avec un <a href=\"\/?page_id=4899\">responsable r\u00e9gional<\/a> du r\u00e9seau De la ferme \u00e0 la caf\u00e9t\u00e9ria Canada. www.farmtocafeteriacanada.ca.<\/span><\/p>\n<p class=\"p4\"><span class=\"s1\">***<\/span><\/p>\n<p class=\"p1\"><span class=\"s1\"><b>Personne-ressource pour les m\u00e9dias<\/b><\/span><\/p>\n<p class=\"p1\"><span class=\"s1\">Joanne Bays<br \/>\n<\/span><span class=\"s1\">Directrice nationale, De la ferme \u00e0 la caf\u00e9t\u00e9ria Canada<br \/>\n<\/span><span class=\"s1\">778-232-5731<\/span><\/p>\n<p class=\"p1\"><span class=\"s1\">Demandes de renseignements du public<br \/>\n<\/span><span class=\"s1\">De la ferme \u00e0 la caf\u00e9t\u00e9ria Canada<br \/>\n<\/span><span class=\"s2\">Courriel : <a href=\"mailto:Farmtocafeteriacanada@gmail.com\"><span class=\"s3\">Farmtocafeteriacanada@gmail.com<br \/>\n<\/span><\/a><\/span><span class=\"s3\"><a href=\"http:\/\/www.farmtocafeteriacanada.ca\">www.farmtocafeteriacanada.ca<\/a><\/span><\/p>\n<p class=\"p4\"><span class=\"s1\">***<\/span><\/p>\n<p class=\"p4\"><span class=\"s1\">Le r\u00e9seau<\/span><span class=\"s4\"> <a href=\"http:\/\/www.farmtocafeteriacanada.ca\/fr\"><span class=\"s5\">De la ferme \u00e0 la caf\u00e9t\u00e9ria Canada\u00a0<\/span><\/a><\/span><span class=\"s1\">est un organisme pancanadien qui collabore avec ses organismes partenaires afin d\u2019informer, de renforcer la capacit\u00e9, de solidifier les partenariats et d\u2019influencer les orientations strat\u00e9giques dans le but d\u2019instaurer une alimentation saine, locale et durable dans les institutions publiques du Canada.<\/span><\/p>\n<p class=\"p4\"><span class=\"s1\">De la ferme \u00e0 la caf\u00e9t\u00e9ria Canada est fier de piloter le mouvement national De la ferme \u00e0 l\u2019\u00e9cole.<\/span><\/p>\n<p class=\"p4\"><span class=\"s1\">Les organismes responsables du mouvement De la ferme \u00e0 l\u2019\u00e9cole Canada \u00e0 l\u2019\u00e9chelle provinciale comprennent\u00a0la Public Health Agency of British Columbia (programme Farm to School BC), Growing Food Security in Alberta, le r\u00e9seau Edible Education de Sustain Ontario, \u00c9quiterre, le minist\u00e8re de l\u2019Agriculture, de l\u2019Aquaculture et des P\u00eaches du Nouveau-Brunswick et Food First NL.<\/span><\/p>\n<p class=\"p4\"><span class=\"s1\">L\u2019organisme responsable de mobiliser les campus au Canada est Meal Exchange.<\/span><\/p>\n","protected":false},"excerpt":{"rendered":"<p>Nous inspirons une nouvelle g\u00e9n\u00e9ration \u00e0 instaurer une alimentation locale dans les caf\u00e9t\u00e9rias scolaires. Communiqu\u00e9 Pour diffusion imm\u00e9diate Le 1er octobre 2017 \u2013\u00a0 Burnaby (Colombie-Britannique) \u2013 De la ferme \u00e0 la caf\u00e9t\u00e9ria Canada Octobre est le Mois De la ferme \u00e0 l\u2019\u00e9cole au Canada. Aujourd\u2019hui et durant tout le mois, des agriculteurs, parents, chefs, \u00e9l\u00e8ves, [&hellip;]<\/p>\n","protected":false},"author":3,"featured_media":11377,"comment_status":"closed","ping_status":"open","sticky":false,"template":"","format":"standard","meta":{"_acf_changed":false,"_exactmetrics_skip_tracking":false,"_exactmetrics_sitenote_active":false,"_exactmetrics_sitenote_note":"","_exactmetrics_sitenote_category":0,"footnotes":""},"categories":[106,78,79,155,29,191],"tags":[325,193,336,321,326,323],"class_list":["post-11480","post","type-post","status-publish","format-standard","has-post-thumbnail","hentry","category-actualites","category-de_la_ferme_a_lecole","category-de_la_ferme_aux_campus","category-des-nouvelles-du-reseau","category-francais","category-stories_from_the_field-fr","tag-aliments-locaux","tag-canada-fr","tag-collecte-de-fonds","tag-cultiver","tag-implication-des-etudiants","tag-manger"],"acf":[],"yoast_head":"<!-- This site is optimized with the Yoast SEO plugin v26.7 - https:\/\/yoast.com\/wordpress\/plugins\/seo\/ -->\n<title>Le r\u00e9seau De la ferme \u00e0 l\u2019\u00e9cole s\u2019enracine au Canada - Farm to Cafeteria Canada<\/title>\n<meta name=\"robots\" content=\"index, follow, max-snippet:-1, max-image-preview:large, max-video-preview:-1\" \/>\n<link rel=\"canonical\" href=\"https:\/\/www.farmtocafeteriacanada.ca\/2017\/10\/farm-to-school-takes-root-in-canada\/\" \/>\n<meta property=\"og:locale\" content=\"fr_FR\" \/>\n<meta property=\"og:type\" content=\"article\" \/>\n<meta property=\"og:title\" content=\"Le r\u00e9seau De la ferme \u00e0 l\u2019\u00e9cole s\u2019enracine au Canada - Farm to Cafeteria Canada\" \/>\n<meta property=\"og:description\" content=\"Nous inspirons une nouvelle g\u00e9n\u00e9ration \u00e0 instaurer une alimentation locale dans les caf\u00e9t\u00e9rias scolaires. Communiqu\u00e9 Pour diffusion imm\u00e9diate Le 1er octobre 2017 \u2013\u00a0 Burnaby (Colombie-Britannique) \u2013 De la ferme \u00e0 la caf\u00e9t\u00e9ria Canada Octobre est le Mois De la ferme \u00e0 l\u2019\u00e9cole au Canada. Aujourd\u2019hui et durant tout le mois, des agriculteurs, parents, chefs, \u00e9l\u00e8ves, [&hellip;]\" \/>\n<meta property=\"og:url\" content=\"https:\/\/www.farmtocafeteriacanada.ca\/2017\/10\/farm-to-school-takes-root-in-canada\/\" \/>\n<meta property=\"og:site_name\" content=\"Farm to Cafeteria Canada\" \/>\n<meta property=\"article:publisher\" content=\"https:\/\/www.facebook.com\/groups\/FarmtocafeteriaCanada\/\" \/>\n<meta property=\"article:published_time\" content=\"2017-10-02T19:06:51+00:00\" \/>\n<meta property=\"article:modified_time\" content=\"2020-08-03T15:33:14+00:00\" \/>\n<meta property=\"og:image\" content=\"https:\/\/www.farmtocafeteriacanada.ca\/wp-content\/uploads\/2017\/08\/f2sm2017_webpage_fr-1.jpg\" \/>\n\t<meta property=\"og:image:width\" content=\"1240\" \/>\n\t<meta property=\"og:image:height\" content=\"450\" \/>\n\t<meta property=\"og:image:type\" content=\"image\/jpeg\" \/>\n<meta name=\"author\" content=\"F2CC admin\" \/>\n<meta name=\"twitter:card\" content=\"summary_large_image\" \/>\n<meta name=\"twitter:creator\" content=\"@Farm2Cafeteria\" \/>\n<meta name=\"twitter:site\" content=\"@Farm2Cafeteria\" \/>\n<meta name=\"twitter:label1\" content=\"\u00c9crit par\" \/>\n\t<meta name=\"twitter:data1\" content=\"F2CC admin\" \/>\n\t<meta name=\"twitter:label2\" content=\"Dur\u00e9e de lecture estim\u00e9e\" \/>\n\t<meta name=\"twitter:data2\" content=\"5 minutes\" \/>\n<script type=\"application\/ld+json\" class=\"yoast-schema-graph\">{\"@context\":\"https:\/\/schema.org\",\"@graph\":[{\"@type\":\"Article\",\"@id\":\"https:\/\/www.farmtocafeteriacanada.ca\/2017\/10\/farm-to-school-takes-root-in-canada\/#article\",\"isPartOf\":{\"@id\":\"https:\/\/www.farmtocafeteriacanada.ca\/2017\/10\/farm-to-school-takes-root-in-canada\/\"},\"author\":{\"name\":\"F2CC admin\",\"@id\":\"https:\/\/www.farmtocafeteriacanada.ca\/#\/schema\/person\/03c2a359a7f0c99b895e08c1e7056708\"},\"headline\":\"Le r\u00e9seau De la ferme \u00e0 l\u2019\u00e9cole s\u2019enracine au Canada\",\"datePublished\":\"2017-10-02T19:06:51+00:00\",\"dateModified\":\"2020-08-03T15:33:14+00:00\",\"mainEntityOfPage\":{\"@id\":\"https:\/\/www.farmtocafeteriacanada.ca\/2017\/10\/farm-to-school-takes-root-in-canada\/\"},\"wordCount\":941,\"publisher\":{\"@id\":\"https:\/\/www.farmtocafeteriacanada.ca\/#organization\"},\"image\":{\"@id\":\"https:\/\/www.farmtocafeteriacanada.ca\/2017\/10\/farm-to-school-takes-root-in-canada\/#primaryimage\"},\"thumbnailUrl\":\"https:\/\/www.farmtocafeteriacanada.ca\/wp-content\/uploads\/2017\/08\/f2sm2017_webpage_fr-1.jpg\",\"keywords\":[\"Aliments locaux\",\"Canada\",\"Collecte de fonds\",\"Cultiver\",\"Implication des \u00e9tudiants\",\"Manger\"],\"articleSection\":[\"Actualit\u00e9s\",\"De la ferme \u00e0 l\u2019\u00e9cole\",\"De la ferme aux campus\",\"Des nouvelles du r\u00e9seau\",\"Fran\u00e7ais\",\"Stories from the field\"],\"inLanguage\":\"fr-FR\"},{\"@type\":\"WebPage\",\"@id\":\"https:\/\/www.farmtocafeteriacanada.ca\/2017\/10\/farm-to-school-takes-root-in-canada\/\",\"url\":\"https:\/\/www.farmtocafeteriacanada.ca\/2017\/10\/farm-to-school-takes-root-in-canada\/\",\"name\":\"Le r\u00e9seau De la ferme \u00e0 l\u2019\u00e9cole s\u2019enracine au Canada - Farm to Cafeteria Canada\",\"isPartOf\":{\"@id\":\"https:\/\/www.farmtocafeteriacanada.ca\/#website\"},\"primaryImageOfPage\":{\"@id\":\"https:\/\/www.farmtocafeteriacanada.ca\/2017\/10\/farm-to-school-takes-root-in-canada\/#primaryimage\"},\"image\":{\"@id\":\"https:\/\/www.farmtocafeteriacanada.ca\/2017\/10\/farm-to-school-takes-root-in-canada\/#primaryimage\"},\"thumbnailUrl\":\"https:\/\/www.farmtocafeteriacanada.ca\/wp-content\/uploads\/2017\/08\/f2sm2017_webpage_fr-1.jpg\",\"datePublished\":\"2017-10-02T19:06:51+00:00\",\"dateModified\":\"2020-08-03T15:33:14+00:00\",\"breadcrumb\":{\"@id\":\"https:\/\/www.farmtocafeteriacanada.ca\/2017\/10\/farm-to-school-takes-root-in-canada\/#breadcrumb\"},\"inLanguage\":\"fr-FR\",\"potentialAction\":[{\"@type\":\"ReadAction\",\"target\":[\"https:\/\/www.farmtocafeteriacanada.ca\/2017\/10\/farm-to-school-takes-root-in-canada\/\"]}]},{\"@type\":\"ImageObject\",\"inLanguage\":\"fr-FR\",\"@id\":\"https:\/\/www.farmtocafeteriacanada.ca\/2017\/10\/farm-to-school-takes-root-in-canada\/#primaryimage\",\"url\":\"https:\/\/www.farmtocafeteriacanada.ca\/wp-content\/uploads\/2017\/08\/f2sm2017_webpage_fr-1.jpg\",\"contentUrl\":\"https:\/\/www.farmtocafeteriacanada.ca\/wp-content\/uploads\/2017\/08\/f2sm2017_webpage_fr-1.jpg\",\"width\":1240,\"height\":450,\"caption\":\"MOIS De la ferme \u00e0 l'\u00e9cole Canada\"},{\"@type\":\"BreadcrumbList\",\"@id\":\"https:\/\/www.farmtocafeteriacanada.ca\/2017\/10\/farm-to-school-takes-root-in-canada\/#breadcrumb\",\"itemListElement\":[{\"@type\":\"ListItem\",\"position\":1,\"name\":\"Home\",\"item\":\"https:\/\/www.farmtocafeteriacanada.ca\/fr\/accueil\/\"},{\"@type\":\"ListItem\",\"position\":2,\"name\":\"Le r\u00e9seau De la ferme \u00e0 l\u2019\u00e9cole s\u2019enracine au Canada\"}]},{\"@type\":\"WebSite\",\"@id\":\"https:\/\/www.farmtocafeteriacanada.ca\/#website\",\"url\":\"https:\/\/www.farmtocafeteriacanada.ca\/\",\"name\":\"Farm to Cafeteria Canada\",\"description\":\"\",\"publisher\":{\"@id\":\"https:\/\/www.farmtocafeteriacanada.ca\/#organization\"},\"potentialAction\":[{\"@type\":\"SearchAction\",\"target\":{\"@type\":\"EntryPoint\",\"urlTemplate\":\"https:\/\/www.farmtocafeteriacanada.ca\/?s={search_term_string}\"},\"query-input\":{\"@type\":\"PropertyValueSpecification\",\"valueRequired\":true,\"valueName\":\"search_term_string\"}}],\"inLanguage\":\"fr-FR\"},{\"@type\":\"Organization\",\"@id\":\"https:\/\/www.farmtocafeteriacanada.ca\/#organization\",\"name\":\"Farm to Cafeteria Canada\",\"url\":\"https:\/\/www.farmtocafeteriacanada.ca\/\",\"logo\":{\"@type\":\"ImageObject\",\"inLanguage\":\"fr-FR\",\"@id\":\"https:\/\/www.farmtocafeteriacanada.ca\/#\/schema\/logo\/image\/\",\"url\":\"http:\/\/www.farmtocafeteriacanada.ca\/wp-content\/uploads\/2015\/03\/f2cc_logo_en2.png\",\"contentUrl\":\"http:\/\/www.farmtocafeteriacanada.ca\/wp-content\/uploads\/2015\/03\/f2cc_logo_en2.png\",\"width\":3000,\"height\":476,\"caption\":\"Farm to Cafeteria Canada\"},\"image\":{\"@id\":\"https:\/\/www.farmtocafeteriacanada.ca\/#\/schema\/logo\/image\/\"},\"sameAs\":[\"https:\/\/www.facebook.com\/groups\/FarmtocafeteriaCanada\/\",\"https:\/\/x.com\/Farm2Cafeteria\",\"https:\/\/www.youtube.com\/channel\/UCQjcYiICtAygShD3IwNsewQ\"]},{\"@type\":\"Person\",\"@id\":\"https:\/\/www.farmtocafeteriacanada.ca\/#\/schema\/person\/03c2a359a7f0c99b895e08c1e7056708\",\"name\":\"F2CC admin\",\"image\":{\"@type\":\"ImageObject\",\"inLanguage\":\"fr-FR\",\"@id\":\"https:\/\/www.farmtocafeteriacanada.ca\/#\/schema\/person\/image\/\",\"url\":\"https:\/\/secure.gravatar.com\/avatar\/c1ddaee9a55673d852314381577bb8198996fbef53c8e2320536bf543b7712b4?s=96&d=mm&r=g\",\"contentUrl\":\"https:\/\/secure.gravatar.com\/avatar\/c1ddaee9a55673d852314381577bb8198996fbef53c8e2320536bf543b7712b4?s=96&d=mm&r=g\",\"caption\":\"F2CC admin\"},\"url\":\"https:\/\/www.farmtocafeteriacanada.ca\/fr\/author\/tracey\/\"}]}<\/script>\n<!-- \/ Yoast SEO plugin. -->","yoast_head_json":{"title":"Le r\u00e9seau De la ferme \u00e0 l\u2019\u00e9cole s\u2019enracine au Canada - Farm to Cafeteria Canada","robots":{"index":"index","follow":"follow","max-snippet":"max-snippet:-1","max-image-preview":"max-image-preview:large","max-video-preview":"max-video-preview:-1"},"canonical":"https:\/\/www.farmtocafeteriacanada.ca\/2017\/10\/farm-to-school-takes-root-in-canada\/","og_locale":"fr_FR","og_type":"article","og_title":"Le r\u00e9seau De la ferme \u00e0 l\u2019\u00e9cole s\u2019enracine au Canada - Farm to Cafeteria Canada","og_description":"Nous inspirons une nouvelle g\u00e9n\u00e9ration \u00e0 instaurer une alimentation locale dans les caf\u00e9t\u00e9rias scolaires. Communiqu\u00e9 Pour diffusion imm\u00e9diate Le 1er octobre 2017 \u2013\u00a0 Burnaby (Colombie-Britannique) \u2013 De la ferme \u00e0 la caf\u00e9t\u00e9ria Canada Octobre est le Mois De la ferme \u00e0 l\u2019\u00e9cole au Canada. Aujourd\u2019hui et durant tout le mois, des agriculteurs, parents, chefs, \u00e9l\u00e8ves, [&hellip;]","og_url":"https:\/\/www.farmtocafeteriacanada.ca\/2017\/10\/farm-to-school-takes-root-in-canada\/","og_site_name":"Farm to Cafeteria Canada","article_publisher":"https:\/\/www.facebook.com\/groups\/FarmtocafeteriaCanada\/","article_published_time":"2017-10-02T19:06:51+00:00","article_modified_time":"2020-08-03T15:33:14+00:00","og_image":[{"width":1240,"height":450,"url":"https:\/\/www.farmtocafeteriacanada.ca\/wp-content\/uploads\/2017\/08\/f2sm2017_webpage_fr-1.jpg","type":"image\/jpeg"}],"author":"F2CC admin","twitter_card":"summary_large_image","twitter_creator":"@Farm2Cafeteria","twitter_site":"@Farm2Cafeteria","twitter_misc":{"\u00c9crit par":"F2CC admin","Dur\u00e9e de lecture estim\u00e9e":"5 minutes"},"schema":{"@context":"https:\/\/schema.org","@graph":[{"@type":"Article","@id":"https:\/\/www.farmtocafeteriacanada.ca\/2017\/10\/farm-to-school-takes-root-in-canada\/#article","isPartOf":{"@id":"https:\/\/www.farmtocafeteriacanada.ca\/2017\/10\/farm-to-school-takes-root-in-canada\/"},"author":{"name":"F2CC admin","@id":"https:\/\/www.farmtocafeteriacanada.ca\/#\/schema\/person\/03c2a359a7f0c99b895e08c1e7056708"},"headline":"Le r\u00e9seau De la ferme \u00e0 l\u2019\u00e9cole s\u2019enracine au Canada","datePublished":"2017-10-02T19:06:51+00:00","dateModified":"2020-08-03T15:33:14+00:00","mainEntityOfPage":{"@id":"https:\/\/www.farmtocafeteriacanada.ca\/2017\/10\/farm-to-school-takes-root-in-canada\/"},"wordCount":941,"publisher":{"@id":"https:\/\/www.farmtocafeteriacanada.ca\/#organization"},"image":{"@id":"https:\/\/www.farmtocafeteriacanada.ca\/2017\/10\/farm-to-school-takes-root-in-canada\/#primaryimage"},"thumbnailUrl":"https:\/\/www.farmtocafeteriacanada.ca\/wp-content\/uploads\/2017\/08\/f2sm2017_webpage_fr-1.jpg","keywords":["Aliments locaux","Canada","Collecte de fonds","Cultiver","Implication des \u00e9tudiants","Manger"],"articleSection":["Actualit\u00e9s","De la ferme \u00e0 l\u2019\u00e9cole","De la ferme aux campus","Des nouvelles du r\u00e9seau","Fran\u00e7ais","Stories from the field"],"inLanguage":"fr-FR"},{"@type":"WebPage","@id":"https:\/\/www.farmtocafeteriacanada.ca\/2017\/10\/farm-to-school-takes-root-in-canada\/","url":"https:\/\/www.farmtocafeteriacanada.ca\/2017\/10\/farm-to-school-takes-root-in-canada\/","name":"Le r\u00e9seau De la ferme \u00e0 l\u2019\u00e9cole s\u2019enracine au Canada - Farm to Cafeteria Canada","isPartOf":{"@id":"https:\/\/www.farmtocafeteriacanada.ca\/#website"},"primaryImageOfPage":{"@id":"https:\/\/www.farmtocafeteriacanada.ca\/2017\/10\/farm-to-school-takes-root-in-canada\/#primaryimage"},"image":{"@id":"https:\/\/www.farmtocafeteriacanada.ca\/2017\/10\/farm-to-school-takes-root-in-canada\/#primaryimage"},"thumbnailUrl":"https:\/\/www.farmtocafeteriacanada.ca\/wp-content\/uploads\/2017\/08\/f2sm2017_webpage_fr-1.jpg","datePublished":"2017-10-02T19:06:51+00:00","dateModified":"2020-08-03T15:33:14+00:00","breadcrumb":{"@id":"https:\/\/www.farmtocafeteriacanada.ca\/2017\/10\/farm-to-school-takes-root-in-canada\/#breadcrumb"},"inLanguage":"fr-FR","potentialAction":[{"@type":"ReadAction","target":["https:\/\/www.farmtocafeteriacanada.ca\/2017\/10\/farm-to-school-takes-root-in-canada\/"]}]},{"@type":"ImageObject","inLanguage":"fr-FR","@id":"https:\/\/www.farmtocafeteriacanada.ca\/2017\/10\/farm-to-school-takes-root-in-canada\/#primaryimage","url":"https:\/\/www.farmtocafeteriacanada.ca\/wp-content\/uploads\/2017\/08\/f2sm2017_webpage_fr-1.jpg","contentUrl":"https:\/\/www.farmtocafeteriacanada.ca\/wp-content\/uploads\/2017\/08\/f2sm2017_webpage_fr-1.jpg","width":1240,"height":450,"caption":"MOIS De la ferme \u00e0 l'\u00e9cole Canada"},{"@type":"BreadcrumbList","@id":"https:\/\/www.farmtocafeteriacanada.ca\/2017\/10\/farm-to-school-takes-root-in-canada\/#breadcrumb","itemListElement":[{"@type":"ListItem","position":1,"name":"Home","item":"https:\/\/www.farmtocafeteriacanada.ca\/fr\/accueil\/"},{"@type":"ListItem","position":2,"name":"Le r\u00e9seau De la ferme \u00e0 l\u2019\u00e9cole s\u2019enracine au Canada"}]},{"@type":"WebSite","@id":"https:\/\/www.farmtocafeteriacanada.ca\/#website","url":"https:\/\/www.farmtocafeteriacanada.ca\/","name":"Farm to Cafeteria Canada","description":"","publisher":{"@id":"https:\/\/www.farmtocafeteriacanada.ca\/#organization"},"potentialAction":[{"@type":"SearchAction","target":{"@type":"EntryPoint","urlTemplate":"https:\/\/www.farmtocafeteriacanada.ca\/?s={search_term_string}"},"query-input":{"@type":"PropertyValueSpecification","valueRequired":true,"valueName":"search_term_string"}}],"inLanguage":"fr-FR"},{"@type":"Organization","@id":"https:\/\/www.farmtocafeteriacanada.ca\/#organization","name":"Farm to Cafeteria Canada","url":"https:\/\/www.farmtocafeteriacanada.ca\/","logo":{"@type":"ImageObject","inLanguage":"fr-FR","@id":"https:\/\/www.farmtocafeteriacanada.ca\/#\/schema\/logo\/image\/","url":"http:\/\/www.farmtocafeteriacanada.ca\/wp-content\/uploads\/2015\/03\/f2cc_logo_en2.png","contentUrl":"http:\/\/www.farmtocafeteriacanada.ca\/wp-content\/uploads\/2015\/03\/f2cc_logo_en2.png","width":3000,"height":476,"caption":"Farm to Cafeteria Canada"},"image":{"@id":"https:\/\/www.farmtocafeteriacanada.ca\/#\/schema\/logo\/image\/"},"sameAs":["https:\/\/www.facebook.com\/groups\/FarmtocafeteriaCanada\/","https:\/\/x.com\/Farm2Cafeteria","https:\/\/www.youtube.com\/channel\/UCQjcYiICtAygShD3IwNsewQ"]},{"@type":"Person","@id":"https:\/\/www.farmtocafeteriacanada.ca\/#\/schema\/person\/03c2a359a7f0c99b895e08c1e7056708","name":"F2CC admin","image":{"@type":"ImageObject","inLanguage":"fr-FR","@id":"https:\/\/www.farmtocafeteriacanada.ca\/#\/schema\/person\/image\/","url":"https:\/\/secure.gravatar.com\/avatar\/c1ddaee9a55673d852314381577bb8198996fbef53c8e2320536bf543b7712b4?s=96&d=mm&r=g","contentUrl":"https:\/\/secure.gravatar.com\/avatar\/c1ddaee9a55673d852314381577bb8198996fbef53c8e2320536bf543b7712b4?s=96&d=mm&r=g","caption":"F2CC admin"},"url":"https:\/\/www.farmtocafeteriacanada.ca\/fr\/author\/tracey\/"}]}},"_links":{"self":[{"href":"https:\/\/www.farmtocafeteriacanada.ca\/fr\/wp-json\/wp\/v2\/posts\/11480","targetHints":{"allow":["GET"]}}],"collection":[{"href":"https:\/\/www.farmtocafeteriacanada.ca\/fr\/wp-json\/wp\/v2\/posts"}],"about":[{"href":"https:\/\/www.farmtocafeteriacanada.ca\/fr\/wp-json\/wp\/v2\/types\/post"}],"author":[{"embeddable":true,"href":"https:\/\/www.farmtocafeteriacanada.ca\/fr\/wp-json\/wp\/v2\/users\/3"}],"replies":[{"embeddable":true,"href":"https:\/\/www.farmtocafeteriacanada.ca\/fr\/wp-json\/wp\/v2\/comments?post=11480"}],"version-history":[{"count":5,"href":"https:\/\/www.farmtocafeteriacanada.ca\/fr\/wp-json\/wp\/v2\/posts\/11480\/revisions"}],"predecessor-version":[{"id":20351,"href":"https:\/\/www.farmtocafeteriacanada.ca\/fr\/wp-json\/wp\/v2\/posts\/11480\/revisions\/20351"}],"wp:featuredmedia":[{"embeddable":true,"href":"https:\/\/www.farmtocafeteriacanada.ca\/fr\/wp-json\/wp\/v2\/media\/11377"}],"wp:attachment":[{"href":"https:\/\/www.farmtocafeteriacanada.ca\/fr\/wp-json\/wp\/v2\/media?parent=11480"}],"wp:term":[{"taxonomy":"category","embeddable":true,"href":"https:\/\/www.farmtocafeteriacanada.ca\/fr\/wp-json\/wp\/v2\/categories?post=11480"},{"taxonomy":"post_tag","embeddable":true,"href":"https:\/\/www.farmtocafeteriacanada.ca\/fr\/wp-json\/wp\/v2\/tags?post=11480"}],"curies":[{"name":"wp","href":"https:\/\/api.w.org\/{rel}","templated":true}]}}