
{"id":10940,"date":"2017-10-16T07:00:09","date_gmt":"2017-10-16T12:00:09","guid":{"rendered":"http:\/\/www.farmtocafeteriacanada.ca\/?p=10940\/"},"modified":"2020-08-03T10:30:06","modified_gmt":"2020-08-03T15:30:06","slug":"plus-daliments-locaux-et-biologiques-dans-les-institutions-du-quebec","status":"publish","type":"post","link":"https:\/\/www.farmtocafeteriacanada.ca\/fr\/2017\/10\/plus-daliments-locaux-et-biologiques-dans-les-institutions-du-quebec\/","title":{"rendered":"Plus d\u2019aliments locaux et biologiques dans les institutions du Qu\u00e9bec\u00a0!"},"content":{"rendered":"<p class=\"p1\"><strong><span class=\"s1\">\u00c9quiterre est une organisation bas\u00e9e au Qu\u00e9bec qui propose des solutions concr\u00e8tes pour acc\u00e9l\u00e9rer la transition vers une soci\u00e9t\u00e9 o\u00f9 les citoyens, les organisations et les gouvernements font des choix \u00e9cologiques qui sont \u00e9galement sains et \u00e9quitables.<\/span><\/strong><\/p>\n<p class=\"p1\"><span class=\"s1\">Depuis sa cr\u00e9ation, \u00c9quiterre vise entre autres \u00e0 augmenter la consommation d\u2019aliments locaux et biologiques. Par la mise en \u0153uvre et la coordination du r\u00e9seau des fermiers de famille, \u00c9quiterre permet d\u2019abord \u00e0 des milliers de citoyens et citoyennes de recevoir des\u00a0<a href=\"http:\/\/equiterre.org\/solution\/paniers-bio\"><span class=\"s2\">paniers bio<\/span><\/a>\u00a0de\u00a0<a href=\"http:\/\/equiterre.org\/fiche\/paniers-de-legumes-sains-et-locaux\"><span class=\"s2\">l\u00e9gumes frais et locaux<\/span><\/a>\u00a0livr\u00e9s chaque semaine pr\u00e8s de leur domicile ou lieu de travail. Puis, par diff\u00e9rents projets de d\u00e9monstration, \u00c9quiterre cherche \u00e9galement \u00e0 augmenter la part d\u2019aliments locaux et biologiques dans le menu des caf\u00e9t\u00e9rias et services alimentaires de diff\u00e9rentes organisations et institutions du Qu\u00e9bec.<\/span><\/p>\n<p class=\"p1\"><span class=\"s1\">Que ce soit par la mise en relation avec des producteurs locaux et biologiques, la cr\u00e9ation d\u2019activit\u00e9s \u00e9ducatives sur l\u2019agriculture et l\u2019alimentation ou la mise en \u0153uvre de campagnes de financement dans les \u00e9coles \u00e0 partir de paniers de l\u00e9gumes locaux et biologiques, \u00c9quiterre d\u00e9ploie plusieurs projets pour atteindre cet objectif. Au Qu\u00e9bec, l\u2019engouement pour les aliments locaux se fait sentir tant sur le plan de l\u2019int\u00e9r\u00eat des citoyens et des institutions que dans l\u2019engagement du gouvernement provincial. En effet, dans la province, ce sont\u00a0<a href=\"https:\/\/www.farmtocafeteriacanada.ca\/fr\/notre-impact\/carte-de-alimentation-scolaire-au-canada\/\"><span class=\"s3\">plus de 527\u00a0\u00e9tablissements scolaires et services de garde<\/span><\/a>\u00a0qui ont ainsi organis\u00e9 des activit\u00e9s li\u00e9es \u00e0 l&#8217;alimentation saine, locale et durable dans leur milieu.<\/span><\/p>\n<p class=\"p4\"><span class=\"s1\">D\u00e9couvrez ces diff\u00e9rents projets\u00a0:<\/span><\/p>\n<h6 class=\"p5\"><span class=\"s1\">GARDERIES<\/span><\/h6>\n<ul>\n<li class=\"p6\"><span class=\"s4\"><a href=\"http:\/\/equiterre.org\/fiche\/croquplaisir-volet-approvisionnement-local\">Croqu&#8217;Plaisir<\/a><\/span><\/li>\n<li class=\"p7\"><span class=\"s4\"><a href=\"http:\/\/equiterre.org\/fiche\/projet-garderie-bio\">Garderie bio<\/a><\/span><span class=\"s5\">\u00a0<\/span><\/li>\n<\/ul>\n<h6 class=\"p5\"><span class=\"s1\">\u00c9TABLISSEMENTS SCOLAIRES<\/span><\/h6>\n<ul>\n<li class=\"p6\"><span class=\"s4\"><a href=\"http:\/\/equiterre.org\/projet\/approvisionnement-alimentaire\/des-activites-educatives-sur-lagriculture-biologique-et-locale-\">Activit\u00e9s \u00e9ducatives sur l&#8217;agriculture biologique et locale dans les \u00e9coles\u00a0<\/a><\/span><\/li>\n<li class=\"p6\"><span class=\"s4\"><a href=\"http:\/\/equiterre.org\/projet\/approvisionnement-alimentaire\/ecoles-enracinees-pour-une-alimentation-saine-locale-et-durable\">\u00c9coles enracin\u00e9es : pour une alimentation saine, locale et durable<\/a><\/span><span class=\"s5\">\u00a0<\/span><\/li>\n<li class=\"p7\"><span class=\"s4\"><a href=\"http:\/\/equiterre.org\/fiche\/projet-pilote-a-la-soupe\">\u00c0 la soupe!<\/a><\/span><span class=\"s5\">\u00a0<\/span><\/li>\n<\/ul>\n<h6 class=\"p5\"><span class=\"s1\">\u00c9TABLISSEMENTS DE SANT\u00c9<\/span><\/h6>\n<ul>\n<li class=\"p6\"><span class=\"s4\"><a href=\"http:\/\/equiterre.org\/fiche\/fruits-et-legumes-locaux-au-menu-du-jour-des-etablissements-de-sante\">Fruits et l\u00e9gumes locaux au menu du jour des \u00e9tablissements de sant\u00e9<\/a><\/span><span class=\"s5\">\u00a0&#8211; CIUSSS de l&#8217;Est-de-l&#8217;\u00cele-de-Montr\u00e9al et CISSS des Laurentides <\/span><\/li>\n<li class=\"p6\"><span class=\"s4\"><a href=\"http:\/\/equiterre.org\/fiche\/approvisionnement-local-dans-les-etablissements-de-sante\">Approvisionnement local dans les \u00e9tablissements de sant\u00e9<\/a><\/span><span class=\"s5\">\u00a0&#8211; CIUSSS du Nord-de-l&#8217;\u00cele-de-Montr\u00e9al <\/span><\/li>\n<li class=\"p6\"><span class=\"s4\"><a href=\"http:\/\/equiterre.org\/fiche\/saveurs-de-laval-au-menu\">Saveurs de Laval au menu<\/a><\/span><span class=\"s5\">\u00a0<\/span><\/li>\n<\/ul>\n<p class=\"p1\"><span class=\"s1\">En 2017, \u00c9quiterre et\u00a0<a href=\"http:\/\/alimentsduquebec.com\/\"><span class=\"s2\">Aliments du Qu\u00e9bec<\/span><\/a>\u00a0ont uni leurs efforts afin de d\u00e9velopper un programme de reconnaissance s\u2019adressant aux institutions qui mettent les aliments du Qu\u00e9bec au menu de leurs services alimentaires. L&#8217;objectif? Souligner l\u2019effort en reconnaissant les institutions qui s\u2019approvisionnent en aliments qu\u00e9b\u00e9cois et inciter celles-ci \u00e0 augmenter progressivement leurs achats de produits locaux. D\u00e9j\u00e0, 26 institutions du Qu\u00e9bec, offrant plus de 15 000 repas par jour, ont obtenu cette reconnaissance!<\/span><\/p>\n<p class=\"p8\" style=\"text-align: center;\"><span class=\"s1\"><a href=\"http:\/\/equiterre.org\/projet\/approvisionnement-local-0\"><i>Aliments du Qu\u00e9bec au menu &#8211; volet institutionnel<\/i><i><\/i><\/a><\/span><\/p>\n<p class=\"p1\"><span class=\"s1\">Depuis sa cr\u00e9ation, \u00c9quiterre est un membre actif du r\u00e9seau\u00a0<a href=\"https:\/\/www.farmtocafeteriacanada.ca\/fr\/\"><span class=\"s3\">De la ferme \u00e0 la caf\u00e9t\u00e9ria Canada<\/span><\/a>, o\u00f9 il agit\u00a0comme membre fondateur et coordonnateur r\u00e9gional pour la province de Qu\u00e9bec. Cette implication a permis une pr\u00e9cieuse collaboration avec diff\u00e9rentes organisations partout au pays, en solidifiant notre r\u00e9seau provincial et en implantant diff\u00e9rents projets concrets dans les \u00e9coles de la province.<\/span><\/p>\n<p class=\"p1\"><span class=\"s1\">Merci et longue vie au r\u00e9seau De la ferme \u00e0 la caf\u00e9t\u00e9ria Canada!<\/span><\/p>\n","protected":false},"excerpt":{"rendered":"<p>\u00c9quiterre est une organisation bas\u00e9e au Qu\u00e9bec qui propose des solutions concr\u00e8tes pour acc\u00e9l\u00e9rer la transition vers une soci\u00e9t\u00e9 o\u00f9 les citoyens, les organisations et les gouvernements font des choix \u00e9cologiques qui sont \u00e9galement sains et \u00e9quitables. Depuis sa cr\u00e9ation, \u00c9quiterre vise entre autres \u00e0 augmenter la consommation d\u2019aliments locaux et biologiques. Par la mise [&hellip;]<\/p>\n","protected":false},"author":3,"featured_media":2988,"comment_status":"closed","ping_status":"open","sticky":false,"template":"","format":"standard","meta":{"_acf_changed":false,"_exactmetrics_skip_tracking":false,"_exactmetrics_sitenote_active":false,"_exactmetrics_sitenote_note":"","_exactmetrics_sitenote_category":0,"footnotes":""},"categories":[78,155,29,191],"tags":[325,339,341,117,101],"class_list":["post-10940","post","type-post","status-publish","format-standard","has-post-thumbnail","hentry","category-de_la_ferme_a_lecole","category-des-nouvelles-du-reseau","category-francais","category-stories_from_the_field-fr","tag-aliments-locaux","tag-ecole-primaire-m-a-6","tag-ecole-secondaire-9-12","tag-etablissements-de-sante","tag-quebec-fr"],"acf":[],"yoast_head":"<!-- This site is optimized with the Yoast SEO plugin v26.7 - https:\/\/yoast.com\/wordpress\/plugins\/seo\/ -->\n<title>Plus d\u2019aliments locaux et biologiques dans les institutions du Qu\u00e9bec\u00a0! - Farm to Cafeteria Canada<\/title>\n<meta name=\"robots\" content=\"index, follow, max-snippet:-1, max-image-preview:large, max-video-preview:-1\" \/>\n<link rel=\"canonical\" href=\"https:\/\/www.farmtocafeteriacanada.ca\/2017\/10\/more-local-organic-food-in-quebec-institutions\/\" \/>\n<meta property=\"og:locale\" content=\"fr_FR\" \/>\n<meta property=\"og:type\" content=\"article\" \/>\n<meta property=\"og:title\" content=\"Plus d\u2019aliments locaux et biologiques dans les institutions du Qu\u00e9bec\u00a0! - Farm to Cafeteria Canada\" \/>\n<meta property=\"og:description\" content=\"\u00c9quiterre est une organisation bas\u00e9e au Qu\u00e9bec qui propose des solutions concr\u00e8tes pour acc\u00e9l\u00e9rer la transition vers une soci\u00e9t\u00e9 o\u00f9 les citoyens, les organisations et les gouvernements font des choix \u00e9cologiques qui sont \u00e9galement sains et \u00e9quitables. Depuis sa cr\u00e9ation, \u00c9quiterre vise entre autres \u00e0 augmenter la consommation d\u2019aliments locaux et biologiques. Par la mise [&hellip;]\" \/>\n<meta property=\"og:url\" content=\"https:\/\/www.farmtocafeteriacanada.ca\/2017\/10\/more-local-organic-food-in-quebec-institutions\/\" \/>\n<meta property=\"og:site_name\" content=\"Farm to Cafeteria Canada\" \/>\n<meta property=\"article:publisher\" content=\"https:\/\/www.facebook.com\/groups\/FarmtocafeteriaCanada\/\" \/>\n<meta property=\"article:published_time\" content=\"2017-10-16T12:00:09+00:00\" \/>\n<meta property=\"article:modified_time\" content=\"2020-08-03T15:30:06+00:00\" \/>\n<meta property=\"og:image\" content=\"https:\/\/www.farmtocafeteriacanada.ca\/wp-content\/uploads\/2014\/01\/Actu_lancement-CP-an-21.png\" \/>\n\t<meta property=\"og:image:width\" content=\"854\" \/>\n\t<meta property=\"og:image:height\" content=\"470\" \/>\n\t<meta property=\"og:image:type\" content=\"image\/png\" \/>\n<meta name=\"author\" content=\"F2CC admin\" \/>\n<meta name=\"twitter:card\" content=\"summary_large_image\" \/>\n<meta name=\"twitter:creator\" content=\"@Farm2Cafeteria\" \/>\n<meta name=\"twitter:site\" content=\"@Farm2Cafeteria\" \/>\n<meta name=\"twitter:label1\" content=\"\u00c9crit par\" \/>\n\t<meta name=\"twitter:data1\" content=\"F2CC admin\" \/>\n\t<meta name=\"twitter:label2\" content=\"Dur\u00e9e de lecture estim\u00e9e\" \/>\n\t<meta name=\"twitter:data2\" content=\"3 minutes\" \/>\n<script type=\"application\/ld+json\" class=\"yoast-schema-graph\">{\"@context\":\"https:\/\/schema.org\",\"@graph\":[{\"@type\":\"Article\",\"@id\":\"https:\/\/www.farmtocafeteriacanada.ca\/2017\/10\/more-local-organic-food-in-quebec-institutions\/#article\",\"isPartOf\":{\"@id\":\"https:\/\/www.farmtocafeteriacanada.ca\/2017\/10\/more-local-organic-food-in-quebec-institutions\/\"},\"author\":{\"name\":\"F2CC admin\",\"@id\":\"https:\/\/www.farmtocafeteriacanada.ca\/#\/schema\/person\/03c2a359a7f0c99b895e08c1e7056708\"},\"headline\":\"Plus d\u2019aliments locaux et biologiques dans les institutions du Qu\u00e9bec\u00a0!\",\"datePublished\":\"2017-10-16T12:00:09+00:00\",\"dateModified\":\"2020-08-03T15:30:06+00:00\",\"mainEntityOfPage\":{\"@id\":\"https:\/\/www.farmtocafeteriacanada.ca\/2017\/10\/more-local-organic-food-in-quebec-institutions\/\"},\"wordCount\":536,\"publisher\":{\"@id\":\"https:\/\/www.farmtocafeteriacanada.ca\/#organization\"},\"image\":{\"@id\":\"https:\/\/www.farmtocafeteriacanada.ca\/2017\/10\/more-local-organic-food-in-quebec-institutions\/#primaryimage\"},\"thumbnailUrl\":\"https:\/\/www.farmtocafeteriacanada.ca\/wp-content\/uploads\/2014\/01\/Actu_lancement-CP-an-21.png\",\"keywords\":[\"Aliments locaux\",\"\u00c9cole primaire (M \u00e0 6)\",\"\u00c9cole secondaire (9-12)\",\"\u00c9tablissements de sant\u00e9\",\"Qu\u00e9bec\"],\"articleSection\":[\"De la ferme \u00e0 l\u2019\u00e9cole\",\"Des nouvelles du r\u00e9seau\",\"Fran\u00e7ais\",\"Stories from the field\"],\"inLanguage\":\"fr-FR\"},{\"@type\":\"WebPage\",\"@id\":\"https:\/\/www.farmtocafeteriacanada.ca\/2017\/10\/more-local-organic-food-in-quebec-institutions\/\",\"url\":\"https:\/\/www.farmtocafeteriacanada.ca\/2017\/10\/more-local-organic-food-in-quebec-institutions\/\",\"name\":\"Plus d\u2019aliments locaux et biologiques dans les institutions du Qu\u00e9bec\u00a0! - Farm to Cafeteria Canada\",\"isPartOf\":{\"@id\":\"https:\/\/www.farmtocafeteriacanada.ca\/#website\"},\"primaryImageOfPage\":{\"@id\":\"https:\/\/www.farmtocafeteriacanada.ca\/2017\/10\/more-local-organic-food-in-quebec-institutions\/#primaryimage\"},\"image\":{\"@id\":\"https:\/\/www.farmtocafeteriacanada.ca\/2017\/10\/more-local-organic-food-in-quebec-institutions\/#primaryimage\"},\"thumbnailUrl\":\"https:\/\/www.farmtocafeteriacanada.ca\/wp-content\/uploads\/2014\/01\/Actu_lancement-CP-an-21.png\",\"datePublished\":\"2017-10-16T12:00:09+00:00\",\"dateModified\":\"2020-08-03T15:30:06+00:00\",\"breadcrumb\":{\"@id\":\"https:\/\/www.farmtocafeteriacanada.ca\/2017\/10\/more-local-organic-food-in-quebec-institutions\/#breadcrumb\"},\"inLanguage\":\"fr-FR\",\"potentialAction\":[{\"@type\":\"ReadAction\",\"target\":[\"https:\/\/www.farmtocafeteriacanada.ca\/2017\/10\/more-local-organic-food-in-quebec-institutions\/\"]}]},{\"@type\":\"ImageObject\",\"inLanguage\":\"fr-FR\",\"@id\":\"https:\/\/www.farmtocafeteriacanada.ca\/2017\/10\/more-local-organic-food-in-quebec-institutions\/#primaryimage\",\"url\":\"https:\/\/www.farmtocafeteriacanada.ca\/wp-content\/uploads\/2014\/01\/Actu_lancement-CP-an-21.png\",\"contentUrl\":\"https:\/\/www.farmtocafeteriacanada.ca\/wp-content\/uploads\/2014\/01\/Actu_lancement-CP-an-21.png\",\"width\":854,\"height\":470},{\"@type\":\"BreadcrumbList\",\"@id\":\"https:\/\/www.farmtocafeteriacanada.ca\/2017\/10\/more-local-organic-food-in-quebec-institutions\/#breadcrumb\",\"itemListElement\":[{\"@type\":\"ListItem\",\"position\":1,\"name\":\"Home\",\"item\":\"https:\/\/www.farmtocafeteriacanada.ca\/fr\/accueil\/\"},{\"@type\":\"ListItem\",\"position\":2,\"name\":\"Plus d\u2019aliments locaux et biologiques dans les institutions du Qu\u00e9bec\u00a0!\"}]},{\"@type\":\"WebSite\",\"@id\":\"https:\/\/www.farmtocafeteriacanada.ca\/#website\",\"url\":\"https:\/\/www.farmtocafeteriacanada.ca\/\",\"name\":\"Farm to Cafeteria Canada\",\"description\":\"\",\"publisher\":{\"@id\":\"https:\/\/www.farmtocafeteriacanada.ca\/#organization\"},\"potentialAction\":[{\"@type\":\"SearchAction\",\"target\":{\"@type\":\"EntryPoint\",\"urlTemplate\":\"https:\/\/www.farmtocafeteriacanada.ca\/?s={search_term_string}\"},\"query-input\":{\"@type\":\"PropertyValueSpecification\",\"valueRequired\":true,\"valueName\":\"search_term_string\"}}],\"inLanguage\":\"fr-FR\"},{\"@type\":\"Organization\",\"@id\":\"https:\/\/www.farmtocafeteriacanada.ca\/#organization\",\"name\":\"Farm to Cafeteria Canada\",\"url\":\"https:\/\/www.farmtocafeteriacanada.ca\/\",\"logo\":{\"@type\":\"ImageObject\",\"inLanguage\":\"fr-FR\",\"@id\":\"https:\/\/www.farmtocafeteriacanada.ca\/#\/schema\/logo\/image\/\",\"url\":\"http:\/\/www.farmtocafeteriacanada.ca\/wp-content\/uploads\/2015\/03\/f2cc_logo_en2.png\",\"contentUrl\":\"http:\/\/www.farmtocafeteriacanada.ca\/wp-content\/uploads\/2015\/03\/f2cc_logo_en2.png\",\"width\":3000,\"height\":476,\"caption\":\"Farm to Cafeteria Canada\"},\"image\":{\"@id\":\"https:\/\/www.farmtocafeteriacanada.ca\/#\/schema\/logo\/image\/\"},\"sameAs\":[\"https:\/\/www.facebook.com\/groups\/FarmtocafeteriaCanada\/\",\"https:\/\/x.com\/Farm2Cafeteria\",\"https:\/\/www.youtube.com\/channel\/UCQjcYiICtAygShD3IwNsewQ\"]},{\"@type\":\"Person\",\"@id\":\"https:\/\/www.farmtocafeteriacanada.ca\/#\/schema\/person\/03c2a359a7f0c99b895e08c1e7056708\",\"name\":\"F2CC admin\",\"image\":{\"@type\":\"ImageObject\",\"inLanguage\":\"fr-FR\",\"@id\":\"https:\/\/www.farmtocafeteriacanada.ca\/#\/schema\/person\/image\/\",\"url\":\"https:\/\/secure.gravatar.com\/avatar\/c1ddaee9a55673d852314381577bb8198996fbef53c8e2320536bf543b7712b4?s=96&d=mm&r=g\",\"contentUrl\":\"https:\/\/secure.gravatar.com\/avatar\/c1ddaee9a55673d852314381577bb8198996fbef53c8e2320536bf543b7712b4?s=96&d=mm&r=g\",\"caption\":\"F2CC admin\"},\"url\":\"https:\/\/www.farmtocafeteriacanada.ca\/fr\/author\/tracey\/\"}]}<\/script>\n<!-- \/ Yoast SEO plugin. -->","yoast_head_json":{"title":"Plus d\u2019aliments locaux et biologiques dans les institutions du Qu\u00e9bec\u00a0! - Farm to Cafeteria Canada","robots":{"index":"index","follow":"follow","max-snippet":"max-snippet:-1","max-image-preview":"max-image-preview:large","max-video-preview":"max-video-preview:-1"},"canonical":"https:\/\/www.farmtocafeteriacanada.ca\/2017\/10\/more-local-organic-food-in-quebec-institutions\/","og_locale":"fr_FR","og_type":"article","og_title":"Plus d\u2019aliments locaux et biologiques dans les institutions du Qu\u00e9bec\u00a0! - Farm to Cafeteria Canada","og_description":"\u00c9quiterre est une organisation bas\u00e9e au Qu\u00e9bec qui propose des solutions concr\u00e8tes pour acc\u00e9l\u00e9rer la transition vers une soci\u00e9t\u00e9 o\u00f9 les citoyens, les organisations et les gouvernements font des choix \u00e9cologiques qui sont \u00e9galement sains et \u00e9quitables. Depuis sa cr\u00e9ation, \u00c9quiterre vise entre autres \u00e0 augmenter la consommation d\u2019aliments locaux et biologiques. Par la mise [&hellip;]","og_url":"https:\/\/www.farmtocafeteriacanada.ca\/2017\/10\/more-local-organic-food-in-quebec-institutions\/","og_site_name":"Farm to Cafeteria Canada","article_publisher":"https:\/\/www.facebook.com\/groups\/FarmtocafeteriaCanada\/","article_published_time":"2017-10-16T12:00:09+00:00","article_modified_time":"2020-08-03T15:30:06+00:00","og_image":[{"width":854,"height":470,"url":"https:\/\/www.farmtocafeteriacanada.ca\/wp-content\/uploads\/2014\/01\/Actu_lancement-CP-an-21.png","type":"image\/png"}],"author":"F2CC admin","twitter_card":"summary_large_image","twitter_creator":"@Farm2Cafeteria","twitter_site":"@Farm2Cafeteria","twitter_misc":{"\u00c9crit par":"F2CC admin","Dur\u00e9e de lecture estim\u00e9e":"3 minutes"},"schema":{"@context":"https:\/\/schema.org","@graph":[{"@type":"Article","@id":"https:\/\/www.farmtocafeteriacanada.ca\/2017\/10\/more-local-organic-food-in-quebec-institutions\/#article","isPartOf":{"@id":"https:\/\/www.farmtocafeteriacanada.ca\/2017\/10\/more-local-organic-food-in-quebec-institutions\/"},"author":{"name":"F2CC admin","@id":"https:\/\/www.farmtocafeteriacanada.ca\/#\/schema\/person\/03c2a359a7f0c99b895e08c1e7056708"},"headline":"Plus d\u2019aliments locaux et biologiques dans les institutions du Qu\u00e9bec\u00a0!","datePublished":"2017-10-16T12:00:09+00:00","dateModified":"2020-08-03T15:30:06+00:00","mainEntityOfPage":{"@id":"https:\/\/www.farmtocafeteriacanada.ca\/2017\/10\/more-local-organic-food-in-quebec-institutions\/"},"wordCount":536,"publisher":{"@id":"https:\/\/www.farmtocafeteriacanada.ca\/#organization"},"image":{"@id":"https:\/\/www.farmtocafeteriacanada.ca\/2017\/10\/more-local-organic-food-in-quebec-institutions\/#primaryimage"},"thumbnailUrl":"https:\/\/www.farmtocafeteriacanada.ca\/wp-content\/uploads\/2014\/01\/Actu_lancement-CP-an-21.png","keywords":["Aliments locaux","\u00c9cole primaire (M \u00e0 6)","\u00c9cole secondaire (9-12)","\u00c9tablissements de sant\u00e9","Qu\u00e9bec"],"articleSection":["De la ferme \u00e0 l\u2019\u00e9cole","Des nouvelles du r\u00e9seau","Fran\u00e7ais","Stories from the field"],"inLanguage":"fr-FR"},{"@type":"WebPage","@id":"https:\/\/www.farmtocafeteriacanada.ca\/2017\/10\/more-local-organic-food-in-quebec-institutions\/","url":"https:\/\/www.farmtocafeteriacanada.ca\/2017\/10\/more-local-organic-food-in-quebec-institutions\/","name":"Plus d\u2019aliments locaux et biologiques dans les institutions du Qu\u00e9bec\u00a0! - Farm to Cafeteria Canada","isPartOf":{"@id":"https:\/\/www.farmtocafeteriacanada.ca\/#website"},"primaryImageOfPage":{"@id":"https:\/\/www.farmtocafeteriacanada.ca\/2017\/10\/more-local-organic-food-in-quebec-institutions\/#primaryimage"},"image":{"@id":"https:\/\/www.farmtocafeteriacanada.ca\/2017\/10\/more-local-organic-food-in-quebec-institutions\/#primaryimage"},"thumbnailUrl":"https:\/\/www.farmtocafeteriacanada.ca\/wp-content\/uploads\/2014\/01\/Actu_lancement-CP-an-21.png","datePublished":"2017-10-16T12:00:09+00:00","dateModified":"2020-08-03T15:30:06+00:00","breadcrumb":{"@id":"https:\/\/www.farmtocafeteriacanada.ca\/2017\/10\/more-local-organic-food-in-quebec-institutions\/#breadcrumb"},"inLanguage":"fr-FR","potentialAction":[{"@type":"ReadAction","target":["https:\/\/www.farmtocafeteriacanada.ca\/2017\/10\/more-local-organic-food-in-quebec-institutions\/"]}]},{"@type":"ImageObject","inLanguage":"fr-FR","@id":"https:\/\/www.farmtocafeteriacanada.ca\/2017\/10\/more-local-organic-food-in-quebec-institutions\/#primaryimage","url":"https:\/\/www.farmtocafeteriacanada.ca\/wp-content\/uploads\/2014\/01\/Actu_lancement-CP-an-21.png","contentUrl":"https:\/\/www.farmtocafeteriacanada.ca\/wp-content\/uploads\/2014\/01\/Actu_lancement-CP-an-21.png","width":854,"height":470},{"@type":"BreadcrumbList","@id":"https:\/\/www.farmtocafeteriacanada.ca\/2017\/10\/more-local-organic-food-in-quebec-institutions\/#breadcrumb","itemListElement":[{"@type":"ListItem","position":1,"name":"Home","item":"https:\/\/www.farmtocafeteriacanada.ca\/fr\/accueil\/"},{"@type":"ListItem","position":2,"name":"Plus d\u2019aliments locaux et biologiques dans les institutions du Qu\u00e9bec\u00a0!"}]},{"@type":"WebSite","@id":"https:\/\/www.farmtocafeteriacanada.ca\/#website","url":"https:\/\/www.farmtocafeteriacanada.ca\/","name":"Farm to Cafeteria Canada","description":"","publisher":{"@id":"https:\/\/www.farmtocafeteriacanada.ca\/#organization"},"potentialAction":[{"@type":"SearchAction","target":{"@type":"EntryPoint","urlTemplate":"https:\/\/www.farmtocafeteriacanada.ca\/?s={search_term_string}"},"query-input":{"@type":"PropertyValueSpecification","valueRequired":true,"valueName":"search_term_string"}}],"inLanguage":"fr-FR"},{"@type":"Organization","@id":"https:\/\/www.farmtocafeteriacanada.ca\/#organization","name":"Farm to Cafeteria Canada","url":"https:\/\/www.farmtocafeteriacanada.ca\/","logo":{"@type":"ImageObject","inLanguage":"fr-FR","@id":"https:\/\/www.farmtocafeteriacanada.ca\/#\/schema\/logo\/image\/","url":"http:\/\/www.farmtocafeteriacanada.ca\/wp-content\/uploads\/2015\/03\/f2cc_logo_en2.png","contentUrl":"http:\/\/www.farmtocafeteriacanada.ca\/wp-content\/uploads\/2015\/03\/f2cc_logo_en2.png","width":3000,"height":476,"caption":"Farm to Cafeteria Canada"},"image":{"@id":"https:\/\/www.farmtocafeteriacanada.ca\/#\/schema\/logo\/image\/"},"sameAs":["https:\/\/www.facebook.com\/groups\/FarmtocafeteriaCanada\/","https:\/\/x.com\/Farm2Cafeteria","https:\/\/www.youtube.com\/channel\/UCQjcYiICtAygShD3IwNsewQ"]},{"@type":"Person","@id":"https:\/\/www.farmtocafeteriacanada.ca\/#\/schema\/person\/03c2a359a7f0c99b895e08c1e7056708","name":"F2CC admin","image":{"@type":"ImageObject","inLanguage":"fr-FR","@id":"https:\/\/www.farmtocafeteriacanada.ca\/#\/schema\/person\/image\/","url":"https:\/\/secure.gravatar.com\/avatar\/c1ddaee9a55673d852314381577bb8198996fbef53c8e2320536bf543b7712b4?s=96&d=mm&r=g","contentUrl":"https:\/\/secure.gravatar.com\/avatar\/c1ddaee9a55673d852314381577bb8198996fbef53c8e2320536bf543b7712b4?s=96&d=mm&r=g","caption":"F2CC admin"},"url":"https:\/\/www.farmtocafeteriacanada.ca\/fr\/author\/tracey\/"}]}},"_links":{"self":[{"href":"https:\/\/www.farmtocafeteriacanada.ca\/fr\/wp-json\/wp\/v2\/posts\/10940","targetHints":{"allow":["GET"]}}],"collection":[{"href":"https:\/\/www.farmtocafeteriacanada.ca\/fr\/wp-json\/wp\/v2\/posts"}],"about":[{"href":"https:\/\/www.farmtocafeteriacanada.ca\/fr\/wp-json\/wp\/v2\/types\/post"}],"author":[{"embeddable":true,"href":"https:\/\/www.farmtocafeteriacanada.ca\/fr\/wp-json\/wp\/v2\/users\/3"}],"replies":[{"embeddable":true,"href":"https:\/\/www.farmtocafeteriacanada.ca\/fr\/wp-json\/wp\/v2\/comments?post=10940"}],"version-history":[{"count":3,"href":"https:\/\/www.farmtocafeteriacanada.ca\/fr\/wp-json\/wp\/v2\/posts\/10940\/revisions"}],"predecessor-version":[{"id":20341,"href":"https:\/\/www.farmtocafeteriacanada.ca\/fr\/wp-json\/wp\/v2\/posts\/10940\/revisions\/20341"}],"wp:featuredmedia":[{"embeddable":true,"href":"https:\/\/www.farmtocafeteriacanada.ca\/fr\/wp-json\/wp\/v2\/media\/2988"}],"wp:attachment":[{"href":"https:\/\/www.farmtocafeteriacanada.ca\/fr\/wp-json\/wp\/v2\/media?parent=10940"}],"wp:term":[{"taxonomy":"category","embeddable":true,"href":"https:\/\/www.farmtocafeteriacanada.ca\/fr\/wp-json\/wp\/v2\/categories?post=10940"},{"taxonomy":"post_tag","embeddable":true,"href":"https:\/\/www.farmtocafeteriacanada.ca\/fr\/wp-json\/wp\/v2\/tags?post=10940"}],"curies":[{"name":"wp","href":"https:\/\/api.w.org\/{rel}","templated":true}]}}